{"id":4883,"date":"2022-03-25T17:32:41","date_gmt":"2022-03-25T17:32:41","guid":{"rendered":"https:\/\/virtual.cun.edu.co\/cemp\/?p=4883"},"modified":"2022-11-23T14:05:54","modified_gmt":"2022-11-23T14:05:54","slug":"el-camino-hacia-el-valor-compartido","status":"publish","type":"post","link":"https:\/\/virtual.cun.edu.co\/cemp\/2022\/03\/25\/el-camino-hacia-el-valor-compartido\/","title":{"rendered":"El camino hacia el valor compartido"},"content":{"rendered":"\t\t<div data-elementor-type=\"wp-post\" data-elementor-id=\"4883\" class=\"elementor elementor-4883\">\n\t\t\t\t\t\t\t\t\t<section class=\"elementor-section elementor-top-section elementor-element elementor-element-e0a18d4 elementor-section-boxed elementor-section-height-default elementor-section-height-default\" data-id=\"e0a18d4\" data-element_type=\"section\">\n\t\t\t\t\t\t<div class=\"elementor-container elementor-column-gap-default\">\n\t\t\t\t\t<div class=\"elementor-column elementor-col-100 elementor-top-column elementor-element elementor-element-c6aba29\" data-id=\"c6aba29\" data-element_type=\"column\">\n\t\t\t<div class=\"elementor-widget-wrap elementor-element-populated\">\n\t\t\t\t\t\t\t\t<div class=\"elementor-element elementor-element-4b2a68d elementor-widget elementor-widget-text-editor\" data-id=\"4b2a68d\" data-element_type=\"widget\" data-widget_type=\"text-editor.default\">\n\t\t\t\t<div class=\"elementor-widget-container\">\n\t\t\t\t\t\t\t<p><span style=\"font-weight: 400;\">Gran parte del \u00e9xito de emprendimientos y empresas consiste en tener claras sus metas a largo plazo y las formas de lograrlo. Dichas metas facilitan poder orientar y ejecutar las acciones t\u00e1cticas de manera adecuada.<\/span><\/p><p><span style=\"font-weight: 400;\">Hablando de metas, para llegar a ellas existe una expresi\u00f3n que dice <\/span><i><span style=\"font-weight: 400;\"><span style=\"color: #339966;\"><strong>\u201cle estoy pedaleando a \u2026\u201d<\/strong><\/span>,<\/span><\/i><span style=\"font-weight: 400;\"> pero contextualmente esta frase no se refiere a montar en bicicleta. Se trata de <\/span><i><span style=\"font-weight: 400;\">\u201cpedalearle\u201d<\/span><\/i><span style=\"font-weight: 400;\"> a ideas, a negocios, a proyectos, a la vida, a seguir adelante, para llegar a la meta y cumplir un prop\u00f3sito superior.<\/span><\/p><blockquote><p><span style=\"color: #339966;\"><em><strong>Como seres humanos nos conecta tener prop\u00f3sitos, tanto individuales como colectivos, de corto y largo plazo, rutinarios, profundos, triviales, etc.<\/strong><\/em><\/span><\/p><\/blockquote><p><span style=\"font-weight: 400;\">Tener un prop\u00f3sito es una mejor manera de trazar y planear el camino de los proyectos que, en el escenario empresarial, estar\u00e1n orientados a la creaci\u00f3n de valor compartido. En esencia, descubrir y establecer un prop\u00f3sito superior es el primer paso de una forma pr\u00e1ctica para conectar el progreso econ\u00f3mico y el progreso social, m\u00e1s all\u00e1 de las utilidades y el beneficio.<\/span><\/p><p><span style=\"font-weight: 400;\"><span style=\"color: #339966;\"><strong>Es clave identificar el prop\u00f3sito organizacional porque una vez definido se convierte en el motor que facilita poder aplicarlo.<\/strong><\/span> Con un prop\u00f3sito claro y motivador, se propicia un ambiente \u00f3ptimo para ponerlo en pr\u00e1ctica, reconcebir ideas en torno a productos y servicios, repensar elementos de la cadena de valor y la productividad, y establecer las redes de apoyo necesarias para garantizar la sostenibilidad.<\/span><\/p><p><span style=\"font-weight: 400;\">As\u00ed pues, tomar decisiones y aprovechar oportunidades para implementar acciones desde el prisma de la Creaci\u00f3n de Valor Compartido, implica conectar dicho prop\u00f3sito con la motivaci\u00f3n del equipo de trabajo que se encargar\u00e1 de ponerlo en pr\u00e1ctica en distintos momentos de la operaci\u00f3n de la empresa.<\/span><\/p><p><span style=\"font-weight: 400;\">Comunicar y conectar el prop\u00f3sito hace parte de los retos de los emprendedores y, a prop\u00f3sito de \u201cpedalear\u201d, al realizar una analog\u00eda entre una empresa y montar en bicicleta, puede resultar bastante \u00fatil para definir de manera simple la forma en que operan ciertos aspectos en la creaci\u00f3n de valor compartido alineados con las acciones empresariales.<\/span><\/p><p><span style=\"font-weight: 400;\">En un acercamiento inicial al mundo empresarial, al igual que al andar en bici, para conservar el <\/span><i><span style=\"font-weight: 400;\">equilibrio<\/span><\/i><span style=\"font-weight: 400;\"> hay que conservar el movimiento, y para mantener el movimiento hay que tener claro el destino y el camino que viene adelante. En este punto, aunque puedan ser un poco clich\u00e9s, surgen varias similitudes b\u00e1sicas que todo empresario o emprendedor deber\u00e1 encarar a lo largo del tiempo: el camino no siempre ser\u00e1 recto, ni plano, ni f\u00e1cil.<\/span><\/p><p><span style=\"font-weight: 400;\">Tomando un punto de vista m\u00e1s detallado para esta misma analog\u00eda, en lo que se refiere al prop\u00f3sito y el valor compartido, puede complementarse con la forma en la que lo cuenta <a href=\"http:\/\/mamagrande.org\/\">Mamagrande<\/a>. Esta analog\u00eda que hacen no solo es una forma muy bonita, sino que sin duda es una de esas analog\u00edas que dejan ense\u00f1anzas:<\/span><\/p><p><span style=\"font-weight: 400;\">Su concepto central propone que la llanta trasera es la encargada de generar el impulso, es decir, esas acciones empresariales que involucran el uso y generaci\u00f3n de recursos (all\u00ed tenemos recursos humanos, t\u00e9cnicos, financieros, tecnol\u00f3gicos, entre otros), mientras que la llanta delantera representa la forma en que se da direcci\u00f3n a dichos recursos alineados con el prop\u00f3sito (direccionar el impulso de manera constante hacia la meta).<\/span><\/p><p><span style=\"font-weight: 400;\">Adem\u00e1s de facilitar la forma de explicar, entender y conectar el prop\u00f3sito de una empresa con sus acciones de creaci\u00f3n de valor compartido, es una analog\u00eda muy pertinente para cualquier organizaci\u00f3n y de la cual adem\u00e1s cabe resaltar tres miradas:<\/span><\/p><ol><li><span style=\"font-weight: 400;\"> Lo ideal es pedalear en la marcha adecuada y en el momento adecuado. Invertir en el equipo resultar\u00e1 en una mejor forma de afrontar cada terreno y llegar al destino. No solo se trata de mejorar la bicicleta, los pi\u00f1ones, la indumentaria y dem\u00e1s. Tambi\u00e9n se trata de entender la importancia de tener m\u00e1s gente pedaleando hacia el mismo destino en un escenario de co &#8211; creaci\u00f3n, alianza y ayuda mutua.<\/span><\/li><li><span style=\"font-weight: 400;\"> Actitud y mentalidad. El escenario empresarial es un terreno mixto, cambiante y desafiante. Vale la pena tener la actitud para disfrutar el paisaje, recordar que hay que ser constante en los ascensos y precavido en los descensos (porque tambi\u00e9n hay que saber frenar).<\/span><\/li><li><span style=\"font-weight: 400;\"> Cuando el equipo tiene claro el destino se unir\u00e1 a la din\u00e1mica de pedaleo en la que crece la empresa, crecen las personas al interior de ella, y por efecto directo se beneficia el entorno.<\/span><\/li><\/ol><p><span style=\"font-weight: 400;\">Afortunadamente, al igual que existen teor\u00edas, t\u00e9cnicas y metodolog\u00edas para aprender a montar en bicicleta, existen distintas formas de identificar o mejorar la definici\u00f3n del prop\u00f3sito empresarial, seguidas de pr\u00e1cticas para implementar la creaci\u00f3n de valor compartido bajo narrativas que adem\u00e1s permitan involucrar al equipo no solo en la generaci\u00f3n de impulso, sino en la visualizaci\u00f3n de nuevas rutas y oportunidades para transitar el camino y llegar a las metas.<\/span><\/p><p><span style=\"font-weight: 400;\">Hora de refinar el prop\u00f3sito de tu emprendimiento y pedalear para sacarlo adelante. Si quieres seguir avanzando con tu emprendimiento y eres estudiante o docente CUNista, conoce un poco m\u00e1s de CUNBRE y sus etapas de acompa\u00f1amiento en<a href=\"https:\/\/bit.ly\/CUNBRE2022\"> este enlace<\/a><\/span><\/p>\t\t\t\t\t\t<\/div>\n\t\t\t\t<\/div>\n\t\t\t\t<div class=\"elementor-element elementor-element-bd726e8 elementor-widget elementor-widget-image\" data-id=\"bd726e8\" data-element_type=\"widget\" data-widget_type=\"image.default\">\n\t\t\t\t<div class=\"elementor-widget-container\">\n\t\t\t\t\t\t\t\t\t\t\t\t\t\t\t<img decoding=\"async\" src=\"https:\/\/virtual.cun.edu.co\/cemp\/wp-content\/uploads\/2021\/02\/MEGA-2.png\" title=\"\" alt=\"\" loading=\"lazy\" \/>\t\t\t\t\t\t\t\t\t\t\t\t\t\t\t<\/div>\n\t\t\t\t<\/div>\n\t\t\t\t\t<\/div>\n\t\t<\/div>\n\t\t\t\t\t\t\t<\/div>\n\t\t<\/section>\n\t\t\t\t<section class=\"elementor-section elementor-top-section elementor-element elementor-element-5168f70 elementor-section-boxed elementor-section-height-default elementor-section-height-default\" data-id=\"5168f70\" data-element_type=\"section\">\n\t\t\t\t\t\t<div class=\"elementor-container elementor-column-gap-default\">\n\t\t\t\t\t<div class=\"elementor-column elementor-col-100 elementor-top-column elementor-element elementor-element-46099b8\" data-id=\"46099b8\" data-element_type=\"column\">\n\t\t\t<div class=\"elementor-widget-wrap elementor-element-populated\">\n\t\t\t\t\t\t\t\t<div class=\"elementor-element elementor-element-5cbeb09 elementor-tabs-view-horizontal elementor-widget elementor-widget-tabs\" data-id=\"5cbeb09\" data-element_type=\"widget\" data-widget_type=\"tabs.default\">\n\t\t\t\t<div class=\"elementor-widget-container\">\n\t\t\t\t\t<div class=\"elementor-tabs\">\n\t\t\t<div class=\"elementor-tabs-wrapper\" role=\"tablist\" >\n\t\t\t\t\t\t\t\t\t<div id=\"elementor-tab-title-9721\" class=\"elementor-tab-title elementor-tab-desktop-title\" aria-selected=\"true\" data-tab=\"1\" role=\"tab\" tabindex=\"0\" aria-controls=\"elementor-tab-content-9721\" aria-expanded=\"false\">AUTOR<\/div>\n\t\t\t\t\t\t\t<\/div>\n\t\t\t<div class=\"elementor-tabs-content-wrapper\" role=\"tablist\" aria-orientation=\"vertical\">\n\t\t\t\t\t\t\t\t\t<div class=\"elementor-tab-title elementor-tab-mobile-title\" aria-selected=\"true\" data-tab=\"1\" role=\"tab\" tabindex=\"0\" aria-controls=\"elementor-tab-content-9721\" aria-expanded=\"false\">AUTOR<\/div>\n\t\t\t\t\t<div id=\"elementor-tab-content-9721\" class=\"elementor-tab-content elementor-clearfix\" data-tab=\"1\" role=\"tabpanel\" aria-labelledby=\"elementor-tab-title-9721\" tabindex=\"0\" hidden=\"false\"><p style=\"text-align: center;\"><img decoding=\"async\" loading=\"lazy\" class=\"alignnone size-medium wp-image-2093\" src=\"https:\/\/virtual.cun.edu.co\/cemp\/wp-content\/uploads\/2022\/03\/Camilo-Quiceno.png\" alt=\"\" width=\"300\" height=\"300\" \/><\/p>\n<p style=\"text-align: center;\">Ju\u00e1n C\u00e1milo Quiceno Aguirre<\/p><\/div>\n\t\t\t\t\t\t\t<\/div>\n\t\t<\/div>\n\t\t\t\t<\/div>\n\t\t\t\t<\/div>\n\t\t\t\t<div class=\"elementor-element elementor-element-4fda0e6 elementor-align-center elementor-widget elementor-widget-button\" data-id=\"4fda0e6\" data-element_type=\"widget\" data-widget_type=\"button.default\">\n\t\t\t\t<div class=\"elementor-widget-container\">\n\t\t\t\t\t<div class=\"elementor-button-wrapper\">\n\t\t\t<a class=\"elementor-button elementor-size-sm\" role=\"button\">\n\t\t\t\t\t\t<span class=\"elementor-button-content-wrapper\">\n\t\t\t\t\t\t<span class=\"elementor-button-text\">PERFIL<\/span>\n\t\t<\/span>\n\t\t\t\t\t<\/a>\n\t\t<\/div>\n\t\t\t\t<\/div>\n\t\t\t\t<\/div>\n\t\t\t\t\t<\/div>\n\t\t<\/div>\n\t\t\t\t\t\t\t<\/div>\n\t\t<\/section>\n\t\t\t\t\t\t\t<\/div>\n\t\t","protected":false},"excerpt":{"rendered":"<p>Uno de los momentos claves de la planeaci\u00f3n ocurre cuando se logra alinear las acciones empresariales con el prop\u00f3sito de la empresa, aquello conocido como Creaci\u00f3n de valor Compartido.<\/p>\n","protected":false},"author":1,"featured_media":4884,"comment_status":"open","ping_status":"open","sticky":false,"template":"","format":"standard","meta":[],"categories":[10],"tags":[18,33,35,34],"_links":{"self":[{"href":"https:\/\/virtual.cun.edu.co\/cemp\/wp-json\/wp\/v2\/posts\/4883"}],"collection":[{"href":"https:\/\/virtual.cun.edu.co\/cemp\/wp-json\/wp\/v2\/posts"}],"about":[{"href":"https:\/\/virtual.cun.edu.co\/cemp\/wp-json\/wp\/v2\/types\/post"}],"author":[{"embeddable":true,"href":"https:\/\/virtual.cun.edu.co\/cemp\/wp-json\/wp\/v2\/users\/1"}],"replies":[{"embeddable":true,"href":"https:\/\/virtual.cun.edu.co\/cemp\/wp-json\/wp\/v2\/comments?post=4883"}],"version-history":[{"count":11,"href":"https:\/\/virtual.cun.edu.co\/cemp\/wp-json\/wp\/v2\/posts\/4883\/revisions"}],"predecessor-version":[{"id":5028,"href":"https:\/\/virtual.cun.edu.co\/cemp\/wp-json\/wp\/v2\/posts\/4883\/revisions\/5028"}],"wp:featuredmedia":[{"embeddable":true,"href":"https:\/\/virtual.cun.edu.co\/cemp\/wp-json\/wp\/v2\/media\/4884"}],"wp:attachment":[{"href":"https:\/\/virtual.cun.edu.co\/cemp\/wp-json\/wp\/v2\/media?parent=4883"}],"wp:term":[{"taxonomy":"category","embeddable":true,"href":"https:\/\/virtual.cun.edu.co\/cemp\/wp-json\/wp\/v2\/categories?post=4883"},{"taxonomy":"post_tag","embeddable":true,"href":"https:\/\/virtual.cun.edu.co\/cemp\/wp-json\/wp\/v2\/tags?post=4883"}],"curies":[{"name":"wp","href":"https:\/\/api.w.org\/{rel}","templated":true}]}}