{"id":3758,"date":"2021-02-26T11:00:20","date_gmt":"2021-02-26T11:00:20","guid":{"rendered":"https:\/\/virtual.cun.edu.co\/cemp\/?p=3758"},"modified":"2021-02-26T20:48:17","modified_gmt":"2021-02-26T20:48:17","slug":"mega-mas-que-una-utopia-empresarial","status":"publish","type":"post","link":"https:\/\/virtual.cun.edu.co\/cemp\/2021\/02\/26\/mega-mas-que-una-utopia-empresarial\/","title":{"rendered":"MEGA, M\u00c1S QUE UNA UTOP\u00cdA EMPRESARIAL"},"content":{"rendered":"\t\t<div data-elementor-type=\"wp-post\" data-elementor-id=\"3758\" class=\"elementor elementor-3758\">\n\t\t\t\t\t\t\t\t\t<section class=\"elementor-section elementor-top-section elementor-element elementor-element-e0a18d4 elementor-section-boxed elementor-section-height-default elementor-section-height-default\" data-id=\"e0a18d4\" data-element_type=\"section\">\n\t\t\t\t\t\t<div class=\"elementor-container elementor-column-gap-default\">\n\t\t\t\t\t<div class=\"elementor-column elementor-col-100 elementor-top-column elementor-element elementor-element-c6aba29\" data-id=\"c6aba29\" data-element_type=\"column\">\n\t\t\t<div class=\"elementor-widget-wrap elementor-element-populated\">\n\t\t\t\t\t\t\t\t<div class=\"elementor-element elementor-element-4b2a68d elementor-widget elementor-widget-text-editor\" data-id=\"4b2a68d\" data-element_type=\"widget\" data-widget_type=\"text-editor.default\">\n\t\t\t\t<div class=\"elementor-widget-container\">\n\t\t\t\t\t\t\t<p>En el mundo de la planeaci\u00f3n estrat\u00e9gica es importante intentar descifrar el futuro, m\u00e1s cuando se es due\u00f1o o l\u00edder en un emprendimiento o negocio. Analizar los factores externos y su influencia en cualquiera de los contextos empresariales, determinando el grado de impacto que generan las tendencias para de esta forma, reconocer las necesidades de la corporaci\u00f3n, organizaci\u00f3n, empresa, sociedad\u2026\u00a0 etc. Es claro que los usuarios, consumidores o clientes cada d\u00eda exigen m\u00e1s del mercado; cambios, transformaciones, lanzamientos y otras alternativas comerciales no les satisface durante un tiempo prolongado, es por ello que las empresas deben comprometerse con el p\u00fablico para optimizar en excelencia sus productos y servicios. En este art\u00edculo se buscar\u00e1 explicar un elemento que para algunas organizaciones pasa por irrelevante, pero que sin lugar a dudas encierra una proyecci\u00f3n deseada; este es conocido dentro de la planeaci\u00f3n estrat\u00e9gica como MEGA, aqu\u00ed se establecer\u00e1 la definici\u00f3n basada en la bibliograf\u00eda disponible y adicional a ello, se expondr\u00e1n algunos inconvenientes que presentan las organizaciones actuales, las condiciones y componentes que exige la mega y, para cerrar, la importancia de articular al personal en pro del objetivo.\u00a0<\/p><p><span style=\"color: #5bbce6;\">El t\u00e9rmino establecido como MEGA se refiere a Meta Ganadora y Audaz;<\/span> hace parte de uno de los elementos de la filosof\u00eda organizacional junto con la misi\u00f3n, la visi\u00f3n y los valores corporativos. <span style=\"color: #5bbce6;\">La visi\u00f3n y la MEGA pueden ser t\u00e9rminos con referencias similares, sin embargo, la visi\u00f3n compone un objetivo que se espera lograr en un futuro mientras que la MEGA hace referencia a un escenario ideal, el mayor logro que se puede alcanzar, superando incluso los objetivos planeados en otras estrategias o planes de desarrollo y, aunque es ambiciosa, encuentra factores que pueden generar resultados trascendentales para su cumplimiento.<\/span><\/p><p>Desafortunadamente, en la actualidad la planeaci\u00f3n estrat\u00e9gica y la filosof\u00eda organizacional no se desarrollan de la manera correcta por tres aspectos: primero, la planeaci\u00f3n solo est\u00e1 orientada a elevar la productividad o rentabilidad de la compa\u00f1\u00eda y los intereses que tiene la misma; es como un ejercicio narcisista que\u00a0<span style=\"font-size: 16px; background-color: transparent;\">impide ver la relevancia de los contextos que rodean y que interfieren en la <\/span><span style=\"font-size: 16px; background-color: transparent;\">organizaci\u00f3n. Segundo, los colaboradores no tienen claridad frente al plan de <\/span><span style=\"font-size: 16px; background-color: transparent;\">mejora y desconocen complemente su rol en \u00e9l; este punto genera alta <\/span><span style=\"font-size: 16px; background-color: transparent;\">preocupaci\u00f3n ya que el ideal de todo mecanismo o m\u00e9todo de mejora debe <\/span><span style=\"font-size: 16px; background-color: transparent;\">vincular el concepto de Sociedad de Valor Agregado; estimando el grado de <\/span><span style=\"font-size: 16px; background-color: transparent;\">influencia o impacto que generan cada uno de los participantes de la empresa. Por <\/span><span style=\"font-size: 16px; background-color: transparent;\">\u00faltimo, encierra \u00fanicamente lo conceptual y te\u00f3rico, siendo este expuesto a\u00f1o tras <\/span><span style=\"font-size: 16px; background-color: transparent;\">a\u00f1o sin generar ning\u00fan tipo de actividad que garantice tal prop\u00f3sito (Gerson, <\/span><span style=\"font-size: 16px; background-color: transparent;\">2019) .<\/span><\/p>\t\t\t\t\t\t<\/div>\n\t\t\t\t<\/div>\n\t\t\t\t<div class=\"elementor-element elementor-element-bd726e8 elementor-widget elementor-widget-image\" data-id=\"bd726e8\" data-element_type=\"widget\" data-widget_type=\"image.default\">\n\t\t\t\t<div class=\"elementor-widget-container\">\n\t\t\t\t\t\t\t\t\t\t\t\t\t\t\t<img decoding=\"async\" src=\"https:\/\/virtual.cun.edu.co\/cemp\/wp-content\/uploads\/2021\/02\/MEGA-2.png\" title=\"\" alt=\"\" loading=\"lazy\" \/>\t\t\t\t\t\t\t\t\t\t\t\t\t\t\t<\/div>\n\t\t\t\t<\/div>\n\t\t\t\t<div class=\"elementor-element elementor-element-1f750f8 elementor-widget elementor-widget-text-editor\" data-id=\"1f750f8\" data-element_type=\"widget\" data-widget_type=\"text-editor.default\">\n\t\t\t\t<div class=\"elementor-widget-container\">\n\t\t\t\t\t\t\t<p>Para crear la MEGA como un proceso proactivo que imponga liderazgo en ejecuci\u00f3n y gesti\u00f3n de seguimiento se han determinado m\u00e9todos o mecanismos que permiten a los participantes o colaboradores articularse en torno a la mega planeaci\u00f3n y a su vez, cumplir con una serie de condiciones para finalmente tener un plan coherente con los puntos fuertes y los sectores de mejora de la compa\u00f1\u00eda; all\u00ed tambi\u00e9n se resaltan los impactos que generan las operaciones actuales prediciendo de acuerdo al comportamiento del sector donde estar\u00eda la influencia en los clientes externos en un futuro. E<span style=\"color: #5bbce6;\">l problema de algunas organizaciones es que implementan t\u00e1cticas estrat\u00e9gicas reactivas; es decir, que su nivel de proyecci\u00f3n no contemplaba ciertos fen\u00f3menos o algunas tendencias que ocurren dentro y fuera del mercado, por ende, la transformaci\u00f3n o cambio en sus objetivos debe ser inmediata y radical.\u00a0<\/span><\/p><p>La MEGA debe exhibir en su dise\u00f1o las ventajas que tiene la compa\u00f1\u00eda frente a la competencia o el valor diferenciador que esta le genera a la comunidad; es m\u00e1s, debe concientizar a los participantes de que su rol, actividades y metas van dirigidas al cumplimiento de la meta ganadora. En ella se establecen algunas condiciones como ser alcanzable en el tiempo, enfocada y motivadora para los colaboradores, ambiciosa y, por \u00faltimo, encontrarse articulada a la ideolog\u00eda o filosof\u00eda organizacional. Seg\u00fan un Blog Web este elemento est\u00e1 constituido por<br \/>tres partes esenciales \u2018objetivo audaz, definici\u00f3n del entorno y horizonte de tiempo\u2019 (Com, 2015) .<\/p><p>En s\u00edntesis, la meta ganadora audaz puede ser un recurso empresarial que destaque todas aquellas fortalezas que posee la organizaci\u00f3n; <span style=\"color: #5bbce6;\">para conseguirlo se deben recurrir a m\u00e9todos adecuados que eval\u00faen el nivel de compromiso de los trabajadores\/as;<\/span> uno de ellos es la prueba Assessment que identifica las habilidades y competencias de las personas para una labor espec\u00edfica. <span style=\"color: #5bbce6;\">La MEGA representa un ideal colectivo que muestra la importancia de la labor de los colaboradores y la motivaci\u00f3n de los mismos, por ello exige una ideolog\u00eda clara, orientada a los procesos, al resultado y alcance de metas concretas en la cual el participante relacione su actividad a ella. M\u00e1s que un lema, es una visi\u00f3n cuantitativa; <\/span>una vez es alcanzada se reeval\u00faa y se reinventa para que los retos sigan generando valores agregados tanto a nivel humano como a nivel corporativo, recordemos lo que bien dijo Jim Collins; una figura relevante en el mundo de los negocios: \u2018Una gran visi\u00f3n sin grandes personas es irrelevante\u2019.<\/p>\t\t\t\t\t\t<\/div>\n\t\t\t\t<\/div>\n\t\t\t\t\t<\/div>\n\t\t<\/div>\n\t\t\t\t\t\t\t<\/div>\n\t\t<\/section>\n\t\t\t\t<section class=\"elementor-section elementor-top-section elementor-element elementor-element-5168f70 elementor-section-boxed elementor-section-height-default elementor-section-height-default\" data-id=\"5168f70\" data-element_type=\"section\">\n\t\t\t\t\t\t<div class=\"elementor-container elementor-column-gap-default\">\n\t\t\t\t\t<div class=\"elementor-column elementor-col-100 elementor-top-column elementor-element elementor-element-46099b8\" data-id=\"46099b8\" data-element_type=\"column\">\n\t\t\t<div class=\"elementor-widget-wrap elementor-element-populated\">\n\t\t\t\t\t\t\t\t<div class=\"elementor-element elementor-element-5cbeb09 elementor-tabs-view-horizontal elementor-widget elementor-widget-tabs\" data-id=\"5cbeb09\" data-element_type=\"widget\" data-widget_type=\"tabs.default\">\n\t\t\t\t<div class=\"elementor-widget-container\">\n\t\t\t\t\t<div class=\"elementor-tabs\">\n\t\t\t<div class=\"elementor-tabs-wrapper\" role=\"tablist\" >\n\t\t\t\t\t\t\t\t\t<div id=\"elementor-tab-title-9721\" class=\"elementor-tab-title elementor-tab-desktop-title\" aria-selected=\"true\" data-tab=\"1\" role=\"tab\" tabindex=\"0\" aria-controls=\"elementor-tab-content-9721\" aria-expanded=\"false\">AUTOR<\/div>\n\t\t\t\t\t\t\t\t\t<div id=\"elementor-tab-title-9722\" class=\"elementor-tab-title elementor-tab-desktop-title\" aria-selected=\"false\" data-tab=\"2\" role=\"tab\" tabindex=\"-1\" aria-controls=\"elementor-tab-content-9722\" aria-expanded=\"false\">PERFIL PROFESIONAL<\/div>\n\t\t\t\t\t\t\t<\/div>\n\t\t\t<div class=\"elementor-tabs-content-wrapper\" role=\"tablist\" aria-orientation=\"vertical\">\n\t\t\t\t\t\t\t\t\t<div class=\"elementor-tab-title elementor-tab-mobile-title\" aria-selected=\"true\" data-tab=\"1\" role=\"tab\" tabindex=\"0\" aria-controls=\"elementor-tab-content-9721\" aria-expanded=\"false\">AUTOR<\/div>\n\t\t\t\t\t<div id=\"elementor-tab-content-9721\" class=\"elementor-tab-content elementor-clearfix\" data-tab=\"1\" role=\"tabpanel\" aria-labelledby=\"elementor-tab-title-9721\" tabindex=\"0\" hidden=\"false\"><p style=\"text-align: center;\"><img decoding=\"async\" loading=\"lazy\" class=\"alignnone size-medium wp-image-2093\" src=\"https:\/\/virtual.cun.edu.co\/cemp\/wp-content\/uploads\/2020\/11\/16-300x300.png\" alt=\"\" width=\"300\" height=\"300\" \/><\/p><p style=\"text-align: center;\">Karem Moreno Sep\u00falveda<\/p><\/div>\n\t\t\t\t\t\t\t\t\t<div class=\"elementor-tab-title elementor-tab-mobile-title\" aria-selected=\"false\" data-tab=\"2\" role=\"tab\" tabindex=\"-1\" aria-controls=\"elementor-tab-content-9722\" aria-expanded=\"false\">PERFIL PROFESIONAL<\/div>\n\t\t\t\t\t<div id=\"elementor-tab-content-9722\" class=\"elementor-tab-content elementor-clearfix\" data-tab=\"2\" role=\"tabpanel\" aria-labelledby=\"elementor-tab-title-9722\" tabindex=\"0\" hidden=\"hidden\"><p><span class=\"lt-line-clamp__line\">Profesional en Comunicaci\u00f3n y especialista de mercadeo en proceso. Apasionada por la radio y entusiasta por el<\/span>\u00a0<span class=\"lt-line-clamp__line\">Marketing y desarrollo empresarial, con conocimientos b\u00e1sicos de edici\u00f3n de v\u00eddeo, imagen y audio, amante de la<\/span>\u00a0<span class=\"lt-line-clamp__line lt-line-clamp__line--last\">planeaci\u00f3n y generaci\u00f3n de estrategias comunicativas, desarrolladora de proyectos de innovaci\u00f3n empresarial.<\/span><\/p><\/div>\n\t\t\t\t\t\t\t<\/div>\n\t\t<\/div>\n\t\t\t\t<\/div>\n\t\t\t\t<\/div>\n\t\t\t\t<div class=\"elementor-element elementor-element-4fda0e6 elementor-align-center elementor-widget elementor-widget-button\" data-id=\"4fda0e6\" data-element_type=\"widget\" data-widget_type=\"button.default\">\n\t\t\t\t<div class=\"elementor-widget-container\">\n\t\t\t\t\t<div class=\"elementor-button-wrapper\">\n\t\t\t<a href=\"https:\/\/www.linkedin.com\/in\/karem-moreno-sep%C3%BAlveda-227492176\/\" class=\"elementor-button-link elementor-button elementor-size-sm\" role=\"button\">\n\t\t\t\t\t\t<span class=\"elementor-button-content-wrapper\">\n\t\t\t\t\t\t<span class=\"elementor-button-text\">PERFIL<\/span>\n\t\t<\/span>\n\t\t\t\t\t<\/a>\n\t\t<\/div>\n\t\t\t\t<\/div>\n\t\t\t\t<\/div>\n\t\t\t\t\t<\/div>\n\t\t<\/div>\n\t\t\t\t\t\t\t<\/div>\n\t\t<\/section>\n\t\t\t\t\t\t\t<\/div>\n\t\t","protected":false},"excerpt":{"rendered":"<p>En el mundo de la planeaci\u00f3n estrat\u00e9gica es importante intentar descifrar el futuro, m\u00e1s cuando se es due\u00f1o o l\u00edder en un emprendimiento o negocio. Analizar los factores externos y su influencia en cualquiera de los contextos empresariales, determinando el grado de impacto que generan las tendencias para de esta forma, reconocer las necesidades de [&hellip;]<\/p>\n","protected":false},"author":1,"featured_media":0,"comment_status":"open","ping_status":"open","sticky":false,"template":"","format":"standard","meta":[],"categories":[1],"tags":[],"_links":{"self":[{"href":"https:\/\/virtual.cun.edu.co\/cemp\/wp-json\/wp\/v2\/posts\/3758"}],"collection":[{"href":"https:\/\/virtual.cun.edu.co\/cemp\/wp-json\/wp\/v2\/posts"}],"about":[{"href":"https:\/\/virtual.cun.edu.co\/cemp\/wp-json\/wp\/v2\/types\/post"}],"author":[{"embeddable":true,"href":"https:\/\/virtual.cun.edu.co\/cemp\/wp-json\/wp\/v2\/users\/1"}],"replies":[{"embeddable":true,"href":"https:\/\/virtual.cun.edu.co\/cemp\/wp-json\/wp\/v2\/comments?post=3758"}],"version-history":[{"count":0,"href":"https:\/\/virtual.cun.edu.co\/cemp\/wp-json\/wp\/v2\/posts\/3758\/revisions"}],"wp:attachment":[{"href":"https:\/\/virtual.cun.edu.co\/cemp\/wp-json\/wp\/v2\/media?parent=3758"}],"wp:term":[{"taxonomy":"category","embeddable":true,"href":"https:\/\/virtual.cun.edu.co\/cemp\/wp-json\/wp\/v2\/categories?post=3758"},{"taxonomy":"post_tag","embeddable":true,"href":"https:\/\/virtual.cun.edu.co\/cemp\/wp-json\/wp\/v2\/tags?post=3758"}],"curies":[{"name":"wp","href":"https:\/\/api.w.org\/{rel}","templated":true}]}}