{"id":3750,"date":"2021-02-25T11:00:53","date_gmt":"2021-02-25T11:00:53","guid":{"rendered":"https:\/\/virtual.cun.edu.co\/cemp\/?p=3750"},"modified":"2021-02-24T19:39:29","modified_gmt":"2021-02-24T19:39:29","slug":"emprendimiento-formacion-en-la-vida-o-para-la-vida","status":"publish","type":"post","link":"https:\/\/virtual.cun.edu.co\/cemp\/2021\/02\/25\/emprendimiento-formacion-en-la-vida-o-para-la-vida\/","title":{"rendered":"EMPRENDIMIENTO \u00bfFORMACI\u00d3N EN LA VIDA O PARA LA VIDA?"},"content":{"rendered":"\t\t<div data-elementor-type=\"wp-post\" data-elementor-id=\"3750\" class=\"elementor elementor-3750\">\n\t\t\t\t\t\t\t\t\t<section class=\"elementor-section elementor-top-section elementor-element elementor-element-36a25a9 elementor-section-boxed elementor-section-height-default elementor-section-height-default\" data-id=\"36a25a9\" data-element_type=\"section\">\n\t\t\t\t\t\t<div class=\"elementor-container elementor-column-gap-default\">\n\t\t\t\t\t<div class=\"elementor-column elementor-col-100 elementor-top-column elementor-element elementor-element-8522179\" data-id=\"8522179\" data-element_type=\"column\">\n\t\t\t<div class=\"elementor-widget-wrap elementor-element-populated\">\n\t\t\t\t\t\t\t\t<div class=\"elementor-element elementor-element-d0af2ec elementor-widget elementor-widget-text-editor\" data-id=\"d0af2ec\" data-element_type=\"widget\" data-widget_type=\"text-editor.default\">\n\t\t\t\t<div class=\"elementor-widget-container\">\n\t\t\t\t\t\t\t<p>Los escenarios de emprendimiento en las Instituciones de Educaci\u00f3n Superior hacen alusi\u00f3n a la frase <span style=\"color: #5bbce6;\">\u201cEducar en la vida o educar para la vida\u201d<\/span> del pedagogo Freire, P. (2005); puesto que, para lograr la transformaci\u00f3n social<br \/>desde la formaci\u00f3n profesional se han relacionado las competencias del mundo laboral y el conocimiento pr\u00e1ctico con las metodolog\u00edas educativas planteadas por las unidades de proyecci\u00f3n social en las IES enfocadas en el aporte a las problem\u00e1ticas sociales y el desarrollo sostenible de las regiones.<\/p><p>Sin embargo, <span style=\"color: #5bbce6;\">la necesidad de ajustar la propuesta curricular de emprendimiento a las necesidades inmediatas de cada regi\u00f3n hace que los contenidos te\u00f3ricos trabajados por los docentes no se relacionen inmediatamente con el contexto real de los estudiantes<\/span> y en muchas ocasiones no sean tenidos en cuenta como componente de formaci\u00f3n requerido ante las demandas sociales y culturales, perdiendo as\u00ed el centro de inter\u00e9s como una modalidad educativa de tendencia.<\/p><p>Los estudios de caso hacen parte del conjunto de estrategias de ense\u00f1anza \u2013 aprendizaje caracter\u00edstico de los procesos de formaci\u00f3n en emprendimiento y desde all\u00ed, los docentes han trabajado por significar la importancia de desarrollar habilidades que contribuyan por ejemplo: al tema de desempleo, planeaci\u00f3n estrat\u00e9gica, proyecto de vida, competitividad, educaci\u00f3n financiera, entre otros. Sin embargo, la percepci\u00f3n de los estudiantes coincide en un desconocimiento de los objetivos de los cursos y relacionan sus contenidos como un aspecto de obligatoriedad.<\/p><p><span style=\"color: #5bbce6;\">As\u00ed pues, los casos exitosos de emprendimiento se convierten en la herramienta fundamental para captar y capturar el inter\u00e9s de los estudiantes respecto a la viabilidad y oportunidad de generar ideas de negocios<\/span>. Teniendo en cuenta que es necesario continuar con la discusi\u00f3n sobre la innovaci\u00f3n pedag\u00f3gica desde la construcci\u00f3n curricular, comparto en \u00e9sta publicaci\u00f3n la visi\u00f3n de \u201cEducaci\u00f3n Productiva\u201d que han promocionado las hermanas Carvajalino, quienes consideran que los contenidos que realmente necesitan las comunidades educativas en todas las instituciones y niveles son el emprendimiento, la inteligencia financiera y habilidades tecnol\u00f3gicas, aspectos desde los cuales trabajan su proyecto de emprendimiento de capacitaciones directas offline, a las cuales la educaci\u00f3n formal deber\u00eda estar prestando atenci\u00f3n.<\/p>\t\t\t\t\t\t<\/div>\n\t\t\t\t<\/div>\n\t\t\t\t\t<\/div>\n\t\t<\/div>\n\t\t\t\t\t\t\t<\/div>\n\t\t<\/section>\n\t\t\t\t<section class=\"elementor-section elementor-top-section elementor-element elementor-element-829a163 elementor-section-boxed elementor-section-height-default elementor-section-height-default\" data-id=\"829a163\" data-element_type=\"section\">\n\t\t\t\t\t\t<div class=\"elementor-container elementor-column-gap-default\">\n\t\t\t\t\t<div class=\"elementor-column elementor-col-100 elementor-top-column elementor-element elementor-element-bd98a4f\" data-id=\"bd98a4f\" data-element_type=\"column\">\n\t\t\t<div class=\"elementor-widget-wrap elementor-element-populated\">\n\t\t\t\t\t\t\t\t<div class=\"elementor-element elementor-element-512682d elementor-widget elementor-widget-video\" data-id=\"512682d\" data-element_type=\"widget\" data-settings=\"{&quot;youtube_url&quot;:&quot;https:\\\/\\\/www.youtube.com\\\/watch?v=I4-C891MJ6A&amp;ab_channel=TEDxTalks&quot;,&quot;video_type&quot;:&quot;youtube&quot;,&quot;controls&quot;:&quot;yes&quot;}\" data-widget_type=\"video.default\">\n\t\t\t\t<div class=\"elementor-widget-container\">\n\t\t\t\t\t<div class=\"elementor-wrapper elementor-open-inline\">\n\t\t\t<div class=\"elementor-video\"><\/div>\t\t<\/div>\n\t\t\t\t<\/div>\n\t\t\t\t<\/div>\n\t\t\t\t\t<\/div>\n\t\t<\/div>\n\t\t\t\t\t\t\t<\/div>\n\t\t<\/section>\n\t\t\t\t<section class=\"elementor-section elementor-top-section elementor-element elementor-element-45dbd36 elementor-section-boxed elementor-section-height-default elementor-section-height-default\" data-id=\"45dbd36\" data-element_type=\"section\">\n\t\t\t\t\t\t<div class=\"elementor-container elementor-column-gap-default\">\n\t\t\t\t\t<div class=\"elementor-column elementor-col-100 elementor-top-column elementor-element elementor-element-01cdc9b\" data-id=\"01cdc9b\" data-element_type=\"column\">\n\t\t\t<div class=\"elementor-widget-wrap elementor-element-populated\">\n\t\t\t\t\t\t\t\t<div class=\"elementor-element elementor-element-9f72c5b elementor-tabs-view-horizontal elementor-widget elementor-widget-tabs\" data-id=\"9f72c5b\" data-element_type=\"widget\" data-widget_type=\"tabs.default\">\n\t\t\t\t<div class=\"elementor-widget-container\">\n\t\t\t\t\t<div class=\"elementor-tabs\">\n\t\t\t<div class=\"elementor-tabs-wrapper\" role=\"tablist\" >\n\t\t\t\t\t\t\t\t\t<div id=\"elementor-tab-title-1671\" class=\"elementor-tab-title elementor-tab-desktop-title\" aria-selected=\"true\" data-tab=\"1\" role=\"tab\" tabindex=\"0\" aria-controls=\"elementor-tab-content-1671\" aria-expanded=\"false\">AUTOR<\/div>\n\t\t\t\t\t\t\t\t\t<div id=\"elementor-tab-title-1672\" class=\"elementor-tab-title elementor-tab-desktop-title\" aria-selected=\"false\" data-tab=\"2\" role=\"tab\" tabindex=\"-1\" aria-controls=\"elementor-tab-content-1672\" aria-expanded=\"false\">PERFIL PROFESIONAL<\/div>\n\t\t\t\t\t\t\t<\/div>\n\t\t\t<div class=\"elementor-tabs-content-wrapper\" role=\"tablist\" aria-orientation=\"vertical\">\n\t\t\t\t\t\t\t\t\t<div class=\"elementor-tab-title elementor-tab-mobile-title\" aria-selected=\"true\" data-tab=\"1\" role=\"tab\" tabindex=\"0\" aria-controls=\"elementor-tab-content-1671\" aria-expanded=\"false\">AUTOR<\/div>\n\t\t\t\t\t<div id=\"elementor-tab-content-1671\" class=\"elementor-tab-content elementor-clearfix\" data-tab=\"1\" role=\"tabpanel\" aria-labelledby=\"elementor-tab-title-1671\" tabindex=\"0\" hidden=\"false\"><p style=\"text-align: center;\"><img decoding=\"async\" loading=\"lazy\" class=\"alignnone size-medium wp-image-2174\" src=\"https:\/\/virtual.cun.edu.co\/cemp\/wp-content\/uploads\/2020\/11\/14-300x300.png\" alt=\"\" width=\"300\" height=\"300\" \/><\/p><p style=\"text-align: center;\">Lizedh Mart\u00ednez<\/p><\/div>\n\t\t\t\t\t\t\t\t\t<div class=\"elementor-tab-title elementor-tab-mobile-title\" aria-selected=\"false\" data-tab=\"2\" role=\"tab\" tabindex=\"-1\" aria-controls=\"elementor-tab-content-1672\" aria-expanded=\"false\">PERFIL PROFESIONAL<\/div>\n\t\t\t\t\t<div id=\"elementor-tab-content-1672\" class=\"elementor-tab-content elementor-clearfix\" data-tab=\"2\" role=\"tabpanel\" aria-labelledby=\"elementor-tab-title-1672\" tabindex=\"0\" hidden=\"hidden\"><p style=\"text-align: center;\"><span class=\"lt-line-clamp__raw-line\">Experiencia laboral en el sector p\u00fablico y privado. Ha desarrollado conocimientos en:<br \/>&#8211; Dise\u00f1o de planes de formaci\u00f3n dirigidos a docentes y estudiantes<br \/>&#8211; Consultor\u00eda y contacto externo con empresarios para el fortalecimiento de pr\u00e1cticas profesionales<br \/>&#8211; Experiencia y gesti\u00f3n en educaci\u00f3n superior con \u00e9nfasis en bienestar estudiantil, proyecci\u00f3n social, emprendimiento e innovaci\u00f3n<br \/>&#8211; Revisi\u00f3n a pertinencia de mallas curriculares, dise\u00f1o instruccional, autoevaluaci\u00f3n de programas y elaboraci\u00f3n de documentos maestros<br \/>&#8211; Experiencia en orientaci\u00f3n y acompa\u00f1amiento a estudiantes en la gesti\u00f3n de proyectos de emprendimiento e innovaci\u00f3n, a partir del enfoque de psicolog\u00eda y gesti\u00f3n del conocimiento<br \/>&#8211; Se ha desempe\u00f1ado en cargos como orientador psicosocial, psicopedagoga, mentora, l\u00edder de \u00e1rea bienestar estudiantil, l\u00edder de pr\u00e1cticas profesionales y docencia universitaria<\/span>\u00a0<\/p><\/div>\n\t\t\t\t\t\t\t<\/div>\n\t\t<\/div>\n\t\t\t\t<\/div>\n\t\t\t\t<\/div>\n\t\t\t\t<div class=\"elementor-element elementor-element-dab6427 elementor-align-center elementor-widget elementor-widget-button\" data-id=\"dab6427\" data-element_type=\"widget\" data-widget_type=\"button.default\">\n\t\t\t\t<div class=\"elementor-widget-container\">\n\t\t\t\t\t<div class=\"elementor-button-wrapper\">\n\t\t\t<a href=\"https:\/\/www.linkedin.com\/in\/lizedh-mart%C3%ADnez-p%C3%A1ez-141240176\/\" class=\"elementor-button-link elementor-button elementor-size-sm\" role=\"button\">\n\t\t\t\t\t\t<span class=\"elementor-button-content-wrapper\">\n\t\t\t\t\t\t<span class=\"elementor-button-text\">PERFIL<\/span>\n\t\t<\/span>\n\t\t\t\t\t<\/a>\n\t\t<\/div>\n\t\t\t\t<\/div>\n\t\t\t\t<\/div>\n\t\t\t\t\t<\/div>\n\t\t<\/div>\n\t\t\t\t\t\t\t<\/div>\n\t\t<\/section>\n\t\t\t\t\t\t\t<\/div>\n\t\t","protected":false},"excerpt":{"rendered":"<p>Los escenarios de emprendimiento en las Instituciones de Educaci\u00f3n Superior hacen alusi\u00f3n a la frase \u201cEducar en la vida o educar para la vida\u201d del pedagogo Freire, P. (2005); puesto que, para lograr la transformaci\u00f3n social desde la formaci\u00f3n profesional se han relacionado las competencias del mundo laboral y el conocimiento pr\u00e1ctico con las metodolog\u00edas [&hellip;]<\/p>\n","protected":false},"author":1,"featured_media":0,"comment_status":"open","ping_status":"open","sticky":false,"template":"","format":"standard","meta":[],"categories":[1],"tags":[],"_links":{"self":[{"href":"https:\/\/virtual.cun.edu.co\/cemp\/wp-json\/wp\/v2\/posts\/3750"}],"collection":[{"href":"https:\/\/virtual.cun.edu.co\/cemp\/wp-json\/wp\/v2\/posts"}],"about":[{"href":"https:\/\/virtual.cun.edu.co\/cemp\/wp-json\/wp\/v2\/types\/post"}],"author":[{"embeddable":true,"href":"https:\/\/virtual.cun.edu.co\/cemp\/wp-json\/wp\/v2\/users\/1"}],"replies":[{"embeddable":true,"href":"https:\/\/virtual.cun.edu.co\/cemp\/wp-json\/wp\/v2\/comments?post=3750"}],"version-history":[{"count":0,"href":"https:\/\/virtual.cun.edu.co\/cemp\/wp-json\/wp\/v2\/posts\/3750\/revisions"}],"wp:attachment":[{"href":"https:\/\/virtual.cun.edu.co\/cemp\/wp-json\/wp\/v2\/media?parent=3750"}],"wp:term":[{"taxonomy":"category","embeddable":true,"href":"https:\/\/virtual.cun.edu.co\/cemp\/wp-json\/wp\/v2\/categories?post=3750"},{"taxonomy":"post_tag","embeddable":true,"href":"https:\/\/virtual.cun.edu.co\/cemp\/wp-json\/wp\/v2\/tags?post=3750"}],"curies":[{"name":"wp","href":"https:\/\/api.w.org\/{rel}","templated":true}]}}