{"id":3698,"date":"2021-02-18T11:00:22","date_gmt":"2021-02-18T11:00:22","guid":{"rendered":"https:\/\/virtual.cun.edu.co\/cemp\/?p=3698"},"modified":"2021-02-18T21:42:16","modified_gmt":"2021-02-18T21:42:16","slug":"las-megatendencias-y-el-sector-empresarial","status":"publish","type":"post","link":"https:\/\/virtual.cun.edu.co\/cemp\/2021\/02\/18\/las-megatendencias-y-el-sector-empresarial\/","title":{"rendered":"LAS MEGATENDENCIAS Y EL SECTOR EMPRESARIAL"},"content":{"rendered":"\t\t<div data-elementor-type=\"wp-post\" data-elementor-id=\"3698\" class=\"elementor elementor-3698\">\n\t\t\t\t\t\t\t\t\t<section class=\"elementor-section elementor-top-section elementor-element elementor-element-9c14b80 elementor-section-boxed elementor-section-height-default elementor-section-height-default\" data-id=\"9c14b80\" data-element_type=\"section\">\n\t\t\t\t\t\t<div class=\"elementor-container elementor-column-gap-default\">\n\t\t\t\t\t<div class=\"elementor-column elementor-col-100 elementor-top-column elementor-element elementor-element-13961da\" data-id=\"13961da\" data-element_type=\"column\">\n\t\t\t<div class=\"elementor-widget-wrap elementor-element-populated\">\n\t\t\t\t\t\t\t\t<div class=\"elementor-element elementor-element-5c9403a elementor-widget elementor-widget-text-editor\" data-id=\"5c9403a\" data-element_type=\"widget\" data-widget_type=\"text-editor.default\">\n\t\t\t\t<div class=\"elementor-widget-container\">\n\t\t\t\t\t\t\t<p>El avance constante de la tecnolog\u00eda nos hace replantear diariamente el modo de realizar y ejecutar algunas actividades en cada uno de los entornos donde el ser humano es participante activo; las transformaciones que se han emitido con las distintas revoluciones actuales en el contexto educativo, ambiental y en el empresarial han permitido generar o modificar los procesos para bien sea facilitar el acceso y uni\u00f3n o, optimizar procesos y reducir el tiempo de las mismos. Lo relevante de cada una de estas tendencias es que son renovadas de acuerdo a la revoluci\u00f3n tecno-digital y al comportamiento de los seres humanos en medio de ellas. Este art\u00edculo buscar\u00e1 de manera breve definir el concepto y analizarlo en el entorno empresarial debido a la trascendencia que tienen estas frente a los mercados.<\/p>\n<p>Ahora bien, el t\u00e9rmino \u2018Megatendencia\u2019 puede comprenderse como&#8230;<\/p>\t\t\t\t\t\t<\/div>\n\t\t\t\t<\/div>\n\t\t\t\t\t<\/div>\n\t\t<\/div>\n\t\t\t\t\t\t\t<\/div>\n\t\t<\/section>\n\t\t\t\t<section class=\"elementor-section elementor-top-section elementor-element elementor-element-e3ea168 elementor-section-boxed elementor-section-height-default elementor-section-height-default\" data-id=\"e3ea168\" data-element_type=\"section\">\n\t\t\t\t\t\t<div class=\"elementor-container elementor-column-gap-default\">\n\t\t\t\t\t<div class=\"elementor-column elementor-col-100 elementor-top-column elementor-element elementor-element-e44db11\" data-id=\"e44db11\" data-element_type=\"column\">\n\t\t\t<div class=\"elementor-widget-wrap elementor-element-populated\">\n\t\t\t\t\t\t\t\t<div class=\"elementor-element elementor-element-63f044c elementor-widget elementor-widget-heading\" data-id=\"63f044c\" data-element_type=\"widget\" data-widget_type=\"heading.default\">\n\t\t\t\t<div class=\"elementor-widget-container\">\n\t\t\t<h2 class=\"elementor-heading-title elementor-size-large\">\u2018un conjunto\nde aspectos de la sociedad y del entorno que se dirigen inexorablemente hacia\nuna direcci\u00f3n, transformando los comportamientos, los valores y los h\u00e1bitos de\nconsumo, cuyo impacto es global y de largo plazo\u2019 \n(FINECT, 2019) .<\/h2>\t\t<\/div>\n\t\t\t\t<\/div>\n\t\t\t\t\t<\/div>\n\t\t<\/div>\n\t\t\t\t\t\t\t<\/div>\n\t\t<\/section>\n\t\t\t\t<section class=\"elementor-section elementor-top-section elementor-element elementor-element-c11640b elementor-section-boxed elementor-section-height-default elementor-section-height-default\" data-id=\"c11640b\" data-element_type=\"section\">\n\t\t\t\t\t\t<div class=\"elementor-container elementor-column-gap-default\">\n\t\t\t\t\t<div class=\"elementor-column elementor-col-100 elementor-top-column elementor-element elementor-element-5919f45\" data-id=\"5919f45\" data-element_type=\"column\">\n\t\t\t<div class=\"elementor-widget-wrap elementor-element-populated\">\n\t\t\t\t\t\t\t\t<div class=\"elementor-element elementor-element-d736569 elementor-widget elementor-widget-text-editor\" data-id=\"d736569\" data-element_type=\"widget\" data-widget_type=\"text-editor.default\">\n\t\t\t\t<div class=\"elementor-widget-container\">\n\t\t\t\t\t\t\t<p>En pocas palabras, se trata de la suma de algunos factores que logran en la sociedad una alteraci\u00f3n, apareciendo algunos modelos que redefinan o reconstruyan las condiciones del futuro.<\/p><p>Las megatendencias impactan a todos los pa\u00edses, es por ello que aquellos que componen el denominado tercer mundo o subdesarrollo tienen que realizar planes de mejora en los contextos que son transformados con el prop\u00f3sito de no quedarse atr\u00e1s. Como columna vertebral de estos cambios se encuentra la evoluci\u00f3n tecnol\u00f3gica o la incursi\u00f3n del Internet de las Cosas; el cual propone cambios sobre los modelos antiguos.<span style=\"color: #5bbce6;\"> En el caso del sector empresarial las mec\u00e1nicas de transformaci\u00f3n del servicio, la optimizaci\u00f3n de los sectores productivos, el manejo y contacto de los aliados estrat\u00e9gicos, la atenci\u00f3n al\u00a0<span style=\"font-size: 16px; background-color: transparent;\">cliente\/usuario y muchos m\u00e1s aspectos han sido renovados cumpliendo con los\u00a0<\/span><span style=\"font-size: 16px; background-color: transparent;\">est\u00e1ndares nuevos.<\/span><\/span><\/p><p>De acuerdo con un peri\u00f3dico de Guatemala, todas las necesidades del mercado, el alcance de su \u00e9xito, las exigencias de las empresas y las habilidades que requieren para implementar en su pr\u00e1ctica u operaci\u00f3n se orientan al conocimiento y manejo de las herramientas digitales. Por otra parte, estas alternativas digitales han potenciado la generaci\u00f3n de nuevos proyectos de empresariales en edades tempranas; con la inserci\u00f3n del internet a la vida cotidiana y su acompa\u00f1amiento al proceso de crecimiento, muchos j\u00f3venes asumen retos y afrontan situaciones que les permite crear organizaciones y grupos corporativos capaces de generar productos alternativos frente a los que ofrece el mercado.<\/p>\t\t\t\t\t\t<\/div>\n\t\t\t\t<\/div>\n\t\t\t\t\t<\/div>\n\t\t<\/div>\n\t\t\t\t\t\t\t<\/div>\n\t\t<\/section>\n\t\t\t\t<section class=\"elementor-section elementor-top-section elementor-element elementor-element-ba9604a elementor-section-boxed elementor-section-height-default elementor-section-height-default\" data-id=\"ba9604a\" data-element_type=\"section\">\n\t\t\t\t\t\t<div class=\"elementor-container elementor-column-gap-default\">\n\t\t\t\t\t<div class=\"elementor-column elementor-col-100 elementor-top-column elementor-element elementor-element-922f056\" data-id=\"922f056\" data-element_type=\"column\">\n\t\t\t<div class=\"elementor-widget-wrap elementor-element-populated\">\n\t\t\t\t\t\t\t\t<div class=\"elementor-element elementor-element-bfcd852 elementor-widget elementor-widget-image\" data-id=\"bfcd852\" data-element_type=\"widget\" data-widget_type=\"image.default\">\n\t\t\t\t<div class=\"elementor-widget-container\">\n\t\t\t\t\t\t\t\t\t\t\t\t\t\t\t<img decoding=\"async\" src=\"https:\/\/virtual.cun.edu.co\/cemp\/wp-content\/uploads\/2021\/02\/EMPRESA-1.png\" title=\"\" alt=\"\" loading=\"lazy\" \/>\t\t\t\t\t\t\t\t\t\t\t\t\t\t\t<\/div>\n\t\t\t\t<\/div>\n\t\t\t\t\t<\/div>\n\t\t<\/div>\n\t\t\t\t\t\t\t<\/div>\n\t\t<\/section>\n\t\t\t\t<section class=\"elementor-section elementor-top-section elementor-element elementor-element-efd0b78 elementor-section-boxed elementor-section-height-default elementor-section-height-default\" data-id=\"efd0b78\" data-element_type=\"section\">\n\t\t\t\t\t\t<div class=\"elementor-container elementor-column-gap-default\">\n\t\t\t\t\t<div class=\"elementor-column elementor-col-100 elementor-top-column elementor-element elementor-element-5ed55a1\" data-id=\"5ed55a1\" data-element_type=\"column\">\n\t\t\t<div class=\"elementor-widget-wrap elementor-element-populated\">\n\t\t\t\t\t\t\t\t<div class=\"elementor-element elementor-element-c970fcf elementor-widget elementor-widget-text-editor\" data-id=\"c970fcf\" data-element_type=\"widget\" data-widget_type=\"text-editor.default\">\n\t\t\t\t<div class=\"elementor-widget-container\">\n\t\t\t\t\t\t\t<p>Con pa\u00edses como China e india y con el surgimiento de estas tendencias, las empresas y corporaciones deben observar atentamente los modelos establecidos para el desenvolvimiento de cada \u00e1rea, encontrando planes para instaurarlos, siendo flexibles en el mercado y creando una visi\u00f3n de prospectiva constructiva para el futuro. En cuanto nuevos empleados; bien sea de las multinacionales u otras empresas de gran auge en la econom\u00eda de cada pa\u00eds, los aspectos importantes para ellos a la hora de asumir un cargo se centran en el nombre de la empresa, su posici\u00f3n ante el mundo (mercado) y en los logros que se pueden alcanzar aceptando las responsabilidades de este.<\/p><p>Cada sector asumir\u00e1 que con el transcurso del tiempo todo incrementar\u00e1 su valor y potencialmente su rendimiento; sin embargo, no hay ninguna cifra establecida porque no se percibe el \u00edndice o el factor evolutivo que permee el entorno empresarial en 3 o 5 a\u00f1os. Al mismo tiempo, se desconoce el tiempo de recuperaci\u00f3n corporativa pos pandemia, pero esto no significa que no haya alternativas de ejecuci\u00f3n y que no se puedan crear nuevas formas; al contrario, de este tipo de situaciones surgen las ideas m\u00e1s innovadoras y creativas. <span style=\"color: #5bbce6;\">Si el gerente o l\u00edder de una organizaci\u00f3n analiza detenidamente aspectos como: cambio y evoluci\u00f3n; atendiendo a la volatilidad emprendedora y empresarial, a las nuevas oportunidades de negocio, lo referente a innovar con los recursos, el hecho de mitigar o acabar con las desigualdades y, por \u00faltimo, proyectar el futuro del trabajo (Esposito, 2018) , tendr\u00e1 elementos importantes para\u00a0<span style=\"font-size: 16px; background-color: transparent;\">ser disruptivos dentro de su sector y dentro del mercado, logrando prevalecer y construir\u00a0<\/span><span style=\"font-size: 16px; background-color: transparent;\">alternativas frente a las imposibilidades que va planteando cada contexto.<\/span><\/span><\/p>\t\t\t\t\t\t<\/div>\n\t\t\t\t<\/div>\n\t\t\t\t\t<\/div>\n\t\t<\/div>\n\t\t\t\t\t\t\t<\/div>\n\t\t<\/section>\n\t\t\t\t<section class=\"elementor-section elementor-top-section elementor-element elementor-element-746c107 elementor-section-boxed elementor-section-height-default elementor-section-height-default\" data-id=\"746c107\" data-element_type=\"section\">\n\t\t\t\t\t\t<div class=\"elementor-container elementor-column-gap-default\">\n\t\t\t\t\t<div class=\"elementor-column elementor-col-100 elementor-top-column elementor-element elementor-element-d26ffe1\" data-id=\"d26ffe1\" data-element_type=\"column\">\n\t\t\t<div class=\"elementor-widget-wrap elementor-element-populated\">\n\t\t\t\t\t\t\t\t<div class=\"elementor-element elementor-element-a9c0761 elementor-tabs-view-horizontal elementor-widget elementor-widget-tabs\" data-id=\"a9c0761\" data-element_type=\"widget\" data-widget_type=\"tabs.default\">\n\t\t\t\t<div class=\"elementor-widget-container\">\n\t\t\t\t\t<div class=\"elementor-tabs\">\n\t\t\t<div class=\"elementor-tabs-wrapper\" role=\"tablist\" >\n\t\t\t\t\t\t\t\t\t<div id=\"elementor-tab-title-1771\" class=\"elementor-tab-title elementor-tab-desktop-title\" aria-selected=\"true\" data-tab=\"1\" role=\"tab\" tabindex=\"0\" aria-controls=\"elementor-tab-content-1771\" aria-expanded=\"false\">AUTOR<\/div>\n\t\t\t\t\t\t\t\t\t<div id=\"elementor-tab-title-1772\" class=\"elementor-tab-title elementor-tab-desktop-title\" aria-selected=\"false\" data-tab=\"2\" role=\"tab\" tabindex=\"-1\" aria-controls=\"elementor-tab-content-1772\" aria-expanded=\"false\">PERFIL PROFESIONAL<\/div>\n\t\t\t\t\t\t\t<\/div>\n\t\t\t<div class=\"elementor-tabs-content-wrapper\" role=\"tablist\" aria-orientation=\"vertical\">\n\t\t\t\t\t\t\t\t\t<div class=\"elementor-tab-title elementor-tab-mobile-title\" aria-selected=\"true\" data-tab=\"1\" role=\"tab\" tabindex=\"0\" aria-controls=\"elementor-tab-content-1771\" aria-expanded=\"false\">AUTOR<\/div>\n\t\t\t\t\t<div id=\"elementor-tab-content-1771\" class=\"elementor-tab-content elementor-clearfix\" data-tab=\"1\" role=\"tabpanel\" aria-labelledby=\"elementor-tab-title-1771\" tabindex=\"0\" hidden=\"false\"><p style=\"text-align: center;\"><img decoding=\"async\" loading=\"lazy\" class=\"alignnone size-medium wp-image-2093\" src=\"https:\/\/virtual.cun.edu.co\/cemp\/wp-content\/uploads\/2020\/11\/16-300x300.png\" alt=\"\" width=\"300\" height=\"300\" \/><\/p><p style=\"text-align: center;\">Karem J. Moreno Sep\u00falveda<\/p><\/div>\n\t\t\t\t\t\t\t\t\t<div class=\"elementor-tab-title elementor-tab-mobile-title\" aria-selected=\"false\" data-tab=\"2\" role=\"tab\" tabindex=\"-1\" aria-controls=\"elementor-tab-content-1772\" aria-expanded=\"false\">PERFIL PROFESIONAL<\/div>\n\t\t\t\t\t<div id=\"elementor-tab-content-1772\" class=\"elementor-tab-content elementor-clearfix\" data-tab=\"2\" role=\"tabpanel\" aria-labelledby=\"elementor-tab-title-1772\" tabindex=\"0\" hidden=\"hidden\"><p style=\"text-align: center;\"><span class=\"lt-line-clamp__line\">Profesional en Comunicaci\u00f3n y especialista de mercadeo en proceso. Apasionada por la radio y entusiasta por el<\/span>\u00a0<span class=\"lt-line-clamp__line\">Marketing y desarrollo empresarial, con conocimientos b\u00e1sicos de edici\u00f3n de v\u00eddeo, imagen y audio, amante de la<\/span>\u00a0<span class=\"lt-line-clamp__line lt-line-clamp__line--last\">planeaci\u00f3n y generaci\u00f3n de estrategias comunicativas, desarrolladora de proyectos de innovaci\u00f3n empresarial.<\/span>\u00a0<\/p><\/div>\n\t\t\t\t\t\t\t<\/div>\n\t\t<\/div>\n\t\t\t\t<\/div>\n\t\t\t\t<\/div>\n\t\t\t\t<div class=\"elementor-element elementor-element-9630662 elementor-align-center elementor-widget elementor-widget-button\" data-id=\"9630662\" data-element_type=\"widget\" data-widget_type=\"button.default\">\n\t\t\t\t<div class=\"elementor-widget-container\">\n\t\t\t\t\t<div class=\"elementor-button-wrapper\">\n\t\t\t<a href=\"https:\/\/www.linkedin.com\/in\/karem-moreno-sep%C3%BAlveda-227492176\/\" class=\"elementor-button-link elementor-button elementor-size-sm\" role=\"button\">\n\t\t\t\t\t\t<span class=\"elementor-button-content-wrapper\">\n\t\t\t\t\t\t<span class=\"elementor-button-text\">PERFIL<\/span>\n\t\t<\/span>\n\t\t\t\t\t<\/a>\n\t\t<\/div>\n\t\t\t\t<\/div>\n\t\t\t\t<\/div>\n\t\t\t\t\t<\/div>\n\t\t<\/div>\n\t\t\t\t\t\t\t<\/div>\n\t\t<\/section>\n\t\t\t\t\t\t\t<\/div>\n\t\t","protected":false},"excerpt":{"rendered":"<p>El avance constante de la tecnolog\u00eda nos hace replantear diariamente el modo de realizar y ejecutar algunas actividades en cada uno de los entornos donde el ser humano es participante activo; las transformaciones que se han emitido con las distintas revoluciones actuales en el contexto educativo, ambiental y en el empresarial han permitido generar o [&hellip;]<\/p>\n","protected":false},"author":1,"featured_media":0,"comment_status":"open","ping_status":"open","sticky":false,"template":"","format":"standard","meta":[],"categories":[1],"tags":[],"_links":{"self":[{"href":"https:\/\/virtual.cun.edu.co\/cemp\/wp-json\/wp\/v2\/posts\/3698"}],"collection":[{"href":"https:\/\/virtual.cun.edu.co\/cemp\/wp-json\/wp\/v2\/posts"}],"about":[{"href":"https:\/\/virtual.cun.edu.co\/cemp\/wp-json\/wp\/v2\/types\/post"}],"author":[{"embeddable":true,"href":"https:\/\/virtual.cun.edu.co\/cemp\/wp-json\/wp\/v2\/users\/1"}],"replies":[{"embeddable":true,"href":"https:\/\/virtual.cun.edu.co\/cemp\/wp-json\/wp\/v2\/comments?post=3698"}],"version-history":[{"count":0,"href":"https:\/\/virtual.cun.edu.co\/cemp\/wp-json\/wp\/v2\/posts\/3698\/revisions"}],"wp:attachment":[{"href":"https:\/\/virtual.cun.edu.co\/cemp\/wp-json\/wp\/v2\/media?parent=3698"}],"wp:term":[{"taxonomy":"category","embeddable":true,"href":"https:\/\/virtual.cun.edu.co\/cemp\/wp-json\/wp\/v2\/categories?post=3698"},{"taxonomy":"post_tag","embeddable":true,"href":"https:\/\/virtual.cun.edu.co\/cemp\/wp-json\/wp\/v2\/tags?post=3698"}],"curies":[{"name":"wp","href":"https:\/\/api.w.org\/{rel}","templated":true}]}}