{"id":3686,"date":"2021-02-17T11:00:32","date_gmt":"2021-02-17T11:00:32","guid":{"rendered":"https:\/\/virtual.cun.edu.co\/cemp\/?p=3686"},"modified":"2021-02-18T20:16:00","modified_gmt":"2021-02-18T20:16:00","slug":"reflexiones-finales-frente-al-trabajo-infantil","status":"publish","type":"post","link":"https:\/\/virtual.cun.edu.co\/cemp\/2021\/02\/17\/reflexiones-finales-frente-al-trabajo-infantil\/","title":{"rendered":"REFLEXIONES FINALES FRENTE AL TRABAJO INFANTIL"},"content":{"rendered":"\t\t<div data-elementor-type=\"wp-post\" data-elementor-id=\"3686\" class=\"elementor elementor-3686\">\n\t\t\t\t\t\t\t\t\t<section class=\"elementor-section elementor-top-section elementor-element elementor-element-ece09cb elementor-section-boxed elementor-section-height-default elementor-section-height-default\" data-id=\"ece09cb\" data-element_type=\"section\">\n\t\t\t\t\t\t<div class=\"elementor-container elementor-column-gap-default\">\n\t\t\t\t\t<div class=\"elementor-column elementor-col-100 elementor-top-column elementor-element elementor-element-daefb0a\" data-id=\"daefb0a\" data-element_type=\"column\">\n\t\t\t<div class=\"elementor-widget-wrap elementor-element-populated\">\n\t\t\t\t\t\t\t\t<div class=\"elementor-element elementor-element-5e5140d elementor-widget elementor-widget-text-editor\" data-id=\"5e5140d\" data-element_type=\"widget\" data-widget_type=\"text-editor.default\">\n\t\t\t\t<div class=\"elementor-widget-container\">\n\t\t\t\t\t\t\t<p>La formaci\u00f3n art\u00edstica, cultural y deportiva, es un factor determinante para el buen uso del tiempo libre de los ni\u00f1os, ni\u00f1as y adolescentes-NNA, debido a que los aleja de situaciones de riesgo como el pandillismo, cadenas de microtr\u00e1fico, trabajo infantil o de incurrir en conductas punibles que comprometan su desarrollo y futuro.<\/p><p>De esta forma, entre las acciones para combatir el trabajo infantiles, el cual aparece en Colombia como un riesgo percibido, m\u00e1s no como una problem\u00e1tica que a\u00fan persiste, se debe partir de la ampliaci\u00f3n a la cobertura en las actividades y programas que actualmente son ofrecidos, a la vez que se fomenta su descentralizaci\u00f3n y se generan estrategias diferenciales en las zonas rurales y en la poblaci\u00f3n vulnerable que habita los municipios m\u00e1s apartados de pa\u00eds. Lo anterior, con el fin de <span style=\"color: #5bbce6;\">generar acciones que se orienten en la disminuci\u00f3n de la desigualdad presente entre la oferta rural y urbana, que no permiten el cierre de brechas socioecon\u00f3micas.<\/span><\/p><p>Estos esfuerzos deben planearse desde el trabajo colaborativo, que involucre a los sectores gubernamentales, educativos y empresariales, este \u00faltimo se puede vincular desde su responsabilidad social. As\u00ed, la articulaci\u00f3n, busca generar mayores beneficios en favor de la proyecci\u00f3n e implementaci\u00f3n de estrategias, por medio de la sinergia que se genera al propender soluciones puntuales y unificadas (Pandoja, 2013).<\/p><p>Finalmente, se resalta que uno de los desaf\u00edos m\u00e1s importantes al ahondar el tema del trabajo infantil, es<span style=\"color: #5bbce6;\"> fomentar el compromiso por parte de las empresas privadas en la generaci\u00f3n de alianzas de responsabilidad social con el sector p\u00fablico, con el fin de garantizar la continuidad de los proyectos en el tiempo y generar el trabajo en red, m\u00e1s all\u00e1 de la vigencia de una pol\u00edtica p\u00fablica, un cambio de administraci\u00f3n.<\/span><\/p>\t\t\t\t\t\t<\/div>\n\t\t\t\t<\/div>\n\t\t\t\t\t<\/div>\n\t\t<\/div>\n\t\t\t\t\t\t\t<\/div>\n\t\t<\/section>\n\t\t\t\t<section class=\"elementor-section elementor-top-section elementor-element elementor-element-5fcb59c elementor-section-boxed elementor-section-height-default elementor-section-height-default\" data-id=\"5fcb59c\" data-element_type=\"section\">\n\t\t\t\t\t\t<div class=\"elementor-container elementor-column-gap-default\">\n\t\t\t\t\t<div class=\"elementor-column elementor-col-100 elementor-top-column elementor-element elementor-element-d5e4597\" data-id=\"d5e4597\" data-element_type=\"column\">\n\t\t\t<div class=\"elementor-widget-wrap elementor-element-populated\">\n\t\t\t\t\t\t\t\t<div class=\"elementor-element elementor-element-a036d85 elementor-tabs-view-horizontal elementor-widget elementor-widget-tabs\" data-id=\"a036d85\" data-element_type=\"widget\" data-widget_type=\"tabs.default\">\n\t\t\t\t<div class=\"elementor-widget-container\">\n\t\t\t\t\t<div class=\"elementor-tabs\">\n\t\t\t<div class=\"elementor-tabs-wrapper\" role=\"tablist\" >\n\t\t\t\t\t\t\t\t\t<div id=\"elementor-tab-title-1671\" class=\"elementor-tab-title elementor-tab-desktop-title\" aria-selected=\"true\" data-tab=\"1\" role=\"tab\" tabindex=\"0\" aria-controls=\"elementor-tab-content-1671\" aria-expanded=\"false\">AUTOR<\/div>\n\t\t\t\t\t\t\t<\/div>\n\t\t\t<div class=\"elementor-tabs-content-wrapper\" role=\"tablist\" aria-orientation=\"vertical\">\n\t\t\t\t\t\t\t\t\t<div class=\"elementor-tab-title elementor-tab-mobile-title\" aria-selected=\"true\" data-tab=\"1\" role=\"tab\" tabindex=\"0\" aria-controls=\"elementor-tab-content-1671\" aria-expanded=\"false\">AUTOR<\/div>\n\t\t\t\t\t<div id=\"elementor-tab-content-1671\" class=\"elementor-tab-content elementor-clearfix\" data-tab=\"1\" role=\"tabpanel\" aria-labelledby=\"elementor-tab-title-1671\" tabindex=\"0\" hidden=\"false\"><p style=\"text-align: center;\"><img decoding=\"async\" loading=\"lazy\" class=\"alignnone size-medium wp-image-2132\" src=\"https:\/\/virtual.cun.edu.co\/cemp\/wp-content\/uploads\/2020\/11\/10-300x300.png\" alt=\"\" width=\"300\" height=\"300\" \/><\/p><p style=\"text-align: center;\">Oscar Mauricio G\u00f3mez Miranda<\/p><\/div>\n\t\t\t\t\t\t\t<\/div>\n\t\t<\/div>\n\t\t\t\t<\/div>\n\t\t\t\t<\/div>\n\t\t\t\t<div class=\"elementor-element elementor-element-5a6f3c1 elementor-align-center elementor-widget elementor-widget-button\" data-id=\"5a6f3c1\" data-element_type=\"widget\" data-widget_type=\"button.default\">\n\t\t\t\t<div class=\"elementor-widget-container\">\n\t\t\t\t\t<div class=\"elementor-button-wrapper\">\n\t\t\t<a href=\"https:\/\/www.linkedin.com\/in\/oscar-mauricio-g%C3%B3mez-miranda-0ba63276\/\" class=\"elementor-button-link elementor-button elementor-size-sm\" role=\"button\">\n\t\t\t\t\t\t<span class=\"elementor-button-content-wrapper\">\n\t\t\t\t\t\t<span class=\"elementor-button-text\">PERFIL<\/span>\n\t\t<\/span>\n\t\t\t\t\t<\/a>\n\t\t<\/div>\n\t\t\t\t<\/div>\n\t\t\t\t<\/div>\n\t\t\t\t\t<\/div>\n\t\t<\/div>\n\t\t\t\t\t\t\t<\/div>\n\t\t<\/section>\n\t\t\t\t\t\t\t<\/div>\n\t\t","protected":false},"excerpt":{"rendered":"<p>La formaci\u00f3n art\u00edstica, cultural y deportiva, es un factor determinante para el buen uso del tiempo libre de los ni\u00f1os, ni\u00f1as y adolescentes-NNA, debido a que los aleja de situaciones de riesgo como el pandillismo, cadenas de microtr\u00e1fico, trabajo infantil o de incurrir en conductas punibles que comprometan su desarrollo y futuro. De esta forma, [&hellip;]<\/p>\n","protected":false},"author":1,"featured_media":0,"comment_status":"open","ping_status":"open","sticky":false,"template":"","format":"standard","meta":[],"categories":[1],"tags":[],"_links":{"self":[{"href":"https:\/\/virtual.cun.edu.co\/cemp\/wp-json\/wp\/v2\/posts\/3686"}],"collection":[{"href":"https:\/\/virtual.cun.edu.co\/cemp\/wp-json\/wp\/v2\/posts"}],"about":[{"href":"https:\/\/virtual.cun.edu.co\/cemp\/wp-json\/wp\/v2\/types\/post"}],"author":[{"embeddable":true,"href":"https:\/\/virtual.cun.edu.co\/cemp\/wp-json\/wp\/v2\/users\/1"}],"replies":[{"embeddable":true,"href":"https:\/\/virtual.cun.edu.co\/cemp\/wp-json\/wp\/v2\/comments?post=3686"}],"version-history":[{"count":0,"href":"https:\/\/virtual.cun.edu.co\/cemp\/wp-json\/wp\/v2\/posts\/3686\/revisions"}],"wp:attachment":[{"href":"https:\/\/virtual.cun.edu.co\/cemp\/wp-json\/wp\/v2\/media?parent=3686"}],"wp:term":[{"taxonomy":"category","embeddable":true,"href":"https:\/\/virtual.cun.edu.co\/cemp\/wp-json\/wp\/v2\/categories?post=3686"},{"taxonomy":"post_tag","embeddable":true,"href":"https:\/\/virtual.cun.edu.co\/cemp\/wp-json\/wp\/v2\/tags?post=3686"}],"curies":[{"name":"wp","href":"https:\/\/api.w.org\/{rel}","templated":true}]}}