{"id":3665,"date":"2021-02-16T11:00:34","date_gmt":"2021-02-16T11:00:34","guid":{"rendered":"https:\/\/virtual.cun.edu.co\/cemp\/?p=3665"},"modified":"2021-02-18T19:40:43","modified_gmt":"2021-02-18T19:40:43","slug":"marketing-verde-y-consumo-sostenible","status":"publish","type":"post","link":"https:\/\/virtual.cun.edu.co\/cemp\/2021\/02\/16\/marketing-verde-y-consumo-sostenible\/","title":{"rendered":"MARKETING VERDE Y CONSUMO SOSTENIBLE"},"content":{"rendered":"\t\t<div data-elementor-type=\"wp-post\" data-elementor-id=\"3665\" class=\"elementor elementor-3665\">\n\t\t\t\t\t\t\t\t\t<section class=\"elementor-section elementor-top-section elementor-element elementor-element-313ad5b elementor-section-boxed elementor-section-height-default elementor-section-height-default\" data-id=\"313ad5b\" data-element_type=\"section\">\n\t\t\t\t\t\t<div class=\"elementor-container elementor-column-gap-default\">\n\t\t\t\t\t<div class=\"elementor-column elementor-col-100 elementor-top-column elementor-element elementor-element-b8aee49\" data-id=\"b8aee49\" data-element_type=\"column\">\n\t\t\t<div class=\"elementor-widget-wrap elementor-element-populated\">\n\t\t\t\t\t\t\t\t<div class=\"elementor-element elementor-element-2976fb4 elementor-widget elementor-widget-text-editor\" data-id=\"2976fb4\" data-element_type=\"widget\" data-widget_type=\"text-editor.default\">\n\t\t\t\t<div class=\"elementor-widget-container\">\n\t\t\t\t\t\t\t<p>El marketing verde est\u00e1 de lado de las empresas, tambi\u00e9n de los recursos naturales, por lo tanto no se pretende anular el consumo, uno de los grandes motores de la econom\u00eda, pero s\u00ed se plantea como objetivo principal promover estrategias y procesos que incentiven un consumo m\u00e1s responsable, menos indiscriminado y m\u00e1s comprometido con el cuidado de los recursos naturales, la preservaci\u00f3n de los ecosistemas y la mitigaci\u00f3n de las problem\u00e1ticas ambientales desde los valores e iniciativas de las organizaciones y cambio de h\u00e1bitos y cultura de los consumidores.<\/p><p>El concepto de consumo sostenible guarda relaci\u00f3n con el concepto de desarrollo sostenible y se refiere al <span style=\"color: #5bbce6;\">uso de bienes y servicios que respondan a nuestras necesidades y ofrezcan una mejor calidad de vida, reduciendo al m\u00ednimo el uso de los recursos naturales, materiales t\u00f3xicos y emisiones de residuos y contaminantes a lo largo del ciclo de vida, de tal forma que no se pongan en peligro las necesidades y recursos de las futuras generaciones.\u00a0<\/span><\/p><p>El consumo sostenible significa comprender que cada producto que compramos, utilizamos y desechamos, tiene un proceso de producci\u00f3n y descomposici\u00f3n que deja su huella en el planeta; por esto es necesario destacar el ciclo de vida de un producto, analizando c\u00f3mo los procesos de dise\u00f1o, producci\u00f3n, distribuci\u00f3n, empaque, reutilizaci\u00f3n, entre otros tienen un efecto en el ambiente, porque entre utilizar una bolsa pl\u00e1stica o una bolsa de tela hay 300 a\u00f1os de diferencia y repercusiones negativas.<\/p><p><span style=\"color: #5bbce6;\">Nuestro consumo de recursos naturales es cercano al 125% y para el 2040 podr\u00eda llegar al 170%, lo que pone en peligro los recursos de la generaci\u00f3n actual, y pone casi en extinci\u00f3n los recursos de las futuras generaciones.\u00a0<\/span><\/p><p>La producci\u00f3n y consumo de bienes relacionados con el transporte, la comida y la vivienda son responsables del 70% al 80% del impacto que estamos causando en el medio ambiente, la industria ganadera es la m\u00e1s contaminante, produce metano y gasta de forma excesiva los recursos h\u00eddricos, la industria agricultora por su parte, tambi\u00e9n utiliza y envenena los suelos de forma indiscriminada, utiliza cantidades exorbitantes de agua para los cultivos que deben dar abasto para la tierra superpoblada, y la industria constructora fomenta la deforestaci\u00f3n, producci\u00f3n de cemento que genera gases nocivos para la capa de ozono.<\/p>\t\t\t\t\t\t<\/div>\n\t\t\t\t<\/div>\n\t\t\t\t\t<\/div>\n\t\t<\/div>\n\t\t\t\t\t\t\t<\/div>\n\t\t<\/section>\n\t\t\t\t<section class=\"elementor-section elementor-top-section elementor-element elementor-element-7541069 elementor-section-boxed elementor-section-height-default elementor-section-height-default\" data-id=\"7541069\" data-element_type=\"section\">\n\t\t\t\t\t\t<div class=\"elementor-container elementor-column-gap-default\">\n\t\t\t\t\t<div class=\"elementor-column elementor-col-100 elementor-top-column elementor-element elementor-element-d14cdec\" data-id=\"d14cdec\" data-element_type=\"column\">\n\t\t\t<div class=\"elementor-widget-wrap elementor-element-populated\">\n\t\t\t\t\t\t\t\t<div class=\"elementor-element elementor-element-abfa261 elementor-widget elementor-widget-image\" data-id=\"abfa261\" data-element_type=\"widget\" data-widget_type=\"image.default\">\n\t\t\t\t<div class=\"elementor-widget-container\">\n\t\t\t\t\t\t\t\t\t\t\t\t\t\t\t<img decoding=\"async\" src=\"https:\/\/virtual.cun.edu.co\/cemp\/wp-content\/uploads\/2021\/02\/MARKETING-2.png\" title=\"\" alt=\"\" loading=\"lazy\" \/>\t\t\t\t\t\t\t\t\t\t\t\t\t\t\t<\/div>\n\t\t\t\t<\/div>\n\t\t\t\t<div class=\"elementor-element elementor-element-53fde45 elementor-widget elementor-widget-heading\" data-id=\"53fde45\" data-element_type=\"widget\" data-widget_type=\"heading.default\">\n\t\t\t\t<div class=\"elementor-widget-container\">\n\t\t\t<h2 class=\"elementor-heading-title elementor-size-default\">Entonces, \u00bfC\u00f3mo lograr un consumo sostenible y responsable?<\/h2>\t\t<\/div>\n\t\t\t\t<\/div>\n\t\t\t\t<div class=\"elementor-element elementor-element-1e1c19c elementor-widget elementor-widget-text-editor\" data-id=\"1e1c19c\" data-element_type=\"widget\" data-widget_type=\"text-editor.default\">\n\t\t\t\t<div class=\"elementor-widget-container\">\n\t\t\t\t\t\t\t<p>La alternativa jam\u00e1s ser\u00e1 de consumir, pero si podemos consumir de una forma menos excesiva y utilizar alternativas como productos y servicios verdes. En el caso del transporte podemos de manera inmediata utilizar otros medios como la bicicleta, y a largo plazo utilizar autom\u00f3viles que no utilicen combustibles f\u00f3siles. Por el lado alimenticio podemos apoyar a las tiendas locales y campesinos nacionales que tengan cultivos sin qu\u00edmicos, evitar comprar productos empaquetados o en bandeja, consumir menos carne, no caer en la gula.<\/p><p>En el caso de la vivienda podr\u00edamos optar por la construcci\u00f3n ecol\u00f3gica, algunas constructoras crean mansiones con barro y botellas de vidrio, otras constructoras hacen casas econ\u00f3micas con botellas pl\u00e1sticas. En el caso de la energ\u00eda podemos utilizar electrodom\u00e9sticos con sello Energy Star, a futuro utilizar m\u00e1s paneles solares.<\/p><p>En el caso de los productos de uso\u00a0<span style=\"font-size: 16px; background-color: transparent;\">personales o cosm\u00e9ticos preferir marcas no testeadas en animales, las pruebas en animales no\u00a0<\/span><span style=\"font-size: 16px; background-color: transparent;\">son necesarias y las marcas que no las utilizan suelen tener mayor calidad al no utilizar\u00a0<\/span><span style=\"font-size: 16px; background-color: transparent;\">qu\u00edmicos peligrosos, tambi\u00e9n existen sellos que confirman el no testeo en animales o el llamado\u00a0<\/span><span style=\"font-size: 16px; background-color: transparent;\">\u201cCruelty Free\u201d.<\/span><\/p><p>Los sellos verdes, o ecosellos, son elementos que nos permiten identificar los atributos ambientales de un producto, ya sea en sus procesos de producci\u00f3n, dise\u00f1o o empaque. Son<br \/>una fuente confiable ya que estos sellos son otorgados por entidades con prestigio y reconocimiento global en el tema ambiental.<\/p><p>Con respecto al consumo sostenible, <span style=\"color: #5bbce6;\">la propuesta desde el marketing verde, adem\u00e1s de todo lo anterior, es pensar tambi\u00e9n en un consumo desde la filosof\u00eda de reducir y reutilizar, desde el marketing verde se debe dise\u00f1ar y ejecutar estrategias que promuevan el consumo sostenible y pr\u00e1cticas o comportamientos proambientales, desde el dise\u00f1o del producto hasta la comunicaci\u00f3n del mismo.<\/span><\/p>\t\t\t\t\t\t<\/div>\n\t\t\t\t<\/div>\n\t\t\t\t\t<\/div>\n\t\t<\/div>\n\t\t\t\t\t\t\t<\/div>\n\t\t<\/section>\n\t\t\t\t<section class=\"elementor-section elementor-top-section elementor-element elementor-element-8341ce9 elementor-section-boxed elementor-section-height-default elementor-section-height-default\" data-id=\"8341ce9\" data-element_type=\"section\">\n\t\t\t\t\t\t<div class=\"elementor-container elementor-column-gap-default\">\n\t\t\t\t\t<div class=\"elementor-column elementor-col-100 elementor-top-column elementor-element elementor-element-c17e25a\" data-id=\"c17e25a\" data-element_type=\"column\">\n\t\t\t<div class=\"elementor-widget-wrap elementor-element-populated\">\n\t\t\t\t\t\t\t\t<div class=\"elementor-element elementor-element-0713048 elementor-tabs-view-horizontal elementor-widget elementor-widget-tabs\" data-id=\"0713048\" data-element_type=\"widget\" data-widget_type=\"tabs.default\">\n\t\t\t\t<div class=\"elementor-widget-container\">\n\t\t\t\t\t<div class=\"elementor-tabs\">\n\t\t\t<div class=\"elementor-tabs-wrapper\" role=\"tablist\" >\n\t\t\t\t\t\t\t\t\t<div id=\"elementor-tab-title-7411\" class=\"elementor-tab-title elementor-tab-desktop-title\" aria-selected=\"true\" data-tab=\"1\" role=\"tab\" tabindex=\"0\" aria-controls=\"elementor-tab-content-7411\" aria-expanded=\"false\">AUTOR<\/div>\n\t\t\t\t\t\t\t\t\t<div id=\"elementor-tab-title-7412\" class=\"elementor-tab-title elementor-tab-desktop-title\" aria-selected=\"false\" data-tab=\"2\" role=\"tab\" tabindex=\"-1\" aria-controls=\"elementor-tab-content-7412\" aria-expanded=\"false\">PERFIL PROFESIONAL<\/div>\n\t\t\t\t\t\t\t<\/div>\n\t\t\t<div class=\"elementor-tabs-content-wrapper\" role=\"tablist\" aria-orientation=\"vertical\">\n\t\t\t\t\t\t\t\t\t<div class=\"elementor-tab-title elementor-tab-mobile-title\" aria-selected=\"true\" data-tab=\"1\" role=\"tab\" tabindex=\"0\" aria-controls=\"elementor-tab-content-7411\" aria-expanded=\"false\">AUTOR<\/div>\n\t\t\t\t\t<div id=\"elementor-tab-content-7411\" class=\"elementor-tab-content elementor-clearfix\" data-tab=\"1\" role=\"tabpanel\" aria-labelledby=\"elementor-tab-title-7411\" tabindex=\"0\" hidden=\"false\"><p style=\"text-align: center;\"><img decoding=\"async\" loading=\"lazy\" class=\"alignnone size-medium wp-image-1997\" src=\"https:\/\/virtual.cun.edu.co\/cemp\/wp-content\/uploads\/2020\/11\/26-300x300.png\" alt=\"Sof\u00eda Bernal\" width=\"300\" height=\"300\" \/><\/p><p style=\"text-align: center;\">Sofia Bernal<\/p><\/div>\n\t\t\t\t\t\t\t\t\t<div class=\"elementor-tab-title elementor-tab-mobile-title\" aria-selected=\"false\" data-tab=\"2\" role=\"tab\" tabindex=\"-1\" aria-controls=\"elementor-tab-content-7412\" aria-expanded=\"false\">PERFIL PROFESIONAL<\/div>\n\t\t\t\t\t<div id=\"elementor-tab-content-7412\" class=\"elementor-tab-content elementor-clearfix\" data-tab=\"2\" role=\"tabpanel\" aria-labelledby=\"elementor-tab-title-7412\" tabindex=\"0\" hidden=\"hidden\"><p style=\"text-align: center;\">Mag\u00edster en educaci\u00f3n en formaci\u00f3n, comunicadora Social- Periodista con formaci\u00f3n complementaria en Marketing Digital, TIC y Competencias Digitales. Tengo experiencia como docente de educaci\u00f3n superior, tutora de trabajos de grado, evaluadora de proyectos de emprendimiento, realizadora y presentadora de contenidos institucionales, as\u00ed como gesti\u00f3n de contenido y comunicaci\u00f3n en RRSS.<\/p><\/div>\n\t\t\t\t\t\t\t<\/div>\n\t\t<\/div>\n\t\t\t\t<\/div>\n\t\t\t\t<\/div>\n\t\t\t\t<div class=\"elementor-element elementor-element-fab903c elementor-align-center elementor-widget elementor-widget-button\" data-id=\"fab903c\" data-element_type=\"widget\" data-widget_type=\"button.default\">\n\t\t\t\t<div class=\"elementor-widget-container\">\n\t\t\t\t\t<div class=\"elementor-button-wrapper\">\n\t\t\t<a href=\"https:\/\/www.linkedin.com\/in\/sofiabernalurbano\/\" class=\"elementor-button-link elementor-button elementor-size-sm\" role=\"button\">\n\t\t\t\t\t\t<span class=\"elementor-button-content-wrapper\">\n\t\t\t\t\t\t<span class=\"elementor-button-text\">PERFIL<\/span>\n\t\t<\/span>\n\t\t\t\t\t<\/a>\n\t\t<\/div>\n\t\t\t\t<\/div>\n\t\t\t\t<\/div>\n\t\t\t\t\t<\/div>\n\t\t<\/div>\n\t\t\t\t\t\t\t<\/div>\n\t\t<\/section>\n\t\t\t\t\t\t\t<\/div>\n\t\t","protected":false},"excerpt":{"rendered":"<p>El marketing verde est\u00e1 de lado de las empresas, tambi\u00e9n de los recursos naturales, por lo tanto no se pretende anular el consumo, uno de los grandes motores de la econom\u00eda, pero s\u00ed se plantea como objetivo principal promover estrategias y procesos que incentiven un consumo m\u00e1s responsable, menos indiscriminado y m\u00e1s comprometido con el [&hellip;]<\/p>\n","protected":false},"author":1,"featured_media":0,"comment_status":"open","ping_status":"open","sticky":false,"template":"","format":"standard","meta":[],"categories":[1],"tags":[],"_links":{"self":[{"href":"https:\/\/virtual.cun.edu.co\/cemp\/wp-json\/wp\/v2\/posts\/3665"}],"collection":[{"href":"https:\/\/virtual.cun.edu.co\/cemp\/wp-json\/wp\/v2\/posts"}],"about":[{"href":"https:\/\/virtual.cun.edu.co\/cemp\/wp-json\/wp\/v2\/types\/post"}],"author":[{"embeddable":true,"href":"https:\/\/virtual.cun.edu.co\/cemp\/wp-json\/wp\/v2\/users\/1"}],"replies":[{"embeddable":true,"href":"https:\/\/virtual.cun.edu.co\/cemp\/wp-json\/wp\/v2\/comments?post=3665"}],"version-history":[{"count":0,"href":"https:\/\/virtual.cun.edu.co\/cemp\/wp-json\/wp\/v2\/posts\/3665\/revisions"}],"wp:attachment":[{"href":"https:\/\/virtual.cun.edu.co\/cemp\/wp-json\/wp\/v2\/media?parent=3665"}],"wp:term":[{"taxonomy":"category","embeddable":true,"href":"https:\/\/virtual.cun.edu.co\/cemp\/wp-json\/wp\/v2\/categories?post=3665"},{"taxonomy":"post_tag","embeddable":true,"href":"https:\/\/virtual.cun.edu.co\/cemp\/wp-json\/wp\/v2\/tags?post=3665"}],"curies":[{"name":"wp","href":"https:\/\/api.w.org\/{rel}","templated":true}]}}