{"id":3634,"date":"2021-02-11T11:01:55","date_gmt":"2021-02-11T11:01:55","guid":{"rendered":"https:\/\/virtual.cun.edu.co\/cemp\/?p=3634"},"modified":"2021-02-12T13:33:37","modified_gmt":"2021-02-12T13:33:37","slug":"greenwashing-un-concepto-del-marketing-verde-indispensable-para-los-emprendimientos-de-la-actualidad","status":"publish","type":"post","link":"https:\/\/virtual.cun.edu.co\/cemp\/2021\/02\/11\/greenwashing-un-concepto-del-marketing-verde-indispensable-para-los-emprendimientos-de-la-actualidad\/","title":{"rendered":"GREENWASHING UN CONCEPTO DEL MARKETING VERDE INDISPENSABLE PARA LOS EMPRENDIMIENTOS DE LA ACTUALIDAD"},"content":{"rendered":"\t\t<div data-elementor-type=\"wp-post\" data-elementor-id=\"3634\" class=\"elementor elementor-3634\">\n\t\t\t\t\t\t\t\t\t<section class=\"elementor-section elementor-top-section elementor-element elementor-element-28ea16d elementor-section-boxed elementor-section-height-default elementor-section-height-default\" data-id=\"28ea16d\" data-element_type=\"section\">\n\t\t\t\t\t\t<div class=\"elementor-container elementor-column-gap-default\">\n\t\t\t\t\t<div class=\"elementor-column elementor-col-100 elementor-top-column elementor-element elementor-element-45d06cf\" data-id=\"45d06cf\" data-element_type=\"column\">\n\t\t\t<div class=\"elementor-widget-wrap elementor-element-populated\">\n\t\t\t\t\t\t\t\t<div class=\"elementor-element elementor-element-6b32400 elementor-widget elementor-widget-text-editor\" data-id=\"6b32400\" data-element_type=\"widget\" data-widget_type=\"text-editor.default\">\n\t\t\t\t<div class=\"elementor-widget-container\">\n\t\t\t\t\t\t\t<p>La transparencia y la credibilidad son elementos clave que deben estar vinculados desde la planeaci\u00f3n estrat\u00e9gica de una empresa, pues esto tendr\u00e1 implicaciones en los procesos, estrategias y ejecuciones hacia adelante. <span style=\"color: #5bbce6;\">El tema verde como generador de ventajas competitivas s\u00f3lo lo ser\u00e1 si est\u00e1 vinculado al modelo de negocio de las compa1Q\u00f1\u00edas, y esto es algo que se logra desde la planeaci\u00f3n estrat\u00e9gica.<\/span><\/p><p>Podemos hablar del Greenwashing cuando las empresas gastan m\u00e1s tiempo, esfuerzos y dinero en proclamarse como marcas verdes a trav\u00e9s del marketing y la publicidad, que realmente implementando acciones y pr\u00e1cticas del negocio que minimicen el impacto ambiental. De esta manera se dan situaciones en las que se hay un vaci\u00f3 entre lo que se dice y las pr\u00e1cticas y los compromisos realmente asociados a la sostenibilidad. <span style=\"color: #5bbce6;\">El tema verde se ve como una oportunidad, pero no se analizan las competencias de la empresa, el ciclo de vida del producto y el posicionamiento deseado de la marca, para ver si es posible hacer y luego hablar de iniciativas ambientales e imagen verde.<\/span><\/p>\t\t\t\t\t\t<\/div>\n\t\t\t\t<\/div>\n\t\t\t\t\t<\/div>\n\t\t<\/div>\n\t\t\t\t\t\t\t<\/div>\n\t\t<\/section>\n\t\t\t\t<section class=\"elementor-section elementor-top-section elementor-element elementor-element-29efd29 elementor-section-boxed elementor-section-height-default elementor-section-height-default\" data-id=\"29efd29\" data-element_type=\"section\">\n\t\t\t\t\t\t<div class=\"elementor-container elementor-column-gap-default\">\n\t\t\t\t\t<div class=\"elementor-column elementor-col-100 elementor-top-column elementor-element elementor-element-ca5d60f\" data-id=\"ca5d60f\" data-element_type=\"column\">\n\t\t\t<div class=\"elementor-widget-wrap elementor-element-populated\">\n\t\t\t\t\t\t\t\t<div class=\"elementor-element elementor-element-f5ad9c2 elementor-widget elementor-widget-heading\" data-id=\"f5ad9c2\" data-element_type=\"widget\" data-widget_type=\"heading.default\">\n\t\t\t\t<div class=\"elementor-widget-container\">\n\t\t\t<h2 class=\"elementor-heading-title elementor-size-default\">\u00bfCu\u00e1ndo se cae en Greenwashing y qu\u00e9 implicaciones tiene?<\/h2>\t\t<\/div>\n\t\t\t\t<\/div>\n\t\t\t\t\t<\/div>\n\t\t<\/div>\n\t\t\t\t\t\t\t<\/div>\n\t\t<\/section>\n\t\t\t\t<section class=\"elementor-section elementor-top-section elementor-element elementor-element-38a4d9b elementor-section-boxed elementor-section-height-default elementor-section-height-default\" data-id=\"38a4d9b\" data-element_type=\"section\">\n\t\t\t\t\t\t<div class=\"elementor-container elementor-column-gap-default\">\n\t\t\t\t\t<div class=\"elementor-column elementor-col-100 elementor-top-column elementor-element elementor-element-6eed419\" data-id=\"6eed419\" data-element_type=\"column\">\n\t\t\t<div class=\"elementor-widget-wrap elementor-element-populated\">\n\t\t\t\t\t\t\t\t<div class=\"elementor-element elementor-element-a914b5f elementor-widget elementor-widget-text-editor\" data-id=\"a914b5f\" data-element_type=\"widget\" data-widget_type=\"text-editor.default\">\n\t\t\t\t<div class=\"elementor-widget-container\">\n\t\t\t\t\t\t\t<p>Cuando se lanzan productos, servicios e iniciativas que no son leg\u00edtimamente verdes.<\/p><p>Las implicaciones es que intencional o no, se genera una respuesta por parte de los grupos de inter\u00e9s, que por lo general es negativa. Ese objetivo que se ten\u00eda de generar asociaciones positivas hacia la marca y ser reconocidos por el compromiso ambiental se diluye, y se revierte hac\u00eda asociaciones negativas de la marca, con mentira, falta de transparencia, comportamiento anti-\u00e9tico y enga\u00f1o.<\/p>\t\t\t\t\t\t<\/div>\n\t\t\t\t<\/div>\n\t\t\t\t\t<\/div>\n\t\t<\/div>\n\t\t\t\t\t\t\t<\/div>\n\t\t<\/section>\n\t\t\t\t<section class=\"elementor-section elementor-top-section elementor-element elementor-element-3be9cb7 elementor-section-boxed elementor-section-height-default elementor-section-height-default\" data-id=\"3be9cb7\" data-element_type=\"section\">\n\t\t\t\t\t\t<div class=\"elementor-container elementor-column-gap-default\">\n\t\t\t\t\t<div class=\"elementor-column elementor-col-100 elementor-top-column elementor-element elementor-element-ea3a9ab\" data-id=\"ea3a9ab\" data-element_type=\"column\">\n\t\t\t<div class=\"elementor-widget-wrap elementor-element-populated\">\n\t\t\t\t\t\t\t\t<div class=\"elementor-element elementor-element-8c05d73 elementor-widget elementor-widget-image\" data-id=\"8c05d73\" data-element_type=\"widget\" data-widget_type=\"image.default\">\n\t\t\t\t<div class=\"elementor-widget-container\">\n\t\t\t\t\t\t\t\t\t\t\t\t\t\t\t<img decoding=\"async\" src=\"https:\/\/virtual.cun.edu.co\/cemp\/wp-content\/uploads\/2021\/02\/GREEN-2.png\" title=\"\" alt=\"\" loading=\"lazy\" \/>\t\t\t\t\t\t\t\t\t\t\t\t\t\t\t<\/div>\n\t\t\t\t<\/div>\n\t\t\t\t<div class=\"elementor-element elementor-element-3f77a1d elementor-widget elementor-widget-heading\" data-id=\"3f77a1d\" data-element_type=\"widget\" data-widget_type=\"heading.default\">\n\t\t\t\t<div class=\"elementor-widget-container\">\n\t\t\t<h2 class=\"elementor-heading-title elementor-size-default\">\u00bfC\u00f3mo evitar el Greenwaching?<\/h2>\t\t<\/div>\n\t\t\t\t<\/div>\n\t\t\t\t<div class=\"elementor-element elementor-element-50ef5dd elementor-widget elementor-widget-text-editor\" data-id=\"50ef5dd\" data-element_type=\"widget\" data-widget_type=\"text-editor.default\">\n\t\t\t\t<div class=\"elementor-widget-container\">\n\t\t\t\t\t\t\t<p>Desde el proceso de planeaci\u00f3n estrat\u00e9gica de la compa\u00f1\u00edas, desde la concepci\u00f3n del tema verde como un generador de ventajas competitivas, y desde el reconocimiento de una premisa clave en este tema, ninguna marca puede ser 100 por ciento verde, siempre existir\u00e1 uso de energ\u00eda, uso de recursos y generaci\u00f3n de desperdicios. <span style=\"color: #5bbce6;\">Por eso la comunicaci\u00f3n del valor verde, de lo que hablaremos m\u00e1s adelante debe estar alineada con lo que se ha definido desde el proceso de planeaci\u00f3n estrat\u00e9gica, desde el modelo de negocio de la empresa, de tal manera que, se haga lo que se diga y se pueda ser transparente y reconocer siempre los aspectos por mejorar.<\/span><\/p><p>El consumidor valora la honestidad y la transparencia, como comportamientos humanos de las marcas, que va a valorar hac\u00eda adelante. No confundir, el consumidor cada vez m\u00e1s informado y con mayores recursos disponibles, no cree en todo lo que le dicen, y m\u00e1s a\u00fan el consumidor orientado a comportamientos proambientales tiende a estar mucho m\u00e1s involucrado en su proceso de decisi\u00f3n de compra y consumo. Es decir, buscar\u00e1 m\u00e1s informaci\u00f3n y no permitir\u00e1 que lo confundan f\u00e1cilmente. Conseguir apoyo de terceros, y esto va tambi\u00e9n desde la planeaci\u00f3n estrat\u00e9gica.<span style=\"color: #5bbce6;\"> No todo lo que queremos hacer en t\u00e9rminos de sostenibilidad podemos\u00a0<span style=\"font-size: 16px; background-color: transparent;\">hacerlo solos, las empresas necesitan vincularse y crear redes colaborativas con las cuales\u00a0<\/span><span style=\"font-size: 16px; background-color: transparent;\">puedan cumplir sus objetivos ambientales.<\/span><\/span><\/p><p>Finalmente el consumo responsable, las empresas no solamente deben llevar a cabo sus<br \/>iniciativas verdes sino siempre estar en funci\u00f3n de promover con sus pr\u00e1cticas y su comunicaci\u00f3n, un consumo responsable entre todos sus consumidores.<\/p>\t\t\t\t\t\t<\/div>\n\t\t\t\t<\/div>\n\t\t\t\t\t<\/div>\n\t\t<\/div>\n\t\t\t\t\t\t\t<\/div>\n\t\t<\/section>\n\t\t\t\t<section class=\"elementor-section elementor-top-section elementor-element elementor-element-a3bd5f3 elementor-section-boxed elementor-section-height-default elementor-section-height-default\" data-id=\"a3bd5f3\" data-element_type=\"section\">\n\t\t\t\t\t\t<div class=\"elementor-container elementor-column-gap-default\">\n\t\t\t\t\t<div class=\"elementor-column elementor-col-100 elementor-top-column elementor-element elementor-element-3c00247\" data-id=\"3c00247\" data-element_type=\"column\">\n\t\t\t<div class=\"elementor-widget-wrap elementor-element-populated\">\n\t\t\t\t\t\t\t\t<div class=\"elementor-element elementor-element-c587b4b elementor-tabs-view-horizontal elementor-widget elementor-widget-tabs\" data-id=\"c587b4b\" data-element_type=\"widget\" data-widget_type=\"tabs.default\">\n\t\t\t\t<div class=\"elementor-widget-container\">\n\t\t\t\t\t<div class=\"elementor-tabs\">\n\t\t\t<div class=\"elementor-tabs-wrapper\" role=\"tablist\" >\n\t\t\t\t\t\t\t\t\t<div id=\"elementor-tab-title-2071\" class=\"elementor-tab-title elementor-tab-desktop-title\" aria-selected=\"true\" data-tab=\"1\" role=\"tab\" tabindex=\"0\" aria-controls=\"elementor-tab-content-2071\" aria-expanded=\"false\">AUTOR<\/div>\n\t\t\t\t\t\t\t\t\t<div id=\"elementor-tab-title-2072\" class=\"elementor-tab-title elementor-tab-desktop-title\" aria-selected=\"false\" data-tab=\"2\" role=\"tab\" tabindex=\"-1\" aria-controls=\"elementor-tab-content-2072\" aria-expanded=\"false\">PERFIL PROFESIONAL<\/div>\n\t\t\t\t\t\t\t<\/div>\n\t\t\t<div class=\"elementor-tabs-content-wrapper\" role=\"tablist\" aria-orientation=\"vertical\">\n\t\t\t\t\t\t\t\t\t<div class=\"elementor-tab-title elementor-tab-mobile-title\" aria-selected=\"true\" data-tab=\"1\" role=\"tab\" tabindex=\"0\" aria-controls=\"elementor-tab-content-2071\" aria-expanded=\"false\">AUTOR<\/div>\n\t\t\t\t\t<div id=\"elementor-tab-content-2071\" class=\"elementor-tab-content elementor-clearfix\" data-tab=\"1\" role=\"tabpanel\" aria-labelledby=\"elementor-tab-title-2071\" tabindex=\"0\" hidden=\"false\"><p style=\"text-align: center;\"><img decoding=\"async\" loading=\"lazy\" class=\"alignnone size-medium wp-image-1997\" src=\"https:\/\/virtual.cun.edu.co\/cemp\/wp-content\/uploads\/2020\/11\/26-300x300.png\" alt=\"Sof\u00eda Bernal\" width=\"300\" height=\"300\" \/><\/p><p style=\"text-align: center;\">SOFIA BERNAL<\/p><\/div>\n\t\t\t\t\t\t\t\t\t<div class=\"elementor-tab-title elementor-tab-mobile-title\" aria-selected=\"false\" data-tab=\"2\" role=\"tab\" tabindex=\"-1\" aria-controls=\"elementor-tab-content-2072\" aria-expanded=\"false\">PERFIL PROFESIONAL<\/div>\n\t\t\t\t\t<div id=\"elementor-tab-content-2072\" class=\"elementor-tab-content elementor-clearfix\" data-tab=\"2\" role=\"tabpanel\" aria-labelledby=\"elementor-tab-title-2072\" tabindex=\"0\" hidden=\"hidden\"><p style=\"text-align: center;\">Mag\u00edster en educaci\u00f3n en formaci\u00f3n, comunicadora Social- Periodista con formaci\u00f3n complementaria en Marketing Digital, TIC y Competencias Digitales. Tengo experiencia como docente de educaci\u00f3n superior, tutora de trabajos de grado, evaluadora de proyectos de emprendimiento, realizadora y presentadora de contenidos institucionales, as\u00ed como gesti\u00f3n de contenido y comunicaci\u00f3n en RRSS.<\/p><\/div>\n\t\t\t\t\t\t\t<\/div>\n\t\t<\/div>\n\t\t\t\t<\/div>\n\t\t\t\t<\/div>\n\t\t\t\t<div class=\"elementor-element elementor-element-d9d48b8 elementor-align-center elementor-widget elementor-widget-button\" data-id=\"d9d48b8\" data-element_type=\"widget\" data-widget_type=\"button.default\">\n\t\t\t\t<div class=\"elementor-widget-container\">\n\t\t\t\t\t<div class=\"elementor-button-wrapper\">\n\t\t\t<a href=\"https:\/\/www.linkedin.com\/in\/sofiabernalurbano\/\" class=\"elementor-button-link elementor-button elementor-size-sm\" role=\"button\">\n\t\t\t\t\t\t<span class=\"elementor-button-content-wrapper\">\n\t\t\t\t\t\t<span class=\"elementor-button-text\">PERFIL<\/span>\n\t\t<\/span>\n\t\t\t\t\t<\/a>\n\t\t<\/div>\n\t\t\t\t<\/div>\n\t\t\t\t<\/div>\n\t\t\t\t\t<\/div>\n\t\t<\/div>\n\t\t\t\t\t\t\t<\/div>\n\t\t<\/section>\n\t\t\t\t\t\t\t<\/div>\n\t\t","protected":false},"excerpt":{"rendered":"<p>La transparencia y la credibilidad son elementos clave que deben estar vinculados desde la planeaci\u00f3n estrat\u00e9gica de una empresa, pues esto tendr\u00e1 implicaciones en los procesos, estrategias y ejecuciones hacia adelante. El tema verde como generador de ventajas competitivas s\u00f3lo lo ser\u00e1 si est\u00e1 vinculado al modelo de negocio de las compa1Q\u00f1\u00edas, y esto es [&hellip;]<\/p>\n","protected":false},"author":1,"featured_media":0,"comment_status":"open","ping_status":"open","sticky":false,"template":"","format":"standard","meta":[],"categories":[1],"tags":[],"_links":{"self":[{"href":"https:\/\/virtual.cun.edu.co\/cemp\/wp-json\/wp\/v2\/posts\/3634"}],"collection":[{"href":"https:\/\/virtual.cun.edu.co\/cemp\/wp-json\/wp\/v2\/posts"}],"about":[{"href":"https:\/\/virtual.cun.edu.co\/cemp\/wp-json\/wp\/v2\/types\/post"}],"author":[{"embeddable":true,"href":"https:\/\/virtual.cun.edu.co\/cemp\/wp-json\/wp\/v2\/users\/1"}],"replies":[{"embeddable":true,"href":"https:\/\/virtual.cun.edu.co\/cemp\/wp-json\/wp\/v2\/comments?post=3634"}],"version-history":[{"count":0,"href":"https:\/\/virtual.cun.edu.co\/cemp\/wp-json\/wp\/v2\/posts\/3634\/revisions"}],"wp:attachment":[{"href":"https:\/\/virtual.cun.edu.co\/cemp\/wp-json\/wp\/v2\/media?parent=3634"}],"wp:term":[{"taxonomy":"category","embeddable":true,"href":"https:\/\/virtual.cun.edu.co\/cemp\/wp-json\/wp\/v2\/categories?post=3634"},{"taxonomy":"post_tag","embeddable":true,"href":"https:\/\/virtual.cun.edu.co\/cemp\/wp-json\/wp\/v2\/tags?post=3634"}],"curies":[{"name":"wp","href":"https:\/\/api.w.org\/{rel}","templated":true}]}}