{"id":3618,"date":"2021-02-10T11:00:53","date_gmt":"2021-02-10T11:00:53","guid":{"rendered":"https:\/\/virtual.cun.edu.co\/cemp\/?p=3618"},"modified":"2021-02-10T18:03:02","modified_gmt":"2021-02-10T18:03:02","slug":"4-anos-del-acuerdo-de-paz","status":"publish","type":"post","link":"https:\/\/virtual.cun.edu.co\/cemp\/2021\/02\/10\/4-anos-del-acuerdo-de-paz\/","title":{"rendered":"4 A\u00d1OS DEL ACUERDO DE PAZ"},"content":{"rendered":"\t\t<div data-elementor-type=\"wp-post\" data-elementor-id=\"3618\" class=\"elementor elementor-3618\">\n\t\t\t\t\t\t\t\t\t<section class=\"elementor-section elementor-top-section elementor-element elementor-element-3c53540 elementor-section-boxed elementor-section-height-default elementor-section-height-default\" data-id=\"3c53540\" data-element_type=\"section\">\n\t\t\t\t\t\t<div class=\"elementor-container elementor-column-gap-default\">\n\t\t\t\t\t<div class=\"elementor-column elementor-col-100 elementor-top-column elementor-element elementor-element-9be52e0\" data-id=\"9be52e0\" data-element_type=\"column\">\n\t\t\t<div class=\"elementor-widget-wrap elementor-element-populated\">\n\t\t\t\t\t\t\t\t<div class=\"elementor-element elementor-element-e9e2a09 elementor-widget elementor-widget-text-editor\" data-id=\"e9e2a09\" data-element_type=\"widget\" data-widget_type=\"text-editor.default\">\n\t\t\t\t<div class=\"elementor-widget-container\">\n\t\t\t\t\t\t\t<h6 style=\"text-align: center;\"><strong><span style=\"color: #5bbce6;\">\u00bfCU\u00c1NTAS TAREAS SE HAN EJECUTADO ?<\/span><\/strong><\/h6>\t\t\t\t\t\t<\/div>\n\t\t\t\t<\/div>\n\t\t\t\t\t<\/div>\n\t\t<\/div>\n\t\t\t\t\t\t\t<\/div>\n\t\t<\/section>\n\t\t\t\t<section class=\"elementor-section elementor-top-section elementor-element elementor-element-1d9baba elementor-section-boxed elementor-section-height-default elementor-section-height-default\" data-id=\"1d9baba\" data-element_type=\"section\">\n\t\t\t\t\t\t<div class=\"elementor-container elementor-column-gap-default\">\n\t\t\t\t\t<div class=\"elementor-column elementor-col-100 elementor-top-column elementor-element elementor-element-0ca9d97\" data-id=\"0ca9d97\" data-element_type=\"column\">\n\t\t\t<div class=\"elementor-widget-wrap elementor-element-populated\">\n\t\t\t\t\t\t\t\t<div class=\"elementor-element elementor-element-2cbbd47 elementor-widget elementor-widget-toggle\" data-id=\"2cbbd47\" data-element_type=\"widget\" data-widget_type=\"toggle.default\">\n\t\t\t\t<div class=\"elementor-widget-container\">\n\t\t\t\t\t<div class=\"elementor-toggle\" role=\"tablist\">\n\t\t\t\t\t\t\t<div class=\"elementor-toggle-item\">\n\t\t\t\t\t<div id=\"elementor-tab-title-4691\" class=\"elementor-tab-title\" data-tab=\"1\" role=\"tab\" aria-controls=\"elementor-tab-content-4691\" aria-expanded=\"false\">\n\t\t\t\t\t\t\t\t\t\t\t\t<span class=\"elementor-toggle-icon elementor-toggle-icon-left\" aria-hidden=\"true\">\n\t\t\t\t\t\t\t\t\t\t\t\t\t\t\t<span class=\"elementor-toggle-icon-closed\"><i class=\"fas fa-caret-right\"><\/i><\/span>\n\t\t\t\t\t\t\t\t<span class=\"elementor-toggle-icon-opened\"><i class=\"elementor-toggle-icon-opened fas fa-caret-up\"><\/i><\/span>\n\t\t\t\t\t\t\t\t\t\t\t\t\t<\/span>\n\t\t\t\t\t\t\t\t\t\t\t\t<a href=\"\" class=\"elementor-toggle-title\">REFORMA RURAL INTEGRAL<\/a>\n\t\t\t\t\t<\/div>\n\n\t\t\t\t\t<div id=\"elementor-tab-content-4691\" class=\"elementor-tab-content elementor-clearfix\" data-tab=\"1\" role=\"tabpanel\" aria-labelledby=\"elementor-tab-title-4691\"><p style=\"text-align: center;\">\u00bfTRANSFORMACI\u00d3N DE LA REALIDAD RURAL?<\/p><p style=\"text-align: center;\">De un total de 26 tareas establecidas, solo 1 se ha llevado ha realizado de manera completa, 3 han mostrado un avance intermedio, 9 un desarrollo m\u00ednimo y 13 no han tenido ning\u00fan tipo de ejecuci\u00f3n.<\/p><p style=\"text-align: center;\"><img decoding=\"async\" loading=\"lazy\" class=\"alignnone size-medium wp-image-3620\" src=\"https:\/\/virtual.cun.edu.co\/cemp\/wp-content\/uploads\/2021\/02\/colina-300x300.png\" alt=\"\" width=\"300\" height=\"300\" \/><\/p><\/div>\n\t\t\t\t<\/div>\n\t\t\t\t\t\t\t<div class=\"elementor-toggle-item\">\n\t\t\t\t\t<div id=\"elementor-tab-title-4692\" class=\"elementor-tab-title\" data-tab=\"2\" role=\"tab\" aria-controls=\"elementor-tab-content-4692\" aria-expanded=\"false\">\n\t\t\t\t\t\t\t\t\t\t\t\t<span class=\"elementor-toggle-icon elementor-toggle-icon-left\" aria-hidden=\"true\">\n\t\t\t\t\t\t\t\t\t\t\t\t\t\t\t<span class=\"elementor-toggle-icon-closed\"><i class=\"fas fa-caret-right\"><\/i><\/span>\n\t\t\t\t\t\t\t\t<span class=\"elementor-toggle-icon-opened\"><i class=\"elementor-toggle-icon-opened fas fa-caret-up\"><\/i><\/span>\n\t\t\t\t\t\t\t\t\t\t\t\t\t<\/span>\n\t\t\t\t\t\t\t\t\t\t\t\t<a href=\"\" class=\"elementor-toggle-title\">PARTICIPACI\u00d3N POL\u00cdTICA<\/a>\n\t\t\t\t\t<\/div>\n\n\t\t\t\t\t<div id=\"elementor-tab-content-4692\" class=\"elementor-tab-content elementor-clearfix\" data-tab=\"2\" role=\"tabpanel\" aria-labelledby=\"elementor-tab-title-4692\"><p style=\"text-align: center;\">\u00bfGARANT\u00cdAS DE APERTURA DEMOCR\u00c1TICA?<\/p><p style=\"text-align: center;\">Se establecieron 27 tareas en este punto para alcanzar lo pactado, de las cuales 2 se han completado, hay 8 en ejecuci\u00f3n (5 en nivel intermedio) y 17 sin ning\u00fan tipo de avance.<\/p><p style=\"text-align: center;\"><img decoding=\"async\" loading=\"lazy\" class=\"alignnone size-medium wp-image-3621\" src=\"https:\/\/virtual.cun.edu.co\/cemp\/wp-content\/uploads\/2021\/02\/debate-300x300.png\" alt=\"\" width=\"300\" height=\"300\" \/><\/p><\/div>\n\t\t\t\t<\/div>\n\t\t\t\t\t\t\t<div class=\"elementor-toggle-item\">\n\t\t\t\t\t<div id=\"elementor-tab-title-4693\" class=\"elementor-tab-title\" data-tab=\"3\" role=\"tab\" aria-controls=\"elementor-tab-content-4693\" aria-expanded=\"false\">\n\t\t\t\t\t\t\t\t\t\t\t\t<span class=\"elementor-toggle-icon elementor-toggle-icon-left\" aria-hidden=\"true\">\n\t\t\t\t\t\t\t\t\t\t\t\t\t\t\t<span class=\"elementor-toggle-icon-closed\"><i class=\"fas fa-caret-right\"><\/i><\/span>\n\t\t\t\t\t\t\t\t<span class=\"elementor-toggle-icon-opened\"><i class=\"elementor-toggle-icon-opened fas fa-caret-up\"><\/i><\/span>\n\t\t\t\t\t\t\t\t\t\t\t\t\t<\/span>\n\t\t\t\t\t\t\t\t\t\t\t\t<a href=\"\" class=\"elementor-toggle-title\">FIN DEL CONFLICTO<\/a>\n\t\t\t\t\t<\/div>\n\n\t\t\t\t\t<div id=\"elementor-tab-content-4693\" class=\"elementor-tab-content elementor-clearfix\" data-tab=\"3\" role=\"tabpanel\" aria-labelledby=\"elementor-tab-title-4693\"><p style=\"text-align: center;\">\u00bfHOJA DE RUTA EN EJECUCI\u00d3N?<\/p><p style=\"text-align: center;\">De 10 tareas establecidas no se ha completado ninguna. 8 han mostrado avance (1 en nivel intermedio y 7 en nivel m\u00ednimo).<\/p><p style=\"text-align: center;\"><img decoding=\"async\" loading=\"lazy\" class=\"alignnone size-medium wp-image-3622\" src=\"https:\/\/virtual.cun.edu.co\/cemp\/wp-content\/uploads\/2021\/02\/argumento-300x300.png\" alt=\"\" width=\"300\" height=\"300\" \/><\/p><\/div>\n\t\t\t\t<\/div>\n\t\t\t\t\t\t\t<div class=\"elementor-toggle-item\">\n\t\t\t\t\t<div id=\"elementor-tab-title-4694\" class=\"elementor-tab-title\" data-tab=\"4\" role=\"tab\" aria-controls=\"elementor-tab-content-4694\" aria-expanded=\"false\">\n\t\t\t\t\t\t\t\t\t\t\t\t<span class=\"elementor-toggle-icon elementor-toggle-icon-left\" aria-hidden=\"true\">\n\t\t\t\t\t\t\t\t\t\t\t\t\t\t\t<span class=\"elementor-toggle-icon-closed\"><i class=\"fas fa-caret-right\"><\/i><\/span>\n\t\t\t\t\t\t\t\t<span class=\"elementor-toggle-icon-opened\"><i class=\"elementor-toggle-icon-opened fas fa-caret-up\"><\/i><\/span>\n\t\t\t\t\t\t\t\t\t\t\t\t\t<\/span>\n\t\t\t\t\t\t\t\t\t\t\t\t<a href=\"\" class=\"elementor-toggle-title\">SOLUCI\u00d3N AL PROBLEMA DE DROGAS IL\u00cdCITAS<\/a>\n\t\t\t\t\t<\/div>\n\n\t\t\t\t\t<div id=\"elementor-tab-content-4694\" class=\"elementor-tab-content elementor-clearfix\" data-tab=\"4\" role=\"tabpanel\" aria-labelledby=\"elementor-tab-title-4694\"><p style=\"text-align: center;\">\u00bfRELACI\u00d3N ENTRE EL CONFLICTO Y LAS DROGAS?<\/p><p style=\"text-align: center;\">De 14 tareas propuestas, no se ha completado ninguna, se ha avanzado en 13, de las cuales 10 est\u00e1n en una etapa intermedia. Hay una tarea que no tiene evidencia de ning\u00fan tipo de avance.<\/p><p style=\"text-align: center;\"><img decoding=\"async\" loading=\"lazy\" class=\"alignnone size-medium wp-image-3623\" src=\"https:\/\/virtual.cun.edu.co\/cemp\/wp-content\/uploads\/2021\/02\/cocaina-300x300.png\" alt=\"\" width=\"300\" height=\"300\" \/><\/p><\/div>\n\t\t\t\t<\/div>\n\t\t\t\t\t\t\t<div class=\"elementor-toggle-item\">\n\t\t\t\t\t<div id=\"elementor-tab-title-4695\" class=\"elementor-tab-title\" data-tab=\"5\" role=\"tab\" aria-controls=\"elementor-tab-content-4695\" aria-expanded=\"false\">\n\t\t\t\t\t\t\t\t\t\t\t\t<span class=\"elementor-toggle-icon elementor-toggle-icon-left\" aria-hidden=\"true\">\n\t\t\t\t\t\t\t\t\t\t\t\t\t\t\t<span class=\"elementor-toggle-icon-closed\"><i class=\"fas fa-caret-right\"><\/i><\/span>\n\t\t\t\t\t\t\t\t<span class=\"elementor-toggle-icon-opened\"><i class=\"elementor-toggle-icon-opened fas fa-caret-up\"><\/i><\/span>\n\t\t\t\t\t\t\t\t\t\t\t\t\t<\/span>\n\t\t\t\t\t\t\t\t\t\t\t\t<a href=\"\" class=\"elementor-toggle-title\">V\u00cdCTIMAS DEL CONFLICTO<\/a>\n\t\t\t\t\t<\/div>\n\n\t\t\t\t\t<div id=\"elementor-tab-content-4695\" class=\"elementor-tab-content elementor-clearfix\" data-tab=\"5\" role=\"tabpanel\" aria-labelledby=\"elementor-tab-title-4695\"><p style=\"text-align: center;\">\u00bfVERDAD, JUSTICIA, REPARACI\u00d3N Y NO<br \/>REPETICI\u00d3N?<\/p><p style=\"text-align: center;\">4 de 22 tareas se han completado en este punto, siendo en el que m\u00e1s se ha avanzado, 13 muestran ejecuci\u00f3n parcial (8 en estado intermedio y 5 en estado m\u00ednimo. 5 tareas no han mostrado avance alguno.<\/p><p><img decoding=\"async\" loading=\"lazy\" class=\"size-medium wp-image-3625 aligncenter\" src=\"https:\/\/virtual.cun.edu.co\/cemp\/wp-content\/uploads\/2021\/02\/guerra-300x300.png\" alt=\"\" width=\"300\" height=\"300\" \/><\/p><\/div>\n\t\t\t\t<\/div>\n\t\t\t\t\t\t\t<div class=\"elementor-toggle-item\">\n\t\t\t\t\t<div id=\"elementor-tab-title-4696\" class=\"elementor-tab-title\" data-tab=\"6\" role=\"tab\" aria-controls=\"elementor-tab-content-4696\" aria-expanded=\"false\">\n\t\t\t\t\t\t\t\t\t\t\t\t<span class=\"elementor-toggle-icon elementor-toggle-icon-left\" aria-hidden=\"true\">\n\t\t\t\t\t\t\t\t\t\t\t\t\t\t\t<span class=\"elementor-toggle-icon-closed\"><i class=\"fas fa-caret-right\"><\/i><\/span>\n\t\t\t\t\t\t\t\t<span class=\"elementor-toggle-icon-opened\"><i class=\"elementor-toggle-icon-opened fas fa-caret-up\"><\/i><\/span>\n\t\t\t\t\t\t\t\t\t\t\t\t\t<\/span>\n\t\t\t\t\t\t\t\t\t\t\t\t<a href=\"\" class=\"elementor-toggle-title\">IMPLEMENTACI\u00d3N, VERIFICACI\u00d3N Y REFRENDACI\u00d3N<\/a>\n\t\t\t\t\t<\/div>\n\n\t\t\t\t\t<div id=\"elementor-tab-content-4696\" class=\"elementor-tab-content elementor-clearfix\" data-tab=\"6\" role=\"tabpanel\" aria-labelledby=\"elementor-tab-title-4696\"><p style=\"text-align: center;\">\u00bfSEGUIMIENTO A LO PACTADO?<\/p><p style=\"text-align: center;\">Se establecieron 15 tareas, una sola se ha completado, 11 tienen evidencia de ejecuci\u00f3n parcial (7 en estado m\u00ednimo) y 3 no han tenido avance alguno.<\/p><p style=\"text-align: center;\"><img decoding=\"async\" loading=\"lazy\" class=\"alignnone size-medium wp-image-3624\" src=\"https:\/\/virtual.cun.edu.co\/cemp\/wp-content\/uploads\/2021\/02\/tarea-completada-300x300.png\" alt=\"\" width=\"300\" height=\"300\" \/><\/p><\/div>\n\t\t\t\t<\/div>\n\t\t\t\t\t\t\t\t<\/div>\n\t\t\t\t<\/div>\n\t\t\t\t<\/div>\n\t\t\t\t\t<\/div>\n\t\t<\/div>\n\t\t\t\t\t\t\t<\/div>\n\t\t<\/section>\n\t\t\t\t<section class=\"elementor-section elementor-top-section elementor-element elementor-element-f7eb8ff elementor-section-boxed elementor-section-height-default elementor-section-height-default\" data-id=\"f7eb8ff\" data-element_type=\"section\">\n\t\t\t\t\t\t<div class=\"elementor-container elementor-column-gap-default\">\n\t\t\t\t\t<div class=\"elementor-column elementor-col-100 elementor-top-column elementor-element elementor-element-7711c54\" data-id=\"7711c54\" data-element_type=\"column\">\n\t\t\t<div class=\"elementor-widget-wrap elementor-element-populated\">\n\t\t\t\t\t\t\t\t<div class=\"elementor-element elementor-element-e493fac elementor-tabs-view-horizontal elementor-widget elementor-widget-tabs\" data-id=\"e493fac\" data-element_type=\"widget\" data-widget_type=\"tabs.default\">\n\t\t\t\t<div class=\"elementor-widget-container\">\n\t\t\t\t\t<div class=\"elementor-tabs\">\n\t\t\t<div class=\"elementor-tabs-wrapper\" role=\"tablist\" >\n\t\t\t\t\t\t\t\t\t<div id=\"elementor-tab-title-2391\" class=\"elementor-tab-title elementor-tab-desktop-title\" aria-selected=\"true\" data-tab=\"1\" role=\"tab\" tabindex=\"0\" aria-controls=\"elementor-tab-content-2391\" aria-expanded=\"false\">AUTOR<\/div>\n\t\t\t\t\t\t\t\t\t<div id=\"elementor-tab-title-2392\" class=\"elementor-tab-title elementor-tab-desktop-title\" aria-selected=\"false\" data-tab=\"2\" role=\"tab\" tabindex=\"-1\" aria-controls=\"elementor-tab-content-2392\" aria-expanded=\"false\">PERFIL PROFESIONAL<\/div>\n\t\t\t\t\t\t\t<\/div>\n\t\t\t<div class=\"elementor-tabs-content-wrapper\" role=\"tablist\" aria-orientation=\"vertical\">\n\t\t\t\t\t\t\t\t\t<div class=\"elementor-tab-title elementor-tab-mobile-title\" aria-selected=\"true\" data-tab=\"1\" role=\"tab\" tabindex=\"0\" aria-controls=\"elementor-tab-content-2391\" aria-expanded=\"false\">AUTOR<\/div>\n\t\t\t\t\t<div id=\"elementor-tab-content-2391\" class=\"elementor-tab-content elementor-clearfix\" data-tab=\"1\" role=\"tabpanel\" aria-labelledby=\"elementor-tab-title-2391\" tabindex=\"0\" hidden=\"false\"><p style=\"text-align: center;\"><img decoding=\"async\" loading=\"lazy\" class=\"alignnone size-medium wp-image-2013\" src=\"https:\/\/virtual.cun.edu.co\/cemp\/wp-content\/uploads\/2020\/11\/1-300x300.png\" alt=\"\" width=\"300\" height=\"300\" \/><\/p><p style=\"text-align: center;\">TANYA WILQUEN GIL<\/p><\/div>\n\t\t\t\t\t\t\t\t\t<div class=\"elementor-tab-title elementor-tab-mobile-title\" aria-selected=\"false\" data-tab=\"2\" role=\"tab\" tabindex=\"-1\" aria-controls=\"elementor-tab-content-2392\" aria-expanded=\"false\">PERFIL PROFESIONAL<\/div>\n\t\t\t\t\t<div id=\"elementor-tab-content-2392\" class=\"elementor-tab-content elementor-clearfix\" data-tab=\"2\" role=\"tabpanel\" aria-labelledby=\"elementor-tab-title-2392\" tabindex=\"0\" hidden=\"hidden\"><p style=\"text-align: center;\"><span class=\"lt-line-clamp__raw-line\">Profesional del programa de Negocios y Relaciones Internacionales de la Universidad de La Salle. Fundadora y miembro de la mesa directiva de la organizaci\u00f3n juvenil MACNUS.<\/span><\/p><p style=\"text-align: center;\">Experiencia de 5 a\u00f1os en la formulaci\u00f3n y coordinaci\u00f3n de proyectos de liderazgo, investigaci\u00f3n y extensi\u00f3n en tem\u00e1ticas como: relaciones internacionales; cooperaci\u00f3n internacional; organizaciones, representaciones y movimientos Sociales; an\u00e1lisis de coyuntura; conflicto armado y paz; debate y argumentaci\u00f3n; empoderamiento juvenil y construcci\u00f3n de ciudadan\u00eda.<\/p><p style=\"text-align: center;\">Presidente del Modelo de An\u00e1lisis de Coyuntura de la Universidad de La Salle (2015-2016) Coordinadora de la Escuela de Debate con intervenci\u00f3n en m\u00e1s de veinte colegios de Bogot\u00e1 (2017) y de la Escuela de Argumentaci\u00f3n en la localidad de La Candelaria (2018).\u00a0Habilidades comunicativas en Ingl\u00e9s (B2) y Franc\u00e9s (A2).<\/p><p style=\"text-align: center;\">Experiencia como docente universitaria en el \u00e1rea de emprendimiento de la Corporaci\u00f3n Unificada Nacional de Educaci\u00f3n Superior (CUN).\u00a0<\/p><\/div>\n\t\t\t\t\t\t\t<\/div>\n\t\t<\/div>\n\t\t\t\t<\/div>\n\t\t\t\t<\/div>\n\t\t\t\t<div class=\"elementor-element elementor-element-9575fcc elementor-align-center elementor-widget elementor-widget-button\" data-id=\"9575fcc\" data-element_type=\"widget\" data-widget_type=\"button.default\">\n\t\t\t\t<div class=\"elementor-widget-container\">\n\t\t\t\t\t<div class=\"elementor-button-wrapper\">\n\t\t\t<a href=\"https:\/\/www.linkedin.com\/in\/tanya-wilken-gil-374643141\/\" class=\"elementor-button-link elementor-button elementor-size-sm\" role=\"button\">\n\t\t\t\t\t\t<span class=\"elementor-button-content-wrapper\">\n\t\t\t\t\t\t<span class=\"elementor-button-text\">PERFIL<\/span>\n\t\t<\/span>\n\t\t\t\t\t<\/a>\n\t\t<\/div>\n\t\t\t\t<\/div>\n\t\t\t\t<\/div>\n\t\t\t\t\t<\/div>\n\t\t<\/div>\n\t\t\t\t\t\t\t<\/div>\n\t\t<\/section>\n\t\t\t\t\t\t\t<\/div>\n\t\t","protected":false},"excerpt":{"rendered":"<p>\u00bfCU\u00c1NTAS TAREAS SE HAN EJECUTADO ? REFORMA RURAL INTEGRAL \u00bfTRANSFORMACI\u00d3N DE LA REALIDAD RURAL? De un total de 26 tareas establecidas, solo 1 se ha llevado ha realizado de manera completa, 3 han mostrado un avance intermedio, 9 un desarrollo m\u00ednimo y 13 no han tenido ning\u00fan tipo de ejecuci\u00f3n. PARTICIPACI\u00d3N POL\u00cdTICA \u00bfGARANT\u00cdAS DE APERTURA [&hellip;]<\/p>\n","protected":false},"author":1,"featured_media":0,"comment_status":"open","ping_status":"open","sticky":false,"template":"","format":"standard","meta":[],"categories":[1],"tags":[],"_links":{"self":[{"href":"https:\/\/virtual.cun.edu.co\/cemp\/wp-json\/wp\/v2\/posts\/3618"}],"collection":[{"href":"https:\/\/virtual.cun.edu.co\/cemp\/wp-json\/wp\/v2\/posts"}],"about":[{"href":"https:\/\/virtual.cun.edu.co\/cemp\/wp-json\/wp\/v2\/types\/post"}],"author":[{"embeddable":true,"href":"https:\/\/virtual.cun.edu.co\/cemp\/wp-json\/wp\/v2\/users\/1"}],"replies":[{"embeddable":true,"href":"https:\/\/virtual.cun.edu.co\/cemp\/wp-json\/wp\/v2\/comments?post=3618"}],"version-history":[{"count":0,"href":"https:\/\/virtual.cun.edu.co\/cemp\/wp-json\/wp\/v2\/posts\/3618\/revisions"}],"wp:attachment":[{"href":"https:\/\/virtual.cun.edu.co\/cemp\/wp-json\/wp\/v2\/media?parent=3618"}],"wp:term":[{"taxonomy":"category","embeddable":true,"href":"https:\/\/virtual.cun.edu.co\/cemp\/wp-json\/wp\/v2\/categories?post=3618"},{"taxonomy":"post_tag","embeddable":true,"href":"https:\/\/virtual.cun.edu.co\/cemp\/wp-json\/wp\/v2\/tags?post=3618"}],"curies":[{"name":"wp","href":"https:\/\/api.w.org\/{rel}","templated":true}]}}