{"id":3559,"date":"2021-02-03T11:00:57","date_gmt":"2021-02-03T11:00:57","guid":{"rendered":"https:\/\/virtual.cun.edu.co\/cemp\/?p=3559"},"modified":"2021-02-02T21:04:16","modified_gmt":"2021-02-02T21:04:16","slug":"rasgos-distinitivos-y-aportes-de-la-cun-como-institucion-de-educacion-superior-en-colombia-a-la-calidad-de-la-formacion-de-nuevos-profesionales","status":"publish","type":"post","link":"https:\/\/virtual.cun.edu.co\/cemp\/2021\/02\/03\/rasgos-distinitivos-y-aportes-de-la-cun-como-institucion-de-educacion-superior-en-colombia-a-la-calidad-de-la-formacion-de-nuevos-profesionales\/","title":{"rendered":"RASGOS DISTINITIVOS Y APORTES DE LA CUN COMO INSTITUCI\u00d3N DE EDUCACI\u00d3N SUPERIOR EN COLOMBIA, A LA CALIDAD DE LA FORMACI\u00d3N DE NUEVOS PROFESIONALES."},"content":{"rendered":"\t\t<div data-elementor-type=\"wp-post\" data-elementor-id=\"3559\" class=\"elementor elementor-3559\">\n\t\t\t\t\t\t\t\t\t<section class=\"elementor-section elementor-top-section elementor-element elementor-element-9f6a8bf elementor-section-boxed elementor-section-height-default elementor-section-height-default\" data-id=\"9f6a8bf\" data-element_type=\"section\">\n\t\t\t\t\t\t<div class=\"elementor-container elementor-column-gap-default\">\n\t\t\t\t\t<div class=\"elementor-column elementor-col-100 elementor-top-column elementor-element elementor-element-a42f910\" data-id=\"a42f910\" data-element_type=\"column\">\n\t\t\t<div class=\"elementor-widget-wrap elementor-element-populated\">\n\t\t\t\t\t\t\t\t<div class=\"elementor-element elementor-element-ac37032 elementor-widget elementor-widget-text-editor\" data-id=\"ac37032\" data-element_type=\"widget\" data-widget_type=\"text-editor.default\">\n\t\t\t\t<div class=\"elementor-widget-container\">\n\t\t\t\t\t\t\t<p>Actualmente los escenarios de educaci\u00f3n en todos los niveles atraviesan diferentes procesos de transformaci\u00f3n, esto con el fin de <span style=\"color: #5bbce6;\">alcanzar una reinvenci\u00f3n educativa que contribuya al logro de objetivos de formaci\u00f3n de ni\u00f1os, j\u00f3venes y adultos.<\/span><\/p><p>En el caso de las Instituciones de Educaci\u00f3n Superior (IES), las directivas y cuerpo docente adquieren un gran compromiso respecto a la adecuaci\u00f3n de sus estrategias y modalidades educativas en entornos virtuales de aprendizaje dise\u00f1ados al contexto de cada una de sus comunidades y que buscan preparar a sus profesionales de tal forma que puedan enfrentar los cambios sociales y asumir las nuevas pr\u00e1cticas laborales, tal como ocurre en el teletrabajo.<\/p><p>Adem\u00e1s de contribuir al desarrollo social y de propiciar marcos de acci\u00f3n respecto al conflicto de nuestro pa\u00eds, las IES ahora trabajan por consolidar procesos de educaci\u00f3n de calidad ante el impacto causado por el COVID 19 y desde \u00e9sta nueva percepci\u00f3n de vida en la cual prima el distanciamiento social para la reducci\u00f3n del contagio, continuar reflexionando sobre el concepto de la educaci\u00f3n y formaci\u00f3n profesional como medio de transformaci\u00f3n a trav\u00e9s del uso adecuado de las TIC.\u00a0<\/p><p>La educaci\u00f3n superior no podr\u00e1 alcanzar sus objetivos de igualdad social, disponer el conocimiento al alcance de todos, disminuir los \u00edndices de multialfabetismo, en palabras de Freire, P. (1988) liberar a la sociedad de la cultura de las masas y educar para la vida, sino plantea una relaci\u00f3n coherente con el comportamiento y las din\u00e1micas culturales de la sociedad. Si la Constituci\u00f3n Pol\u00edtica De Colombia, C. P. (1991), en su art\u00edculo 67 ha se\u00f1alado a la familia, escuela y sociedad como instituciones responsables de la educaci\u00f3n del ciudadano, las IES como figuras garantes de tal precepto velan por la\u00a0<span style=\"font-size: 16px; background-color: transparent;\">investigaci\u00f3n y la formaci\u00f3n de profesionales que ante las adversidades del contexto\u00a0<\/span><span style=\"font-size: 16px; background-color: transparent;\">contribuyan desde su disciplina al desarrollo del pa\u00eds.<\/span><\/p><p>Tal como lo plantea Orozco, G. L. (2014), \u201csiendo la educaci\u00f3n consustancial a la sociedad\u201d (p.37) las funciones sustantivas de las IES: Proyecci\u00f3n Social (Emprendimiento), Docencia e Investigaci\u00f3n favorecen el canal de comunicaci\u00f3n y gesti\u00f3n del conocimiento entre la academia y la sociedad. <span style=\"color: #5bbce6;\">La reflexi\u00f3n te\u00f3rica encuentra sentido pr\u00e1ctico en los escenarios interdisciplinares que demandan nuevas competencias a los perfiles y organizaciones del sector p\u00fablico y privado evidenciando as\u00ed una relaci\u00f3n arm\u00f3nica: \u201ceducaci\u00f3n que aporta a la sociedad y sociedad que favorece la educaci\u00f3n\u201d.\u00a0<\/span><\/p><p><span style=\"font-size: 16px; background-color: transparent;\">Es entendible que a mayor solicitud de competencias laborales y apertura de\u00a0<\/span><span style=\"font-size: 16px; background-color: transparent;\">sectores econ\u00f3micos en nuestro pa\u00eds, mayor sea la demanda de formaci\u00f3n y\u00a0<\/span><span style=\"font-size: 16px; background-color: transparent;\">diversificaci\u00f3n del conocimiento, pues a medida que la sociedad se enfrenta a los\u00a0<\/span><span style=\"font-size: 16px; background-color: transparent;\">diferentes cambios impuestos; por ejemplo, por la globalizaci\u00f3n y el consumismo, la\u00a0<\/span><span style=\"font-size: 16px; background-color: transparent;\">capacitaci\u00f3n de los profesionales en sus puestos de trabajo no es suficiente componente\u00a0<\/span><span style=\"font-size: 16px; background-color: transparent;\">de formaci\u00f3n. As\u00ed pues, las organizaciones-empresas como clientes externos de las IES y\u00a0<\/span><span style=\"font-size: 16px; background-color: transparent;\">en su rol de representantes en comit\u00e9s curriculares desde el escenario de proyecci\u00f3n\u00a0<\/span><span style=\"font-size: 16px; background-color: transparent;\">social, investigaci\u00f3n y pr\u00e1cticas profesionales sugieren a las unidades transversales, <\/span><span style=\"font-size: 16px; background-color: transparent;\">coordinaciones acad\u00e9micas y de programas, incluir algunos elementos te\u00f3ricos en los\u00a0<\/span><span style=\"font-size: 16px; background-color: transparent;\">planes de estudio.<\/span><\/p><p>Sin embargo, uno de los grandes retos de las IES al plantear este tipo de estrategias es encontrar la pertinencia tanto de los programas que ofertan como de los contenidos curriculares debido a las exigencias del contexto social y para ello soportan sus propuestas en las pol\u00edticas educativas. Ante la b\u00fasqueda de pertinencia surgen entonces una serie de cuestionamientos<span style=\"color: #5bbce6;\"> \u00bfEst\u00e1n ofertando las IES programas acad\u00e9micos acordes a la demanda de los sectores econ\u00f3micos del pa\u00eds? \u00bfTienen en cuenta las IES la\u00a0<span style=\"font-size: 16px; background-color: transparent;\">riqueza cultural del pa\u00eds para formar profesionales que aprovechen adecuadamente los\u00a0<\/span><span style=\"font-size: 16px; background-color: transparent;\">recursos de las regiones y mejoren as\u00ed la econom\u00eda del pa\u00eds?<\/span><\/span><\/p>\t\t\t\t\t\t<\/div>\n\t\t\t\t<\/div>\n\t\t\t\t<div class=\"elementor-element elementor-element-f6a70cc elementor-widget elementor-widget-image\" data-id=\"f6a70cc\" data-element_type=\"widget\" data-widget_type=\"image.default\">\n\t\t\t\t<div class=\"elementor-widget-container\">\n\t\t\t\t\t\t\t\t\t\t\t\t\t\t\t<img decoding=\"async\" src=\"https:\/\/virtual.cun.edu.co\/cemp\/wp-content\/uploads\/2021\/02\/EDUCA-1.png\" title=\"\" alt=\"\" loading=\"lazy\" \/>\t\t\t\t\t\t\t\t\t\t\t\t\t\t\t<\/div>\n\t\t\t\t<\/div>\n\t\t\t\t<div class=\"elementor-element elementor-element-18663ec elementor-widget elementor-widget-text-editor\" data-id=\"18663ec\" data-element_type=\"widget\" data-widget_type=\"text-editor.default\">\n\t\t\t\t<div class=\"elementor-widget-container\">\n\t\t\t\t\t\t\t<p>Desde dicho escenario, la <span style=\"color: #5bbce6;\">Corporaci\u00f3n Unificada Nacional CUN<\/span> se puede orientar en dos l\u00edneas de educaci\u00f3n superior para argumentar la pertinencia de sus programas. La primera de ellas hace referencia a la oferta de carreras relacionados con la productividad en Colombia y la segunda se\u00f1ala el componente pedag\u00f3gico apropiado para el posicionamiento de la academia y la gesti\u00f3n del conocimiento en las IES. Algunas de las carreras profesionales que ilustran coherencia entre la productividad de Colombia y la formaci\u00f3n profesional requerida, se encuentran en el sector agropecuario y textil. Estas actividades propician la reflexi\u00f3n sobre la identidad cultural, la importancia de motivar a los profesionales a identificarse con su territorio y promover en su actuar la defensa de los recursos naturales ante la petici\u00f3n de actividad productiva.\u00a0<\/p><p><span style=\"font-size: 16px; background-color: transparent;\">Lo anterior se puede rescatar <\/span><span style=\"font-size: 16px; background-color: transparent;\">de la Propuesta para discusi\u00f3n del Departamento Nacional de Planeaci\u00f3n. Bogot\u00e1 (2009) <\/span><span style=\"font-size: 16px; background-color: transparent;\">del cual se tendr\u00edan que analizar algunas implicaciones y limitaciones respecto al <\/span><span style=\"font-size: 16px; background-color: transparent;\">aprovechamiento de la diversidad de tal forma que no involucre la deforestaci\u00f3n y p\u00e9rdida <\/span><span style=\"font-size: 16px; background-color: transparent;\">de bosques naturales ya que esto no contribuye al desarrollo social.<\/span><\/p><p><span style=\"color: #5bbce6;\">Colombia requiere de profesionales especializados; por ejemplo en Estrategias de Marketing, Relaciones Internacionales, Administradores de Empresas, Economistas, Contadores; entre otros relacionados con las Geociencias y Talento Humano, quienes a trav\u00e9s de sus investigaciones y conocimiento ayuden a contrapesar el endeudamiento actual de nuestro Pa\u00eds, se reten a posicionar las marcas colombianas y se centren en la exportaci\u00f3n.\u00a0<\/span><\/p><p>As\u00ed pues, la Corporaci\u00f3n Unificada Nacional CUN se destaca con una gran propuesta de valor; ya que presenta ofertas acad\u00e9micas que responden realmente a las solicitudes del sector econ\u00f3mico. Sin embargo, para no perder de vista los fundamentos\u00a0<span style=\"font-size: 16px; background-color: transparent;\">pedag\u00f3gicos de preparar para la vida, como lo plantea Orozco, G. L. (2014), puede la\u00a0<\/span><span style=\"font-size: 16px; background-color: transparent;\">CUN sobresalir a\u00fan m\u00e1s por el papel protag\u00f3nico de la transformaci\u00f3n social,\u00a0<\/span><span style=\"font-size: 16px; background-color: transparent;\">replante\u00e1ndose los contenidos c\u00edvicos y humanos de las c\u00e1tedras; como es el caso de\u00a0<\/span><span style=\"font-size: 16px; background-color: transparent;\">Pensamientos Cunistas, por escenarios en los cuales se promueva el conocimiento y la\u00a0<\/span><span style=\"font-size: 16px; background-color: transparent;\">investigaci\u00f3n a favor del estatus de la academia, que posicione la instituci\u00f3n con sus\u00a0<\/span><span style=\"font-size: 16px; background-color: transparent;\">grandes hallazgos y aportes en Emprendimiento respecto a las problem\u00e1ticas actuales de\u00a0<\/span><span style=\"font-size: 16px; background-color: transparent;\">nuestra sociedad.<\/span><\/p><p>Desde dicho escenario, <span style=\"color: #5bbce6;\">la Corporaci\u00f3n Unificada Nacional CUN es reconocida por su comunidad acad\u00e9mica como una Instituci\u00f3n que da prioridad a la ampliaci\u00f3n de cobertura y extensi\u00f3n del derecho a la educaci\u00f3n para cubrir los factores del contexto laboral tales como: horarios distribuidos en turnos, diferencias salariales en las organizaciones y la falta de experiencia en el personal joven.<\/span> Se ha caracterizado por brindar a los colombianos una oportunidad de profesionalizarse a trav\u00e9s de la oferta de programas en jornadas nocturnas, implementaci\u00f3n de sistemas de homologaci\u00f3n, ciclos proped\u00e9uticos y establecer formas de pago ajustadas a las capacidades econ\u00f3micas de la comunidad educativa.<\/p><p>El actual reto de la CUN, implica entonces el replanteamiento de las C\u00c1TEDRAS CUNISTAS raz\u00f3n de ser del egresado haciendo \u00e9nfasis pedag\u00f3gico en la preparaci\u00f3n del futuro profesional. Para ello, se considera necesario ajustar los Modelos a las din\u00e1micas actuales de la difusi\u00f3n y los entornos virtuales de aprendizaje, reflexionando sobre contenidos acordes a las caracter\u00edsticas culturales de la era digital: ubicuidad, inmediatez, sistematizaci\u00f3n, entre otros.<\/p><p>A continuaci\u00f3n, se presenta la Propuesta para apoyar el replanteamiento del Modelo &#8211; Pensamientos Cunistas, actual:<\/p>\t\t\t\t\t\t<\/div>\n\t\t\t\t<\/div>\n\t\t\t\t\t<\/div>\n\t\t<\/div>\n\t\t\t\t\t\t\t<\/div>\n\t\t<\/section>\n\t\t\t\t<section class=\"elementor-section elementor-top-section elementor-element elementor-element-d4ee508 elementor-section-boxed elementor-section-height-default elementor-section-height-default\" data-id=\"d4ee508\" data-element_type=\"section\">\n\t\t\t\t\t\t<div class=\"elementor-container elementor-column-gap-default\">\n\t\t\t\t\t<div class=\"elementor-column elementor-col-100 elementor-top-column elementor-element elementor-element-f882461\" data-id=\"f882461\" data-element_type=\"column\">\n\t\t\t<div class=\"elementor-widget-wrap elementor-element-populated\">\n\t\t\t\t\t\t\t\t<div class=\"elementor-element elementor-element-3ab4fb6 elementor-widget elementor-widget-text-editor\" data-id=\"3ab4fb6\" data-element_type=\"widget\" data-widget_type=\"text-editor.default\">\n\t\t\t\t<div class=\"elementor-widget-container\">\n\t\t\t\t\t\t\t<p style=\"text-align: center;\">EJE TEM\u00c1TICO DEL SER<\/p>\t\t\t\t\t\t<\/div>\n\t\t\t\t<\/div>\n\t\t\t\t<div class=\"elementor-element elementor-element-40a160d elementor-tabs-view-vertical elementor-widget elementor-widget-tabs\" data-id=\"40a160d\" data-element_type=\"widget\" data-widget_type=\"tabs.default\">\n\t\t\t\t<div class=\"elementor-widget-container\">\n\t\t\t\t\t<div class=\"elementor-tabs\">\n\t\t\t<div class=\"elementor-tabs-wrapper\" role=\"tablist\" >\n\t\t\t\t\t\t\t\t\t<div id=\"elementor-tab-title-6771\" class=\"elementor-tab-title elementor-tab-desktop-title\" aria-selected=\"true\" data-tab=\"1\" role=\"tab\" tabindex=\"0\" aria-controls=\"elementor-tab-content-6771\" aria-expanded=\"false\">1<\/div>\n\t\t\t\t\t\t\t\t\t<div id=\"elementor-tab-title-6772\" class=\"elementor-tab-title elementor-tab-desktop-title\" aria-selected=\"false\" data-tab=\"2\" role=\"tab\" tabindex=\"-1\" aria-controls=\"elementor-tab-content-6772\" aria-expanded=\"false\">2<\/div>\n\t\t\t\t\t\t\t<\/div>\n\t\t\t<div class=\"elementor-tabs-content-wrapper\" role=\"tablist\" aria-orientation=\"vertical\">\n\t\t\t\t\t\t\t\t\t<div class=\"elementor-tab-title elementor-tab-mobile-title\" aria-selected=\"true\" data-tab=\"1\" role=\"tab\" tabindex=\"0\" aria-controls=\"elementor-tab-content-6771\" aria-expanded=\"false\">1<\/div>\n\t\t\t\t\t<div id=\"elementor-tab-content-6771\" class=\"elementor-tab-content elementor-clearfix\" data-tab=\"1\" role=\"tabpanel\" aria-labelledby=\"elementor-tab-title-6771\" tabindex=\"0\" hidden=\"false\"><p style=\"text-align: center;\">Cambiar el nombre de Pensamientos Cunistas.<\/p><p style=\"text-align: center;\">Se sugiere implementar un nombre que promueva identidad con la Instituci\u00f3n, \u00bfPorque elegir la CUN y no cualquier otra Instituci\u00f3n?<br \/>&#8220;Yo Soy Cunista&#8221; la marca personal es el aporte al Desarrollo Social a trav\u00e9s del Emprendimiento.<\/p><\/div>\n\t\t\t\t\t\t\t\t\t<div class=\"elementor-tab-title elementor-tab-mobile-title\" aria-selected=\"false\" data-tab=\"2\" role=\"tab\" tabindex=\"-1\" aria-controls=\"elementor-tab-content-6772\" aria-expanded=\"false\">2<\/div>\n\t\t\t\t\t<div id=\"elementor-tab-content-6772\" class=\"elementor-tab-content elementor-clearfix\" data-tab=\"2\" role=\"tabpanel\" aria-labelledby=\"elementor-tab-title-6772\" tabindex=\"0\" hidden=\"hidden\"><p style=\"text-align: center;\">Fundamentar la propuesta en los preceptos epistemol\u00f3gicos de \u201cEducaci\u00f3n para el Futuro\u201d, desde los cuales se puedan redefinir la percepci\u00f3n de los agentes educativos; por ejemplo, Llamar al Docente como el Educomunicador, quien se traslada a diferentes lugares (puntos de referencia cultural) para conectarse con los estudiantes, inclusive entrevistarlos.<\/p><\/div>\n\t\t\t\t\t\t\t<\/div>\n\t\t<\/div>\n\t\t\t\t<\/div>\n\t\t\t\t<\/div>\n\t\t\t\t<div class=\"elementor-element elementor-element-9703bfa elementor-widget-divider--view-line elementor-widget elementor-widget-divider\" data-id=\"9703bfa\" data-element_type=\"widget\" data-widget_type=\"divider.default\">\n\t\t\t\t<div class=\"elementor-widget-container\">\n\t\t\t\t\t<div class=\"elementor-divider\">\n\t\t\t<span class=\"elementor-divider-separator\">\n\t\t\t\t\t\t<\/span>\n\t\t<\/div>\n\t\t\t\t<\/div>\n\t\t\t\t<\/div>\n\t\t\t\t<div class=\"elementor-element elementor-element-0cf8144 elementor-widget elementor-widget-text-editor\" data-id=\"0cf8144\" data-element_type=\"widget\" data-widget_type=\"text-editor.default\">\n\t\t\t\t<div class=\"elementor-widget-container\">\n\t\t\t\t\t\t\t<p>EJE TEM\u00c1TICO DEL HACER<\/p>\t\t\t\t\t\t<\/div>\n\t\t\t\t<\/div>\n\t\t\t\t<div class=\"elementor-element elementor-element-b28c86b elementor-tabs-view-vertical elementor-widget elementor-widget-tabs\" data-id=\"b28c86b\" data-element_type=\"widget\" data-widget_type=\"tabs.default\">\n\t\t\t\t<div class=\"elementor-widget-container\">\n\t\t\t\t\t<div class=\"elementor-tabs\">\n\t\t\t<div class=\"elementor-tabs-wrapper\" role=\"tablist\" >\n\t\t\t\t\t\t\t\t\t<div id=\"elementor-tab-title-1871\" class=\"elementor-tab-title elementor-tab-desktop-title\" aria-selected=\"true\" data-tab=\"1\" role=\"tab\" tabindex=\"0\" aria-controls=\"elementor-tab-content-1871\" aria-expanded=\"false\">3<\/div>\n\t\t\t\t\t\t\t\t\t<div id=\"elementor-tab-title-1872\" class=\"elementor-tab-title elementor-tab-desktop-title\" aria-selected=\"false\" data-tab=\"2\" role=\"tab\" tabindex=\"-1\" aria-controls=\"elementor-tab-content-1872\" aria-expanded=\"false\">4<\/div>\n\t\t\t\t\t\t\t\t\t<div id=\"elementor-tab-title-1873\" class=\"elementor-tab-title elementor-tab-desktop-title\" aria-selected=\"false\" data-tab=\"3\" role=\"tab\" tabindex=\"-1\" aria-controls=\"elementor-tab-content-1873\" aria-expanded=\"false\">5<\/div>\n\t\t\t\t\t\t\t<\/div>\n\t\t\t<div class=\"elementor-tabs-content-wrapper\" role=\"tablist\" aria-orientation=\"vertical\">\n\t\t\t\t\t\t\t\t\t<div class=\"elementor-tab-title elementor-tab-mobile-title\" aria-selected=\"true\" data-tab=\"1\" role=\"tab\" tabindex=\"0\" aria-controls=\"elementor-tab-content-1871\" aria-expanded=\"false\">3<\/div>\n\t\t\t\t\t<div id=\"elementor-tab-content-1871\" class=\"elementor-tab-content elementor-clearfix\" data-tab=\"1\" role=\"tabpanel\" aria-labelledby=\"elementor-tab-title-1871\" tabindex=\"0\" hidden=\"false\"><p style=\"text-align: center;\">Cambiar la percepci\u00f3n de Curso por: Capacitaci\u00f3n y\u00a0<span style=\"background-color: transparent; font-size: 16px;\">formaci\u00f3n,\u00a0<\/span><span style=\"font-size: 16px; background-color: transparent;\">\u00a1Prep\u00e1rate con nosotros para afrontar los cambios de la vida\u00a0<\/span><span style=\"font-size: 16px; background-color: transparent;\">laboral!<\/span><\/p><p style=\"text-align: center;\"><span style=\"font-size: 16px; background-color: transparent;\">Lejos de concebir como Curso Obligatorio.\u00a0<\/span><span style=\"font-size: 16px; background-color: transparent;\">Por tanto, iniciar\u00eda la promoci\u00f3n de la capacitaci\u00f3n desde el\u00a0<\/span><span style=\"font-size: 16px; background-color: transparent;\">primer semestre con la Inducci\u00f3n. Incluir en el material la\u00a0<\/span><span style=\"font-size: 16px; background-color: transparent;\">tendencia de C\u00f3digo QR<\/span><\/p><p style=\"text-align: center;\">\u00a1Haz parte de este gran cambio!<\/p><\/div>\n\t\t\t\t\t\t\t\t\t<div class=\"elementor-tab-title elementor-tab-mobile-title\" aria-selected=\"false\" data-tab=\"2\" role=\"tab\" tabindex=\"-1\" aria-controls=\"elementor-tab-content-1872\" aria-expanded=\"false\">4<\/div>\n\t\t\t\t\t<div id=\"elementor-tab-content-1872\" class=\"elementor-tab-content elementor-clearfix\" data-tab=\"2\" role=\"tabpanel\" aria-labelledby=\"elementor-tab-title-1872\" tabindex=\"0\" hidden=\"hidden\"><p style=\"text-align: center;\">Adecuar el Curr\u00edculo desde el punto de vista de la flexibilidad que promueva la competencia digital, la creatividad y la inteligencia emocional. As\u00ed pues, las CUN podr\u00eda estudiar los comportamientos actuales de sus estudiantes a fin de promover informaci\u00f3n y recursos necesarios que fundamenten un Curr\u00edculo al Contexto. Ello implica identificar medios de difusi\u00f3n que est\u00e1n siendo concurridos por la comunidad desde los cuales se puedan establecer entornos de aprendizaje que impliquen el lenguaje y la cultura digital permeada por las \u00faltimas series y la tendencia en aplicaciones, entre otros.<\/p><\/div>\n\t\t\t\t\t\t\t\t\t<div class=\"elementor-tab-title elementor-tab-mobile-title\" aria-selected=\"false\" data-tab=\"3\" role=\"tab\" tabindex=\"-1\" aria-controls=\"elementor-tab-content-1873\" aria-expanded=\"false\">5<\/div>\n\t\t\t\t\t<div id=\"elementor-tab-content-1873\" class=\"elementor-tab-content elementor-clearfix\" data-tab=\"3\" role=\"tabpanel\" aria-labelledby=\"elementor-tab-title-1873\" tabindex=\"0\" hidden=\"hidden\"><p style=\"text-align: center;\">Implementar material did\u00e1ctico que refleje la importancia del curso respecto a las relaciones en el contexto laboral o personal (storytelling); tales como: simulacros, soluci\u00f3n de problemas y visitas a los lugares de trabajo. Situaciones en las cuales se puedan generar reflexiones. Dichos estudios de caso, se pueden presentar con formato de humor\u00edstico. \u00bfQu\u00e9 hacer en caso de? Ejemplo, Enchufetv.<\/p><\/div>\n\t\t\t\t\t\t\t<\/div>\n\t\t<\/div>\n\t\t\t\t<\/div>\n\t\t\t\t<\/div>\n\t\t\t\t<div class=\"elementor-element elementor-element-644149e elementor-widget-divider--view-line elementor-widget elementor-widget-divider\" data-id=\"644149e\" data-element_type=\"widget\" data-widget_type=\"divider.default\">\n\t\t\t\t<div class=\"elementor-widget-container\">\n\t\t\t\t\t<div class=\"elementor-divider\">\n\t\t\t<span class=\"elementor-divider-separator\">\n\t\t\t\t\t\t<\/span>\n\t\t<\/div>\n\t\t\t\t<\/div>\n\t\t\t\t<\/div>\n\t\t\t\t<div class=\"elementor-element elementor-element-76bcc30 elementor-widget elementor-widget-text-editor\" data-id=\"76bcc30\" data-element_type=\"widget\" data-widget_type=\"text-editor.default\">\n\t\t\t\t<div class=\"elementor-widget-container\">\n\t\t\t\t\t\t\t<p style=\"text-align: center;\"><span style=\"color: #5bbce6; font-family: Poppins, sans-serif; font-size: 20px; font-style: normal; font-weight: 600; text-align: center;\">EJE TEM\u00c1TICO DEL SABER<\/span><\/p>\t\t\t\t\t\t<\/div>\n\t\t\t\t<\/div>\n\t\t\t\t<div class=\"elementor-element elementor-element-479648a elementor-tabs-view-vertical elementor-widget elementor-widget-tabs\" data-id=\"479648a\" data-element_type=\"widget\" data-widget_type=\"tabs.default\">\n\t\t\t\t<div class=\"elementor-widget-container\">\n\t\t\t\t\t<div class=\"elementor-tabs\">\n\t\t\t<div class=\"elementor-tabs-wrapper\" role=\"tablist\" >\n\t\t\t\t\t\t\t\t\t<div id=\"elementor-tab-title-7501\" class=\"elementor-tab-title elementor-tab-desktop-title\" aria-selected=\"true\" data-tab=\"1\" role=\"tab\" tabindex=\"0\" aria-controls=\"elementor-tab-content-7501\" aria-expanded=\"false\">6<\/div>\n\t\t\t\t\t\t\t\t\t<div id=\"elementor-tab-title-7502\" class=\"elementor-tab-title elementor-tab-desktop-title\" aria-selected=\"false\" data-tab=\"2\" role=\"tab\" tabindex=\"-1\" aria-controls=\"elementor-tab-content-7502\" aria-expanded=\"false\">7<\/div>\n\t\t\t\t\t\t\t\t\t<div id=\"elementor-tab-title-7503\" class=\"elementor-tab-title elementor-tab-desktop-title\" aria-selected=\"false\" data-tab=\"3\" role=\"tab\" tabindex=\"-1\" aria-controls=\"elementor-tab-content-7503\" aria-expanded=\"false\">8<\/div>\n\t\t\t\t\t\t\t<\/div>\n\t\t\t<div class=\"elementor-tabs-content-wrapper\" role=\"tablist\" aria-orientation=\"vertical\">\n\t\t\t\t\t\t\t\t\t<div class=\"elementor-tab-title elementor-tab-mobile-title\" aria-selected=\"true\" data-tab=\"1\" role=\"tab\" tabindex=\"0\" aria-controls=\"elementor-tab-content-7501\" aria-expanded=\"false\">6<\/div>\n\t\t\t\t\t<div id=\"elementor-tab-content-7501\" class=\"elementor-tab-content elementor-clearfix\" data-tab=\"1\" role=\"tabpanel\" aria-labelledby=\"elementor-tab-title-7501\" tabindex=\"0\" hidden=\"false\"><p style=\"text-align: center;\">La forma de evaluar puede dar prioridad a lo cualitativo, m\u00e1s\u00a0<span style=\"font-size: 16px; background-color: transparent;\">que a lo cuantitativo.\u00a0<\/span><span style=\"font-size: 16px; background-color: transparent;\">Es decir de 7 quices y parciales, reducir a uno por cada corte.\u00a0<\/span><span style=\"font-size: 16px; background-color: transparent;\">Adem\u00e1s Incluir la entrega de un proyecto final, un v\u00eddeo de 2\u00a0<\/span><span style=\"font-size: 16px; background-color: transparent;\">minutos en el cual el estudiante d\u00e9 a conocer su contexto, la\u00a0<\/span><span style=\"font-size: 16px; background-color: transparent;\">actividad econ\u00f3mica de su regi\u00f3n y c\u00f3mo a partir de \u00e9sta se\u00a0<\/span><span style=\"font-size: 16px; background-color: transparent;\">puede aportar desde los saberes de la profesi\u00f3n.<\/span><\/p><\/div>\n\t\t\t\t\t\t\t\t\t<div class=\"elementor-tab-title elementor-tab-mobile-title\" aria-selected=\"false\" data-tab=\"2\" role=\"tab\" tabindex=\"-1\" aria-controls=\"elementor-tab-content-7502\" aria-expanded=\"false\">7<\/div>\n\t\t\t\t\t<div id=\"elementor-tab-content-7502\" class=\"elementor-tab-content elementor-clearfix\" data-tab=\"2\" role=\"tabpanel\" aria-labelledby=\"elementor-tab-title-7502\" tabindex=\"0\" hidden=\"hidden\"><p style=\"text-align: center;\">Dichos v\u00eddeos har\u00e1n parte de un banco de experiencias que los estudiantes podr\u00e1n consultar, una forma tambi\u00e9n de reconocerles como emprendedores y as\u00ed formar una red de apoyo Cunista, porque no: Inversionistas, Socios, promover el Empleo. (Soporte en redes sociales para aumentar seguidores)<\/p><\/div>\n\t\t\t\t\t\t\t\t\t<div class=\"elementor-tab-title elementor-tab-mobile-title\" aria-selected=\"false\" data-tab=\"3\" role=\"tab\" tabindex=\"-1\" aria-controls=\"elementor-tab-content-7503\" aria-expanded=\"false\">8<\/div>\n\t\t\t\t\t<div id=\"elementor-tab-content-7503\" class=\"elementor-tab-content elementor-clearfix\" data-tab=\"3\" role=\"tabpanel\" aria-labelledby=\"elementor-tab-title-7503\" tabindex=\"0\" hidden=\"hidden\"><p style=\"text-align: center;\">Brindar la oportunidad al estudiante de interactuar y practicar la toma de decisiones a trav\u00e9s con juegos que propicien la reflexi\u00f3n sobre el papel del capital intelectual, la inteligencia emocional y neurociencia. \u201cT\u00fa tienes el control\u201d Por ejemplo, Pel\u00edcula de Netflix se da la opci\u00f3n al usuario que seleccione lo que va suceder en el formato de pel\u00edcula.<\/p><\/div>\n\t\t\t\t\t\t\t<\/div>\n\t\t<\/div>\n\t\t\t\t<\/div>\n\t\t\t\t<\/div>\n\t\t\t\t\t<\/div>\n\t\t<\/div>\n\t\t\t\t\t\t\t<\/div>\n\t\t<\/section>\n\t\t\t\t<section class=\"elementor-section elementor-top-section elementor-element elementor-element-9e7d600 elementor-section-boxed elementor-section-height-default elementor-section-height-default\" data-id=\"9e7d600\" data-element_type=\"section\">\n\t\t\t\t\t\t<div class=\"elementor-container elementor-column-gap-default\">\n\t\t\t\t\t<div class=\"elementor-column elementor-col-100 elementor-top-column elementor-element elementor-element-de7bd6c\" data-id=\"de7bd6c\" data-element_type=\"column\">\n\t\t\t<div class=\"elementor-widget-wrap elementor-element-populated\">\n\t\t\t\t\t\t\t\t<div class=\"elementor-element elementor-element-985077b elementor-tabs-view-horizontal elementor-widget elementor-widget-tabs\" data-id=\"985077b\" data-element_type=\"widget\" data-widget_type=\"tabs.default\">\n\t\t\t\t<div class=\"elementor-widget-container\">\n\t\t\t\t\t<div class=\"elementor-tabs\">\n\t\t\t<div class=\"elementor-tabs-wrapper\" role=\"tablist\" >\n\t\t\t\t\t\t\t\t\t<div id=\"elementor-tab-title-1591\" class=\"elementor-tab-title elementor-tab-desktop-title\" aria-selected=\"true\" data-tab=\"1\" role=\"tab\" tabindex=\"0\" aria-controls=\"elementor-tab-content-1591\" aria-expanded=\"false\">AUTOR<\/div>\n\t\t\t\t\t\t\t\t\t<div id=\"elementor-tab-title-1592\" class=\"elementor-tab-title elementor-tab-desktop-title\" aria-selected=\"false\" data-tab=\"2\" role=\"tab\" tabindex=\"-1\" aria-controls=\"elementor-tab-content-1592\" aria-expanded=\"false\">PERFIL PROFESIONAL<\/div>\n\t\t\t\t\t\t\t<\/div>\n\t\t\t<div class=\"elementor-tabs-content-wrapper\" role=\"tablist\" aria-orientation=\"vertical\">\n\t\t\t\t\t\t\t\t\t<div class=\"elementor-tab-title elementor-tab-mobile-title\" aria-selected=\"true\" data-tab=\"1\" role=\"tab\" tabindex=\"0\" aria-controls=\"elementor-tab-content-1591\" aria-expanded=\"false\">AUTOR<\/div>\n\t\t\t\t\t<div id=\"elementor-tab-content-1591\" class=\"elementor-tab-content elementor-clearfix\" data-tab=\"1\" role=\"tabpanel\" aria-labelledby=\"elementor-tab-title-1591\" tabindex=\"0\" hidden=\"false\"><p style=\"text-align: center;\"><img decoding=\"async\" loading=\"lazy\" class=\"alignnone size-medium wp-image-2174\" src=\"https:\/\/virtual.cun.edu.co\/cemp\/wp-content\/uploads\/2020\/11\/14-300x300.png\" alt=\"\" width=\"300\" height=\"300\" \/><\/p><p style=\"text-align: center;\">Lizedh Mart\u00ednez<\/p><\/div>\n\t\t\t\t\t\t\t\t\t<div class=\"elementor-tab-title elementor-tab-mobile-title\" aria-selected=\"false\" data-tab=\"2\" role=\"tab\" tabindex=\"-1\" aria-controls=\"elementor-tab-content-1592\" aria-expanded=\"false\">PERFIL PROFESIONAL<\/div>\n\t\t\t\t\t<div id=\"elementor-tab-content-1592\" class=\"elementor-tab-content elementor-clearfix\" data-tab=\"2\" role=\"tabpanel\" aria-labelledby=\"elementor-tab-title-1592\" tabindex=\"0\" hidden=\"hidden\"><p style=\"text-align: center;\"><span class=\"lt-line-clamp__raw-line\">Experiencia laboral en el sector p\u00fablico y privado. Ha desarrollado conocimientos en:<br \/>&#8211; Dise\u00f1o de planes de formaci\u00f3n dirigidos a docentes y estudiantes<br \/>&#8211; Consultor\u00eda y contacto externo con empresarios para el fortalecimiento de pr\u00e1cticas profesionales<br \/>&#8211; Experiencia y gesti\u00f3n en educaci\u00f3n superior con \u00e9nfasis en bienestar estudiantil, proyecci\u00f3n social, emprendimiento e innovaci\u00f3n<br \/>&#8211; Revisi\u00f3n a pertinencia de mallas curriculares, dise\u00f1o instruccional, autoevaluaci\u00f3n de programas y elaboraci\u00f3n de documentos maestros<br \/>&#8211; Experiencia en orientaci\u00f3n y acompa\u00f1amiento a estudiantes en la gesti\u00f3n de proyectos de emprendimiento e innovaci\u00f3n, a partir del enfoque de psicolog\u00eda y gesti\u00f3n del conocimiento<br \/>&#8211; Se ha desempe\u00f1ado en cargos como orientador psicosocial, psicopedagoga, mentora, l\u00edder de \u00e1rea bienestar estudiantil, l\u00edder de pr\u00e1cticas profesionales y docencia universitaria<\/span>\u00a0<\/p><\/div>\n\t\t\t\t\t\t\t<\/div>\n\t\t<\/div>\n\t\t\t\t<\/div>\n\t\t\t\t<\/div>\n\t\t\t\t<div class=\"elementor-element elementor-element-01f0f89 elementor-align-center elementor-widget elementor-widget-button\" data-id=\"01f0f89\" data-element_type=\"widget\" data-widget_type=\"button.default\">\n\t\t\t\t<div class=\"elementor-widget-container\">\n\t\t\t\t\t<div class=\"elementor-button-wrapper\">\n\t\t\t<a href=\"https:\/\/www.linkedin.com\/in\/lizedh-mart%C3%ADnez-p%C3%A1ez-141240176\/\" class=\"elementor-button-link elementor-button elementor-size-sm\" role=\"button\">\n\t\t\t\t\t\t<span class=\"elementor-button-content-wrapper\">\n\t\t\t\t\t\t<span class=\"elementor-button-text\">PERFIL<\/span>\n\t\t<\/span>\n\t\t\t\t\t<\/a>\n\t\t<\/div>\n\t\t\t\t<\/div>\n\t\t\t\t<\/div>\n\t\t\t\t\t<\/div>\n\t\t<\/div>\n\t\t\t\t\t\t\t<\/div>\n\t\t<\/section>\n\t\t\t\t\t\t\t<\/div>\n\t\t","protected":false},"excerpt":{"rendered":"<p>Actualmente los escenarios de educaci\u00f3n en todos los niveles atraviesan diferentes procesos de transformaci\u00f3n, esto con el fin de alcanzar una reinvenci\u00f3n educativa que contribuya al logro de objetivos de formaci\u00f3n de ni\u00f1os, j\u00f3venes y adultos. En el caso de las Instituciones de Educaci\u00f3n Superior (IES), las directivas y cuerpo docente adquieren un gran compromiso [&hellip;]<\/p>\n","protected":false},"author":1,"featured_media":0,"comment_status":"open","ping_status":"open","sticky":false,"template":"","format":"standard","meta":[],"categories":[1],"tags":[],"_links":{"self":[{"href":"https:\/\/virtual.cun.edu.co\/cemp\/wp-json\/wp\/v2\/posts\/3559"}],"collection":[{"href":"https:\/\/virtual.cun.edu.co\/cemp\/wp-json\/wp\/v2\/posts"}],"about":[{"href":"https:\/\/virtual.cun.edu.co\/cemp\/wp-json\/wp\/v2\/types\/post"}],"author":[{"embeddable":true,"href":"https:\/\/virtual.cun.edu.co\/cemp\/wp-json\/wp\/v2\/users\/1"}],"replies":[{"embeddable":true,"href":"https:\/\/virtual.cun.edu.co\/cemp\/wp-json\/wp\/v2\/comments?post=3559"}],"version-history":[{"count":0,"href":"https:\/\/virtual.cun.edu.co\/cemp\/wp-json\/wp\/v2\/posts\/3559\/revisions"}],"wp:attachment":[{"href":"https:\/\/virtual.cun.edu.co\/cemp\/wp-json\/wp\/v2\/media?parent=3559"}],"wp:term":[{"taxonomy":"category","embeddable":true,"href":"https:\/\/virtual.cun.edu.co\/cemp\/wp-json\/wp\/v2\/categories?post=3559"},{"taxonomy":"post_tag","embeddable":true,"href":"https:\/\/virtual.cun.edu.co\/cemp\/wp-json\/wp\/v2\/tags?post=3559"}],"curies":[{"name":"wp","href":"https:\/\/api.w.org\/{rel}","templated":true}]}}