{"id":2468,"date":"2021-01-26T16:00:21","date_gmt":"2021-01-26T16:00:21","guid":{"rendered":"https:\/\/virtual.cun.edu.co\/cemp\/?p=2468"},"modified":"2021-01-27T21:55:54","modified_gmt":"2021-01-27T21:55:54","slug":"casos-de-responsabilidad-social-empresarial-sobre-la-gestion-del-tiempo-libre-para-combatir-el-trabajo-infantil","status":"publish","type":"post","link":"https:\/\/virtual.cun.edu.co\/cemp\/2021\/01\/26\/casos-de-responsabilidad-social-empresarial-sobre-la-gestion-del-tiempo-libre-para-combatir-el-trabajo-infantil\/","title":{"rendered":"CASOS DE RESPONSABILIDAD SOCIAL EMPRESARIAL SOBRE LA GESTI\u00d3N DEL TIEMPO LIBRE PARA COMBATIR EL TRABAJO INFANTIL"},"content":{"rendered":"\t\t<div data-elementor-type=\"wp-post\" data-elementor-id=\"2468\" class=\"elementor elementor-2468\">\n\t\t\t\t\t\t\t\t\t<section class=\"elementor-section elementor-top-section elementor-element elementor-element-77abfbc elementor-section-boxed elementor-section-height-default elementor-section-height-default\" data-id=\"77abfbc\" data-element_type=\"section\">\n\t\t\t\t\t\t<div class=\"elementor-container elementor-column-gap-default\">\n\t\t\t\t\t<div class=\"elementor-column elementor-col-100 elementor-top-column elementor-element elementor-element-4fd640a\" data-id=\"4fd640a\" data-element_type=\"column\">\n\t\t\t<div class=\"elementor-widget-wrap elementor-element-populated\">\n\t\t\t\t\t\t\t\t<div class=\"elementor-element elementor-element-e65c19b elementor-widget elementor-widget-text-editor\" data-id=\"e65c19b\" data-element_type=\"widget\" data-widget_type=\"text-editor.default\">\n\t\t\t\t<div class=\"elementor-widget-container\">\n\t\t\t\t\t\t\t<p>Una de las principales problem\u00e1ticas al hacer referencia al trabajo infantil, es que <span style=\"color: #33cccc;\">los ni\u00f1os, ni\u00f1as y adolescentes &#8211; NNA que viven en las zonas rurales; no tienen las mismas oportunidades y actividades para el disfrute y aprovechamiento del tiempo libre que aquellos que habitan en los cascos urbanos, debido a la contribuci\u00f3n que tienen que brindar hacia su familia, as\u00ed como por que los parques, escuelas y actividades se tienden a centrar en las cabeceras municipales, lo que dificulta su acceso y su pleno disfrute por parte de los NNA.<\/span><\/p><p>As\u00ed, la escasa participaci\u00f3n de los NNA en las actividades ofrecidas por los municipios se produce por la baja oferta de escenarios y de variedad en actividades de gesti\u00f3n del tiempo libre, as\u00ed como por la distancia entre el hogar del menor y el lugar a desarrollar la actividad, aspecto que se puede trabajar desde la responsabilidad social empresarial-RSE y por medio de convenios con los entes gubernamentales, con el fin de aumentar el grado de inclusi\u00f3n en la poblaci\u00f3n rural.<\/p><p>Fundaci\u00f3n Telef\u00f3nica es un caso de ejemplo de c\u00f3mo las empresas se pueden vincular por medio de su RSE. Este caso fue documentado por el Ministerio de trabajo y la OIT (2012, a), y en el cual, se centra en trasladar las estrategias para el aprovechamiento del uso del tiempo libre a los lugares en que los ni\u00f1os son m\u00e1s vulnerables. As\u00ed, los ni\u00f1os no ten\u00edan la necesidad de desplazarse hasta el lugar donde se ofrece la actividad, sino que los profesionales fueron los encargados de dirigirse hasta el interior de la plaza de mercado, para ofrecer actividades de uso del tiempo libre a los NNA que acompa\u00f1an a sus padres a vender los productos. Lo anterior con el fin de que los menores no se vieran expuestos a situaciones de trabajo infantil y se encontraran en un entorno protector, sin la necesidad de un desplazamiento adicional.<\/p><p>De igual forma, la Fundaci\u00f3n Telef\u00f3nica (2017) presenta otro caso de estudio, centrado en las vacaciones solidarias; donde se les da la oportunidad a sus colaboradores de usar propias vacaciones con el objetivo de compartir con comunidades vulnerables, como el caso de los menores que se encuentran en situaci\u00f3n de trabajo infantil, partiendo del involucramiento de su grupo de inter\u00e9s m\u00e1s cercano, y haci\u00e9ndolos participes de la soluci\u00f3n del problema, a la vez que generan compromiso hacia la organizaci\u00f3n, desarrollo personal en sus empleados y mejora el sentido de pertenec\u00eda, integraci\u00f3n y satisfacci\u00f3n profesional. Las vacaciones solidarias van desde la adecuaci\u00f3n de un centro para el aprovechamiento del tiempo libre, el acompa\u00f1amiento educativo, el cuidado del medio ambiente y el\u00a0<span style=\"font-size: 16px; background-color: transparent;\">uso de la tecnolog\u00eda, contando con el apoyo de los entes gubernamentales donde realizan los\u00a0<\/span><span style=\"font-size: 16px; background-color: transparent;\">proyectos.<\/span><\/p>\t\t\t\t\t\t<\/div>\n\t\t\t\t<\/div>\n\t\t\t\t\t<\/div>\n\t\t<\/div>\n\t\t\t\t\t\t\t<\/div>\n\t\t<\/section>\n\t\t\t\t<section class=\"elementor-section elementor-top-section elementor-element elementor-element-7105179 elementor-section-boxed elementor-section-height-default elementor-section-height-default\" data-id=\"7105179\" data-element_type=\"section\">\n\t\t\t\t\t\t<div class=\"elementor-container elementor-column-gap-default\">\n\t\t\t\t\t<div class=\"elementor-column elementor-col-100 elementor-top-column elementor-element elementor-element-7e000cb\" data-id=\"7e000cb\" data-element_type=\"column\">\n\t\t\t<div class=\"elementor-widget-wrap elementor-element-populated\">\n\t\t\t\t\t\t\t\t<div class=\"elementor-element elementor-element-01fa7c1 elementor-widget elementor-widget-image\" data-id=\"01fa7c1\" data-element_type=\"widget\" data-widget_type=\"image.default\">\n\t\t\t\t<div class=\"elementor-widget-container\">\n\t\t\t\t\t\t\t\t\t\t\t\t\t\t\t<img decoding=\"async\" src=\"https:\/\/virtual.cun.edu.co\/cemp\/wp-content\/uploads\/2021\/01\/TIIII-2.png\" title=\"\" alt=\"\" loading=\"lazy\" \/>\t\t\t\t\t\t\t\t\t\t\t\t\t\t\t<\/div>\n\t\t\t\t<\/div>\n\t\t\t\t<div class=\"elementor-element elementor-element-15121b6 elementor-widget elementor-widget-text-editor\" data-id=\"15121b6\" data-element_type=\"widget\" data-widget_type=\"text-editor.default\">\n\t\t\t\t<div class=\"elementor-widget-container\">\n\t\t\t\t\t\t\t<p>Otro caso por resaltar es el programa de MEDCOM (2020) \u201cCruzada Juvenil por la Paz\u201d, el cual est\u00e1 dirigido a los j\u00f3venes entre 13 y 18 a\u00f1os, que viven en sectores vulnerables. <span style=\"color: #33cccc;\">El programa tiene el objetivo de ayudar a formar en los NNA, habilidades y caracter\u00edsticas de liderazgo, as\u00ed como contribuir al desarrollo de su proyecto de vida y a su empoderamiento.<\/span> Este programa se desarrolla los s\u00e1bados, a trav\u00e9s de talleres, conferencias, capacitaciones, ofrecidos por diferentes ONG y organizaciones especializadas, enfocadas en la prevenci\u00f3n de la violencia, la generaci\u00f3n de una cultura de paz entre los j\u00f3venes, y el desarrollo de actividades l\u00fadicas como forma de un buen aprovechamiento del tiempo libre, como el voluntariado en sus propias comunidades.<\/p><p><span style=\"font-size: 16px; background-color: transparent;\">Ahora bien, como<span style=\"color: #33cccc;\"> factores claves a la hora de generar una estrategia por parte de las empresas,\u00a0<\/span><\/span><span style=\"font-size: 16px; background-color: transparent; color: #33cccc;\">enfocada en el aprovechamiento del tiempo libre de los NNA, es el contar con la participaci\u00f3n de la\u00a0<\/span><span style=\"font-size: 16px; background-color: transparent;\"><span style=\"color: #33cccc;\">familia del menor,<\/span> pues como lo exponen Schoeppe, R\u00f6bl, Liersch, Krauth, y Walter (2016), <span style=\"color: #33cccc;\">los\u00a0<\/span><\/span><span style=\"color: #33cccc;\"><span style=\"font-size: 16px; background-color: transparent;\">padres tienen la capacidad de influenciar positivamente a sus hijos para realizar una actividad f\u00edsica\u00a0<\/span><span style=\"font-size: 16px; background-color: transparent;\">en su tiempo libre, adem\u00e1s que se logra impulsar la integraci\u00f3n familiar y la generaci\u00f3n de valores\u00a0<\/span><span style=\"font-size: 16px; background-color: transparent;\">desde el hogar, la cultura y el deporte.<\/span><\/span><\/p><p>Sin embargo, se debe tener en cuenta que es bajo el n\u00famero de ni\u00f1os que consideran las actividades f\u00edsicas como una iniciativa atrayente para invertir su tiempo libre, por lo que la motivaci\u00f3n y la forma de acercamiento con el menor, es clave para el \u00e9xito de una estrategia de RSE enfocada en el tiempo libre de los NNA (Miholi\u0107, Hraski, y Jurani\u0107, 2016).<\/p><p><span style=\"color: #33cccc;\">De igual forma, las estrategias de aprovechamiento del tiempo libre deben enfocarse en el fortalecimiento de las familias como n\u00facleo social y protector del menor, as\u00ed como en la trasformaci\u00f3n de los patrones culturales que aceptan el trabajo infantil.<\/span> As\u00ed, se puede ofrecer apoyo psicosocial y acad\u00e9mico a los NNA despu\u00e9s de la jornada escolar, con el fin de romper pr\u00e1cticas culturales relacionadas al trabajo en los menores, estas actividades pueden ser apoyadas con alianza de pasantes de psicolog\u00eda (Ministerio de Trabajo colombiano y la OIT, 2012, b).<\/p><p>Adem\u00e1s, se den contemplar la sensibilizaci\u00f3n a los padres de los menores a trav\u00e9s de talleres sobre las normas en torno al trabajo infantil y sus consecuencias futuras en el menor, tanto sociales como a nivel econ\u00f3mico. As\u00ed como alianzas entidades educativas con el fin de poder utilizar sus instalaciones en las jornadas complementarias ofrecidas, vinculando a los docentes y a los estudiantes en la sensibilizaci\u00f3n sobre la problem\u00e1tica (Ministerio de Trabajo colombiano y la OIT, 2012, b).<\/p>\t\t\t\t\t\t<\/div>\n\t\t\t\t<\/div>\n\t\t\t\t\t<\/div>\n\t\t<\/div>\n\t\t\t\t\t\t\t<\/div>\n\t\t<\/section>\n\t\t\t\t<section class=\"elementor-section elementor-top-section elementor-element elementor-element-2188a9f elementor-section-boxed elementor-section-height-default elementor-section-height-default\" data-id=\"2188a9f\" data-element_type=\"section\">\n\t\t\t\t\t\t<div class=\"elementor-container elementor-column-gap-default\">\n\t\t\t\t\t<div class=\"elementor-column elementor-col-100 elementor-top-column elementor-element elementor-element-d9f5d47\" data-id=\"d9f5d47\" data-element_type=\"column\">\n\t\t\t<div class=\"elementor-widget-wrap elementor-element-populated\">\n\t\t\t\t\t\t\t\t<div class=\"elementor-element elementor-element-cac3cc6 elementor-tabs-view-horizontal elementor-widget elementor-widget-tabs\" data-id=\"cac3cc6\" data-element_type=\"widget\" data-widget_type=\"tabs.default\">\n\t\t\t\t<div class=\"elementor-widget-container\">\n\t\t\t\t\t<div class=\"elementor-tabs\">\n\t\t\t<div class=\"elementor-tabs-wrapper\" role=\"tablist\" >\n\t\t\t\t\t\t\t\t\t<div id=\"elementor-tab-title-2121\" class=\"elementor-tab-title elementor-tab-desktop-title\" aria-selected=\"true\" data-tab=\"1\" role=\"tab\" tabindex=\"0\" aria-controls=\"elementor-tab-content-2121\" aria-expanded=\"false\">AUTOR<\/div>\n\t\t\t\t\t\t\t<\/div>\n\t\t\t<div class=\"elementor-tabs-content-wrapper\" role=\"tablist\" aria-orientation=\"vertical\">\n\t\t\t\t\t\t\t\t\t<div class=\"elementor-tab-title elementor-tab-mobile-title\" aria-selected=\"true\" data-tab=\"1\" role=\"tab\" tabindex=\"0\" aria-controls=\"elementor-tab-content-2121\" aria-expanded=\"false\">AUTOR<\/div>\n\t\t\t\t\t<div id=\"elementor-tab-content-2121\" class=\"elementor-tab-content elementor-clearfix\" data-tab=\"1\" role=\"tabpanel\" aria-labelledby=\"elementor-tab-title-2121\" tabindex=\"0\" hidden=\"false\"><p><a href=\"https:\/\/www.linkedin.com\/in\/oscar-mauricio-g%C3%B3mez-miranda-0ba63276\/\" target=\"_blank\" rel=\"noopener\"><img decoding=\"async\" loading=\"lazy\" class=\"aligncenter wp-image-2132 size-medium\" src=\"https:\/\/virtual.cun.edu.co\/cemp\/wp-content\/uploads\/2020\/11\/10-300x300.png\" alt=\"\" width=\"300\" height=\"300\" \/><\/a><\/p><h5 class=\"mini-profile-info-title\" style=\"text-align: center;\">Oscar Mauricio Gomez Miranda<\/h5><p><img decoding=\"async\" loading=\"lazy\" class=\"wp-image-2591 aligncenter\" src=\"https:\/\/virtual.cun.edu.co\/cemp\/wp-content\/uploads\/2021\/01\/linkedind-300x300.png\" alt=\"\" width=\"20\" height=\"20\" srcset=\"https:\/\/virtual.cun.edu.co\/cemp\/wp-content\/uploads\/2021\/01\/linkedind-300x300.png 300w, https:\/\/virtual.cun.edu.co\/cemp\/wp-content\/uploads\/2021\/01\/linkedind-150x150.png 150w, https:\/\/virtual.cun.edu.co\/cemp\/wp-content\/uploads\/2021\/01\/linkedind.png 512w\" sizes=\"(max-width: 20px) 100vw, 20px\" \/><\/p><p style=\"text-align: center;\"><span style=\"text-decoration: underline;\"><a href=\"https:\/\/www.linkedin.com\/in\/oscar-mauricio-g%C3%B3mez-miranda-0ba63276\/\" target=\"_blank\" rel=\"noopener\">Perfil de LinkedIn<\/a><\/span><\/p><\/div>\n\t\t\t\t\t\t\t<\/div>\n\t\t<\/div>\n\t\t\t\t<\/div>\n\t\t\t\t<\/div>\n\t\t\t\t\t<\/div>\n\t\t<\/div>\n\t\t\t\t\t\t\t<\/div>\n\t\t<\/section>\n\t\t\t\t\t\t\t<\/div>\n\t\t","protected":false},"excerpt":{"rendered":"<p>Una de las principales problem\u00e1ticas al hacer referencia al trabajo infantil, es que los ni\u00f1os, ni\u00f1as y adolescentes &#8211; NNA que viven en las zonas rurales; no tienen las mismas oportunidades y actividades para el disfrute y aprovechamiento del tiempo libre que aquellos que habitan en los cascos urbanos, debido a la contribuci\u00f3n que tienen [&hellip;]<\/p>\n","protected":false},"author":1,"featured_media":0,"comment_status":"open","ping_status":"open","sticky":false,"template":"","format":"standard","meta":[],"categories":[1],"tags":[],"_links":{"self":[{"href":"https:\/\/virtual.cun.edu.co\/cemp\/wp-json\/wp\/v2\/posts\/2468"}],"collection":[{"href":"https:\/\/virtual.cun.edu.co\/cemp\/wp-json\/wp\/v2\/posts"}],"about":[{"href":"https:\/\/virtual.cun.edu.co\/cemp\/wp-json\/wp\/v2\/types\/post"}],"author":[{"embeddable":true,"href":"https:\/\/virtual.cun.edu.co\/cemp\/wp-json\/wp\/v2\/users\/1"}],"replies":[{"embeddable":true,"href":"https:\/\/virtual.cun.edu.co\/cemp\/wp-json\/wp\/v2\/comments?post=2468"}],"version-history":[{"count":9,"href":"https:\/\/virtual.cun.edu.co\/cemp\/wp-json\/wp\/v2\/posts\/2468\/revisions"}],"predecessor-version":[{"id":2778,"href":"https:\/\/virtual.cun.edu.co\/cemp\/wp-json\/wp\/v2\/posts\/2468\/revisions\/2778"}],"wp:attachment":[{"href":"https:\/\/virtual.cun.edu.co\/cemp\/wp-json\/wp\/v2\/media?parent=2468"}],"wp:term":[{"taxonomy":"category","embeddable":true,"href":"https:\/\/virtual.cun.edu.co\/cemp\/wp-json\/wp\/v2\/categories?post=2468"},{"taxonomy":"post_tag","embeddable":true,"href":"https:\/\/virtual.cun.edu.co\/cemp\/wp-json\/wp\/v2\/tags?post=2468"}],"curies":[{"name":"wp","href":"https:\/\/api.w.org\/{rel}","templated":true}]}}