{"id":2444,"date":"2021-01-25T11:00:13","date_gmt":"2021-01-25T11:00:13","guid":{"rendered":"https:\/\/virtual.cun.edu.co\/cemp\/?p=2444"},"modified":"2021-01-26T14:25:21","modified_gmt":"2021-01-26T14:25:21","slug":"lideres-y-grupos-corporativos","status":"publish","type":"post","link":"https:\/\/virtual.cun.edu.co\/cemp\/2021\/01\/25\/lideres-y-grupos-corporativos\/","title":{"rendered":"L\u00cdDERES Y GRUPOS CORPORATIVOS"},"content":{"rendered":"\t\t<div data-elementor-type=\"wp-post\" data-elementor-id=\"2444\" class=\"elementor elementor-2444\">\n\t\t\t\t\t\t\t\t\t<section class=\"elementor-section elementor-top-section elementor-element elementor-element-fe34465 elementor-section-boxed elementor-section-height-default elementor-section-height-default\" data-id=\"fe34465\" data-element_type=\"section\">\n\t\t\t\t\t\t<div class=\"elementor-container elementor-column-gap-default\">\n\t\t\t\t\t<div class=\"elementor-column elementor-col-100 elementor-top-column elementor-element elementor-element-92848d1\" data-id=\"92848d1\" data-element_type=\"column\">\n\t\t\t<div class=\"elementor-widget-wrap elementor-element-populated\">\n\t\t\t\t\t\t\t\t<div class=\"elementor-element elementor-element-2fee768 elementor-widget elementor-widget-text-editor\" data-id=\"2fee768\" data-element_type=\"widget\" data-widget_type=\"text-editor.default\">\n\t\t\t\t<div class=\"elementor-widget-container\">\n\t\t\t\t\t\t\t<p>Es muy probable que el tema del liderazgo aborde las esferas educativas y laborales de los seres humanos, los cargos jerarquizados permiten la coordinaci\u00f3n de procesos orientados a un mismo fin. Este art\u00edculo se concentrar\u00e1 en <span style=\"color: #33cccc;\">distinguir los grupos corporativos, sus diversas caracter\u00edsticas y, por \u00faltimo, exponer las condiciones para que una persona asuma el rol de forma \u00f3ptima cubriendo las necesidades del grupo.<\/span><\/p><p>Antes que nada, es importante definir el t\u00e9rmino equipo entendido como: \u2018grupo de trabajo en el que los miembros tienen un prop\u00f3sito com\u00fan, papeles interdependientes y habilidades complementarias\u2019 (Yukl, 2008, p\u00e1g. 332). Debido a la pluralidad y distinci\u00f3n de equipos organizacionales se tratar\u00e1 de tomar los tipos m\u00e1s relevantes y posteriormente, exponer el papel del l\u00edder en ellos.<\/p><p>Cuando hablamos de equipos funcionales contamos aquellos que hacen parte de una misma funci\u00f3n; un ejemplo de ello es un grupo de operaciones especiales, all\u00ed el papel del l\u00edder compone una figura de autoridad, sin embargo, en la toma de decisiones y en algunas funciones del l\u00edder pueden intervenir los otros miembros del grupo, ya que la experiencia los hace a todos especialistas del proceso.<\/p><p>Si se trata de un equipo multifuncional, se hace referencia a un conglomerado de diversos especialistas orientados a una meta u objetivo complejo, que lleva en s\u00ed mismo alta cooperaci\u00f3n y resoluci\u00f3n colectiva. Un ejemplo de esta tipolog\u00eda de grupo puede ser el dise\u00f1o de una campa\u00f1a publicitaria; la cual exige la agrupaci\u00f3n de algunas unidades de la organizaci\u00f3n. Debido a la diversidad de procesos y conceptos, el l\u00edder puede tener dificultad al guiar al equipo, sin embargo, este debe poseer habilidades de gesti\u00f3n de proyectos, interpersonales, cognitivas y pol\u00edticas (Yukl, 2008, p\u00e1g. 342)<\/p>\t\t\t\t\t\t<\/div>\n\t\t\t\t<\/div>\n\t\t\t\t<div class=\"elementor-element elementor-element-8f664df elementor-widget elementor-widget-image\" data-id=\"8f664df\" data-element_type=\"widget\" data-widget_type=\"image.default\">\n\t\t\t\t<div class=\"elementor-widget-container\">\n\t\t\t\t\t\t\t\t\t\t\t\t\t\t\t<img decoding=\"async\" src=\"https:\/\/virtual.cun.edu.co\/cemp\/wp-content\/uploads\/2021\/01\/LIDERES-2.png\" title=\"\" alt=\"\" loading=\"lazy\" \/>\t\t\t\t\t\t\t\t\t\t\t\t\t\t\t<\/div>\n\t\t\t\t<\/div>\n\t\t\t\t<div class=\"elementor-element elementor-element-f39ede2 elementor-widget elementor-widget-text-editor\" data-id=\"f39ede2\" data-element_type=\"widget\" data-widget_type=\"text-editor.default\">\n\t\t\t\t<div class=\"elementor-widget-container\">\n\t\t\t\t\t\t\t<p>Para el liderazgo de este equipo, Michael Mumford y sus colaboradores plantearon 3 procesos esenciales al momento de liderar a un grupo multifuncional, consist\u00edan\u00a0<span style=\"font-size: 16px; background-color: transparent;\">en la generaci\u00f3n, estructuraci\u00f3n y promoci\u00f3n de ideas. En este caso, el l\u00edder tiene\u00a0<\/span><span style=\"font-size: 16px; background-color: transparent;\">que ser creativo para construir el proyecto de acuerdo a todas las visiones.<\/span><\/p><p>Ahora bien<span style=\"color: #33cccc;\">, para los equipos auto dirigidos; en los cuales sus actividades son de rasgo operativo o de producci\u00f3n, es importante realizar una distinci\u00f3n entre liderazgo interno y liderazgo externo.<\/span> En el primero, el cargo es elegido por los miembros del equipo, este puede ser rotativo ya que todos manejan los conocimientos para desarrollar la operaci\u00f3n de forma \u00f3ptima, aqu\u00ed las funciones del l\u00edder son coordinar, facilitar e implementar decisiones.\u00a0<\/p><p>En cuanto al liderazgo auto dirigido externo, se asimila como un asesor de operaci\u00f3n, el cual se encuentra a disposici\u00f3n de los miembros del equipo para ayudarlos a desarrollar habilidades. Un cargo que sirve para ejemplificar este rol es el de supervisor de operaci\u00f3n.<\/p><p>Por \u00faltimo, <span style=\"color: #33cccc;\">el equipo virtual. En este los trabajadores\/as pueden tener distinciones culturales, las labores se desenvuelven por medio de redes sociales y plataformas virtuales corporativas.<\/span> En este grupo el l\u00edder tiene que asumir retos con el prop\u00f3sito de coordinar y hacer seguimiento a las tareas programadas. Aunque pueden existir m\u00e1s clases o tipos de equipos, es importante reconocer que las condiciones de cada uno de ellos exigen un l\u00edder con determinadas habilidades para que el nivel de productividad o de respuesta sea alcanzado.<br \/>Muchos aseguran que el liderazgo es un rol que exige unos \u00fanicos rasgos y habilidades; lo cierto, es que el l\u00edder puede desarrollarse en su rol en la medida en que entienda c\u00f3mo se comporta el grupo y cu\u00e1l es su forma de cumplir los objetivos en la organizaci\u00f3n. Por eso antes que nada es mejor observar a los miembros del equipo en su comportamiento natural y ya una vez se percibe sus rasgos a nivel individual y grupal el l\u00edder puede generar un plan de acci\u00f3n; de no ser as\u00ed, irrumpir\u00e1 en el contexto laboral imponiendo aspectos que el equipo no va asimilar de la forma esperada, -\u00f1r.en dicen que es mejor observar y callar.<\/p>\t\t\t\t\t\t<\/div>\n\t\t\t\t<\/div>\n\t\t\t\t\t<\/div>\n\t\t<\/div>\n\t\t\t\t\t\t\t<\/div>\n\t\t<\/section>\n\t\t\t\t<section class=\"elementor-section elementor-top-section elementor-element elementor-element-f1ca21e elementor-section-boxed elementor-section-height-default elementor-section-height-default\" data-id=\"f1ca21e\" data-element_type=\"section\">\n\t\t\t\t\t\t<div class=\"elementor-container elementor-column-gap-default\">\n\t\t\t\t\t<div class=\"elementor-column elementor-col-100 elementor-top-column elementor-element elementor-element-12440c7\" data-id=\"12440c7\" data-element_type=\"column\">\n\t\t\t<div class=\"elementor-widget-wrap elementor-element-populated\">\n\t\t\t\t\t\t\t\t<div class=\"elementor-element elementor-element-6926271 elementor-tabs-view-horizontal elementor-widget elementor-widget-tabs\" data-id=\"6926271\" data-element_type=\"widget\" data-widget_type=\"tabs.default\">\n\t\t\t\t<div class=\"elementor-widget-container\">\n\t\t\t\t\t<div class=\"elementor-tabs\">\n\t\t\t<div class=\"elementor-tabs-wrapper\" role=\"tablist\" >\n\t\t\t\t\t\t\t\t\t<div id=\"elementor-tab-title-1101\" class=\"elementor-tab-title elementor-tab-desktop-title\" aria-selected=\"true\" data-tab=\"1\" role=\"tab\" tabindex=\"0\" aria-controls=\"elementor-tab-content-1101\" aria-expanded=\"false\">AUTOR<\/div>\n\t\t\t\t\t\t\t\t\t<div id=\"elementor-tab-title-1102\" class=\"elementor-tab-title elementor-tab-desktop-title\" aria-selected=\"false\" data-tab=\"2\" role=\"tab\" tabindex=\"-1\" aria-controls=\"elementor-tab-content-1102\" aria-expanded=\"false\">PERFIL PROFESIONAL<\/div>\n\t\t\t\t\t\t\t<\/div>\n\t\t\t<div class=\"elementor-tabs-content-wrapper\" role=\"tablist\" aria-orientation=\"vertical\">\n\t\t\t\t\t\t\t\t\t<div class=\"elementor-tab-title elementor-tab-mobile-title\" aria-selected=\"true\" data-tab=\"1\" role=\"tab\" tabindex=\"0\" aria-controls=\"elementor-tab-content-1101\" aria-expanded=\"false\">AUTOR<\/div>\n\t\t\t\t\t<div id=\"elementor-tab-content-1101\" class=\"elementor-tab-content elementor-clearfix\" data-tab=\"1\" role=\"tabpanel\" aria-labelledby=\"elementor-tab-title-1101\" tabindex=\"0\" hidden=\"false\"><h6 style=\"text-align: center;\"><a href=\"https:\/\/www.linkedin.com\/in\/karem-moreno-sep%C3%BAlveda-227492176\/\" target=\"_blank\" rel=\"noopener\"><img decoding=\"async\" loading=\"lazy\" class=\"aligncenter wp-image-2093 size-medium\" src=\"https:\/\/virtual.cun.edu.co\/cemp\/wp-content\/uploads\/2020\/11\/16-300x300.png\" alt=\"\" width=\"300\" height=\"300\" \/><\/a><\/h6><h5 style=\"text-align: center;\">Karem Moreno Sep\u00falveda<\/h5><p><img decoding=\"async\" loading=\"lazy\" class=\" wp-image-2591 aligncenter\" src=\"https:\/\/virtual.cun.edu.co\/cemp\/wp-content\/uploads\/2021\/01\/linkedind-300x300.png\" alt=\"\" width=\"25\" height=\"25\" srcset=\"https:\/\/virtual.cun.edu.co\/cemp\/wp-content\/uploads\/2021\/01\/linkedind-300x300.png 300w, https:\/\/virtual.cun.edu.co\/cemp\/wp-content\/uploads\/2021\/01\/linkedind-150x150.png 150w, https:\/\/virtual.cun.edu.co\/cemp\/wp-content\/uploads\/2021\/01\/linkedind.png 512w\" sizes=\"(max-width: 25px) 100vw, 25px\" \/><\/p><p style=\"text-align: center;\"><span style=\"text-decoration: underline;\"><a href=\"https:\/\/www.linkedin.com\/in\/karem-moreno-sep%C3%BAlveda-227492176\/\" target=\"_blank\" rel=\"noopener\">Perfil de LinkedIn<\/a><\/span><\/p><\/div>\n\t\t\t\t\t\t\t\t\t<div class=\"elementor-tab-title elementor-tab-mobile-title\" aria-selected=\"false\" data-tab=\"2\" role=\"tab\" tabindex=\"-1\" aria-controls=\"elementor-tab-content-1102\" aria-expanded=\"false\">PERFIL PROFESIONAL<\/div>\n\t\t\t\t\t<div id=\"elementor-tab-content-1102\" class=\"elementor-tab-content elementor-clearfix\" data-tab=\"2\" role=\"tabpanel\" aria-labelledby=\"elementor-tab-title-1102\" tabindex=\"0\" hidden=\"hidden\"><p style=\"text-align: center;\"><span class=\"lt-line-clamp__line\">Profesional en Comunicaci\u00f3n y especialista de mercadeo en proceso. Apasionada por la radio y entusiasta por el<\/span>\u00a0<span class=\"lt-line-clamp__line\">Marketing y desarrollo empresarial, con conocimientos b\u00e1sicos de edici\u00f3n de v\u00eddeo, imagen y audio, amante de la<\/span>\u00a0<span class=\"lt-line-clamp__line lt-line-clamp__line--last\">planeaci\u00f3n y generaci\u00f3n de estrategias comunicativas, desarrolladora de proyectos de innovaci\u00f3n empresarial.<\/span>\u00a0<\/p><\/div>\n\t\t\t\t\t\t\t<\/div>\n\t\t<\/div>\n\t\t\t\t<\/div>\n\t\t\t\t<\/div>\n\t\t\t\t\t<\/div>\n\t\t<\/div>\n\t\t\t\t\t\t\t<\/div>\n\t\t<\/section>\n\t\t\t\t\t\t\t<\/div>\n\t\t","protected":false},"excerpt":{"rendered":"<p>Es muy probable que el tema del liderazgo aborde las esferas educativas y laborales de los seres humanos, los cargos jerarquizados permiten la coordinaci\u00f3n de procesos orientados a un mismo fin. Este art\u00edculo se concentrar\u00e1 en distinguir los grupos corporativos, sus diversas caracter\u00edsticas y, por \u00faltimo, exponer las condiciones para que una persona asuma el [&hellip;]<\/p>\n","protected":false},"author":1,"featured_media":0,"comment_status":"open","ping_status":"open","sticky":false,"template":"","format":"standard","meta":[],"categories":[1],"tags":[],"_links":{"self":[{"href":"https:\/\/virtual.cun.edu.co\/cemp\/wp-json\/wp\/v2\/posts\/2444"}],"collection":[{"href":"https:\/\/virtual.cun.edu.co\/cemp\/wp-json\/wp\/v2\/posts"}],"about":[{"href":"https:\/\/virtual.cun.edu.co\/cemp\/wp-json\/wp\/v2\/types\/post"}],"author":[{"embeddable":true,"href":"https:\/\/virtual.cun.edu.co\/cemp\/wp-json\/wp\/v2\/users\/1"}],"replies":[{"embeddable":true,"href":"https:\/\/virtual.cun.edu.co\/cemp\/wp-json\/wp\/v2\/comments?post=2444"}],"version-history":[{"count":9,"href":"https:\/\/virtual.cun.edu.co\/cemp\/wp-json\/wp\/v2\/posts\/2444\/revisions"}],"predecessor-version":[{"id":2781,"href":"https:\/\/virtual.cun.edu.co\/cemp\/wp-json\/wp\/v2\/posts\/2444\/revisions\/2781"}],"wp:attachment":[{"href":"https:\/\/virtual.cun.edu.co\/cemp\/wp-json\/wp\/v2\/media?parent=2444"}],"wp:term":[{"taxonomy":"category","embeddable":true,"href":"https:\/\/virtual.cun.edu.co\/cemp\/wp-json\/wp\/v2\/categories?post=2444"},{"taxonomy":"post_tag","embeddable":true,"href":"https:\/\/virtual.cun.edu.co\/cemp\/wp-json\/wp\/v2\/tags?post=2444"}],"curies":[{"name":"wp","href":"https:\/\/api.w.org\/{rel}","templated":true}]}}