{"id":2407,"date":"2021-01-19T11:00:34","date_gmt":"2021-01-19T11:00:34","guid":{"rendered":"https:\/\/virtual.cun.edu.co\/cemp\/?p=2407"},"modified":"2021-01-26T14:29:15","modified_gmt":"2021-01-26T14:29:15","slug":"que-puede-hacer-el-gobierno-gestion-de-tiempo-libre-en-los-lineamientos-publicos-para-combatir-el-trabajo-infantil","status":"publish","type":"post","link":"https:\/\/virtual.cun.edu.co\/cemp\/2021\/01\/19\/que-puede-hacer-el-gobierno-gestion-de-tiempo-libre-en-los-lineamientos-publicos-para-combatir-el-trabajo-infantil\/","title":{"rendered":"\u00bfQU\u00c9 PUEDE HACER EL GOBIERNO? GESTI\u00d3N DE TIEMPO LIBRE EN LOS LINEAMIENTOS P\u00daBLICOS PARA COMBATIR EL TRABAJO INFANTIL"},"content":{"rendered":"\t\t<div data-elementor-type=\"wp-post\" data-elementor-id=\"2407\" class=\"elementor elementor-2407\">\n\t\t\t\t\t\t\t\t\t<section class=\"elementor-section elementor-top-section elementor-element elementor-element-a6e8d21 elementor-section-boxed elementor-section-height-default elementor-section-height-default\" data-id=\"a6e8d21\" data-element_type=\"section\">\n\t\t\t\t\t\t<div class=\"elementor-container elementor-column-gap-default\">\n\t\t\t\t\t<div class=\"elementor-column elementor-col-100 elementor-top-column elementor-element elementor-element-a067798\" data-id=\"a067798\" data-element_type=\"column\">\n\t\t\t<div class=\"elementor-widget-wrap elementor-element-populated\">\n\t\t\t\t\t\t\t\t<div class=\"elementor-element elementor-element-f51f15e elementor-widget elementor-widget-text-editor\" data-id=\"f51f15e\" data-element_type=\"widget\" data-widget_type=\"text-editor.default\">\n\t\t\t\t<div class=\"elementor-widget-container\">\n\t\t\t\t\t\t\t<p>El tiempo libre, es definido por G\u00f3mez (2015) como el lapso que no es empleado en trabajar o en realizar alguna labor asignada o autoimpuesta. As\u00ed, dentro del tiempo libre se puede incluir el concepto del ocio. El ocio, como explica Trilla (1993), es una actividad que parte de la autonom\u00eda del individuo, la cual le genera placer en su realizaci\u00f3n y por lo tanto ofrece un regocijo personal.<\/p><p>Sin embargo, se entiende, que no toda actividad realizada en tiempo libre est\u00e1 directamente relacionada con el disfrute, aun cuando esta sea autoimpuesta (Trilla, 1993). Un ejemplo de lo anterior ser\u00eda la realizaci\u00f3n de las actividades asociadas al aseo del hogar, que aun cuando parten de la autonom\u00eda del individuo y son realizadas en su tiempo libre, estas no generan un grado de satisfacci\u00f3n al momento de ejecutarlas en la mayor\u00eda de las personas.<\/p><p>Dumazedier (1971) propone que <span style=\"color: #33cccc;\">el ocio es \u201cun conjunto de ocupaciones a las que el individuo puede entregarse de manera completamente voluntaria tras haberse liberado de sus obligaciones profesionales, familiares y sociales, para descansar, divertirse o desarrollar su formaci\u00f3n\u201d<\/span> (p.20). De esta forma el autor categoriza en el ocio a aquellas actividades que generen placer, est\u00e1n fuera de los compromisos diarios y se encuentran articuladas con la autoridad y soberan\u00eda en la elecci\u00f3n del tiempo.<\/p><p>Sin embargo, Foucault (1975) expone que el individuo no es libre para generar un control sobre las activadas a realizar en el tiempo libre, sino que la sociedad y el Estado ejercen un poder preponderante en la influencia y elecci\u00f3n de las actividades a realizar en el tiempo libre por parte de los ciudadanos, especialmente en los ni\u00f1os, ni\u00f1as y adolescentes-NNA.<\/p>\t\t\t\t\t\t<\/div>\n\t\t\t\t<\/div>\n\t\t\t\t\t<\/div>\n\t\t<\/div>\n\t\t\t\t\t\t\t<\/div>\n\t\t<\/section>\n\t\t\t\t<section class=\"elementor-section elementor-top-section elementor-element elementor-element-4ba09ea elementor-section-boxed elementor-section-height-default elementor-section-height-default\" data-id=\"4ba09ea\" data-element_type=\"section\">\n\t\t\t\t\t\t<div class=\"elementor-container elementor-column-gap-default\">\n\t\t\t\t\t<div class=\"elementor-column elementor-col-100 elementor-top-column elementor-element elementor-element-e019593\" data-id=\"e019593\" data-element_type=\"column\">\n\t\t\t<div class=\"elementor-widget-wrap elementor-element-populated\">\n\t\t\t\t\t\t\t\t<div class=\"elementor-element elementor-element-4de45bc elementor-widget elementor-widget-image\" data-id=\"4de45bc\" data-element_type=\"widget\" data-widget_type=\"image.default\">\n\t\t\t\t<div class=\"elementor-widget-container\">\n\t\t\t\t\t\t\t\t\t\t\t\t\t\t\t<img decoding=\"async\" src=\"https:\/\/virtual.cun.edu.co\/cemp\/wp-content\/uploads\/2021\/01\/TIII-1.png\" title=\"\" alt=\"\" loading=\"lazy\" \/>\t\t\t\t\t\t\t\t\t\t\t\t\t\t\t<\/div>\n\t\t\t\t<\/div>\n\t\t\t\t<div class=\"elementor-element elementor-element-0544c9c elementor-widget elementor-widget-text-editor\" data-id=\"0544c9c\" data-element_type=\"widget\" data-widget_type=\"text-editor.default\">\n\t\t\t\t<div class=\"elementor-widget-container\">\n\t\t\t\t\t\t\t<p>Lo anterior, se evidencia, en que sociedad y el Estado, generan una normalizaci\u00f3n sobre cu\u00e1les son las actividades de tiempo libre asociadas como aceptable seg\u00fan las etapas de desarrollo del individuo (Foucault, 1975). <span style=\"color: #33cccc;\">La sociedad lo genera por medio de la formaci\u00f3n y el Estado por medio de las pol\u00edticas p\u00fablicas, las cuales priorizan y fomentan la realizaci\u00f3n de actividades particulares.<\/span><\/p><p>As\u00ed, el Estado puede ejercer control sobre la vida de las personas, por medio de la creaci\u00f3n de tendencias de comportamiento de acuerdo con lo esperado por un modelo prestablecido de ciudadano, as\u00ed como acorde con una calidad de tiempo fijada como adecuada para el disfrute.\u00a0<\/p><p>Asimismo, e<span style=\"color: #33cccc;\">l Estado no solo genera pol\u00edticas p\u00fablicas, sino que adem\u00e1s, es el responsable de<\/span><br \/><span style=\"color: #33cccc;\">garantizar que los ciudadanos, incluidos los NNA, tengas acceso al tiempo libre y al ocio<\/span>. As\u00ed el\u00a0<span style=\"font-size: 16px; background-color: transparent;\">disfrute del tiempo libre es un derecho aceptado por la sociedad, tanto para la poblaci\u00f3n adulta como\u00a0<\/span><span style=\"font-size: 16px; background-color: transparent;\">para los NNA, evidenciado en la Declaraci\u00f3n Universal de Derechos Humanos de la ONU (1948) en\u00a0<\/span><span style=\"font-size: 16px; background-color: transparent;\">su art\u00edculo 24, el cual dispone \u201cToda persona tiene derecho al descanso, al disfrute del tiempo libre,\u00a0<\/span><span style=\"font-size: 16px; background-color: transparent;\">a una limitaci\u00f3n razonable de la duraci\u00f3n del trabajo y a vacaciones peri\u00f3dicas pagadas\u201d (p.1), del\u00a0<\/span><span style=\"font-size: 16px; background-color: transparent;\">mismo modo, el art\u00edculo 31 de la Convenci\u00f3n sobre los Derechos del Ni\u00f1o generada por UNICEF\u00a0<\/span><span style=\"font-size: 16px; background-color: transparent;\">(1989) establece: <span style=\"color: #33cccc;\">\u201cLos Estados Partes reconocen el derecho del ni\u00f1o al descanso y el esparcimiento,\u00a0<\/span><\/span><span style=\"font-size: 16px; background-color: transparent; color: #33cccc;\">al juego y a las actividades recreativas propias de su edad y a participar libremente en la vida cultural\u00a0<\/span><span style=\"font-size: 16px; background-color: transparent;\"><span style=\"color: #33cccc;\">y en las artes\u201d<\/span> (p.1).<\/span><\/p><p>Es as\u00ed como los Estados en sus pol\u00edticas p\u00fablicas deben incluir estrategias de aprovechamiento del tiempo libre, con el fin de generar una formaci\u00f3n del individuo integral, a la vez que combate problem\u00e1ticas, como el trabajo infantil, el pandillismo y la drogadicci\u00f3n. En la siguiente tabla, se presentan estrategias que pueden ser usadas por los gobiernos a nivel municipal, departamental o nacional, y que incluyen espacios, actividades y herramientas para el aprovechamiento del tiempo libre, desde los diferentes enfoques educativos, culturales, deportivos y transversales.<\/p>\t\t\t\t\t\t<\/div>\n\t\t\t\t<\/div>\n\t\t\t\t\t<\/div>\n\t\t<\/div>\n\t\t\t\t\t\t\t<\/div>\n\t\t<\/section>\n\t\t\t\t<section class=\"elementor-section elementor-top-section elementor-element elementor-element-4842c08 elementor-section-boxed elementor-section-height-default elementor-section-height-default\" data-id=\"4842c08\" data-element_type=\"section\">\n\t\t\t\t\t\t<div class=\"elementor-container elementor-column-gap-default\">\n\t\t\t\t\t<div class=\"elementor-column elementor-col-100 elementor-top-column elementor-element elementor-element-de67406\" data-id=\"de67406\" data-element_type=\"column\">\n\t\t\t<div class=\"elementor-widget-wrap elementor-element-populated\">\n\t\t\t\t\t\t\t\t<div class=\"elementor-element elementor-element-70f863c elementor-widget elementor-widget-toggle\" data-id=\"70f863c\" data-element_type=\"widget\" data-widget_type=\"toggle.default\">\n\t\t\t\t<div class=\"elementor-widget-container\">\n\t\t\t\t\t<div class=\"elementor-toggle\" role=\"tablist\">\n\t\t\t\t\t\t\t<div class=\"elementor-toggle-item\">\n\t\t\t\t\t<div id=\"elementor-tab-title-1181\" class=\"elementor-tab-title\" data-tab=\"1\" role=\"tab\" aria-controls=\"elementor-tab-content-1181\" aria-expanded=\"false\">\n\t\t\t\t\t\t\t\t\t\t\t\t<span class=\"elementor-toggle-icon elementor-toggle-icon-left\" aria-hidden=\"true\">\n\t\t\t\t\t\t\t\t\t\t\t\t\t\t\t<span class=\"elementor-toggle-icon-closed\"><i class=\"fas fa-caret-right\"><\/i><\/span>\n\t\t\t\t\t\t\t\t<span class=\"elementor-toggle-icon-opened\"><i class=\"elementor-toggle-icon-opened fas fa-caret-up\"><\/i><\/span>\n\t\t\t\t\t\t\t\t\t\t\t\t\t<\/span>\n\t\t\t\t\t\t\t\t\t\t\t\t<a href=\"\" class=\"elementor-toggle-title\">Educativa<\/a>\n\t\t\t\t\t<\/div>\n\n\t\t\t\t\t<div id=\"elementor-tab-content-1181\" class=\"elementor-tab-content elementor-clearfix\" data-tab=\"1\" role=\"tabpanel\" aria-labelledby=\"elementor-tab-title-1181\"><p style=\"text-align: center;\">&#8211; Implementaci\u00f3n de la jornada \u00fanica o complementaria (extendida).<br \/>&#8211; Escuelas de formaci\u00f3n deportiva y art\u00edstica en instalaciones educativas p\u00fablicas.<br \/>&#8211; Fomento de la lectura y escritura recreativa.<br \/>&#8211; Mayor n\u00famero de instituciones educativas que ofrecen cobertura t\u00e9cnica en apoyo con el SENA.<br \/>&#8211; Juegos intercolegiados.<br \/>&#8211; Enfoque en el plan de vida de los estudiantes.<br \/>&#8211; Instituciones educativas que fomentan el emprendimiento.<\/p><\/div>\n\t\t\t\t<\/div>\n\t\t\t\t\t\t\t<div class=\"elementor-toggle-item\">\n\t\t\t\t\t<div id=\"elementor-tab-title-1182\" class=\"elementor-tab-title\" data-tab=\"2\" role=\"tab\" aria-controls=\"elementor-tab-content-1182\" aria-expanded=\"false\">\n\t\t\t\t\t\t\t\t\t\t\t\t<span class=\"elementor-toggle-icon elementor-toggle-icon-left\" aria-hidden=\"true\">\n\t\t\t\t\t\t\t\t\t\t\t\t\t\t\t<span class=\"elementor-toggle-icon-closed\"><i class=\"fas fa-caret-right\"><\/i><\/span>\n\t\t\t\t\t\t\t\t<span class=\"elementor-toggle-icon-opened\"><i class=\"elementor-toggle-icon-opened fas fa-caret-up\"><\/i><\/span>\n\t\t\t\t\t\t\t\t\t\t\t\t\t<\/span>\n\t\t\t\t\t\t\t\t\t\t\t\t<a href=\"\" class=\"elementor-toggle-title\">Cultura<\/a>\n\t\t\t\t\t<\/div>\n\n\t\t\t\t\t<div id=\"elementor-tab-content-1182\" class=\"elementor-tab-content elementor-clearfix\" data-tab=\"2\" role=\"tabpanel\" aria-labelledby=\"elementor-tab-title-1182\"><p style=\"text-align: center;\">&#8211; Ampliaci\u00f3n de la oferta cultural en zonas rurales.<br \/>&#8211; Fomentar la vinculaci\u00f3n a las escuelas de formaci\u00f3n art\u00edstica.<br \/>&#8211; Incrementar la dotaci\u00f3n a la red de bibliotecas.<br \/>&#8211; Uso de ludotecas m\u00f3viles en zonas apartadas.<br \/>&#8211; Realce de la cultura municipal.<\/p><\/div>\n\t\t\t\t<\/div>\n\t\t\t\t\t\t\t<div class=\"elementor-toggle-item\">\n\t\t\t\t\t<div id=\"elementor-tab-title-1183\" class=\"elementor-tab-title\" data-tab=\"3\" role=\"tab\" aria-controls=\"elementor-tab-content-1183\" aria-expanded=\"false\">\n\t\t\t\t\t\t\t\t\t\t\t\t<span class=\"elementor-toggle-icon elementor-toggle-icon-left\" aria-hidden=\"true\">\n\t\t\t\t\t\t\t\t\t\t\t\t\t\t\t<span class=\"elementor-toggle-icon-closed\"><i class=\"fas fa-caret-right\"><\/i><\/span>\n\t\t\t\t\t\t\t\t<span class=\"elementor-toggle-icon-opened\"><i class=\"elementor-toggle-icon-opened fas fa-caret-up\"><\/i><\/span>\n\t\t\t\t\t\t\t\t\t\t\t\t\t<\/span>\n\t\t\t\t\t\t\t\t\t\t\t\t<a href=\"\" class=\"elementor-toggle-title\">Deporte<\/a>\n\t\t\t\t\t<\/div>\n\n\t\t\t\t\t<div id=\"elementor-tab-content-1183\" class=\"elementor-tab-content elementor-clearfix\" data-tab=\"3\" role=\"tabpanel\" aria-labelledby=\"elementor-tab-title-1183\"><p style=\"text-align: center;\">&#8211; Descentralizaci\u00f3n de actividades deportivas establecidas.<br \/>&#8211; Mejoramiento de escenarios deportivos.<br \/>&#8211; Apoyo a clubes deportivos que ayuden a descentralizar la oferta ofrecida, extendi\u00e9ndose a las zonas rurales.<br \/>&#8211; Promoci\u00f3n del deporte y la vida sana.<\/p><\/div>\n\t\t\t\t<\/div>\n\t\t\t\t\t\t\t<div class=\"elementor-toggle-item\">\n\t\t\t\t\t<div id=\"elementor-tab-title-1184\" class=\"elementor-tab-title\" data-tab=\"4\" role=\"tab\" aria-controls=\"elementor-tab-content-1184\" aria-expanded=\"false\">\n\t\t\t\t\t\t\t\t\t\t\t\t<span class=\"elementor-toggle-icon elementor-toggle-icon-left\" aria-hidden=\"true\">\n\t\t\t\t\t\t\t\t\t\t\t\t\t\t\t<span class=\"elementor-toggle-icon-closed\"><i class=\"fas fa-caret-right\"><\/i><\/span>\n\t\t\t\t\t\t\t\t<span class=\"elementor-toggle-icon-opened\"><i class=\"elementor-toggle-icon-opened fas fa-caret-up\"><\/i><\/span>\n\t\t\t\t\t\t\t\t\t\t\t\t\t<\/span>\n\t\t\t\t\t\t\t\t\t\t\t\t<a href=\"\" class=\"elementor-toggle-title\">Otra<\/a>\n\t\t\t\t\t<\/div>\n\n\t\t\t\t\t<div id=\"elementor-tab-content-1184\" class=\"elementor-tab-content elementor-clearfix\" data-tab=\"4\" role=\"tabpanel\" aria-labelledby=\"elementor-tab-title-1184\"><p style=\"text-align: center;\">&#8211; Apoyo a iniciativas de emprendimiento en los j\u00f3venes.<br \/>&#8211; Espacios de juventudes y ni\u00f1ez, participaci\u00f3n en el consejos por parte de los NNA.<br \/>&#8211; Acompa\u00f1amiento de los padres en actividades extracurriculares.<\/p><\/div>\n\t\t\t\t<\/div>\n\t\t\t\t\t\t\t\t<\/div>\n\t\t\t\t<\/div>\n\t\t\t\t<\/div>\n\t\t\t\t<div class=\"elementor-element elementor-element-9a6c046 elementor-widget elementor-widget-text-editor\" data-id=\"9a6c046\" data-element_type=\"widget\" data-widget_type=\"text-editor.default\">\n\t\t\t\t<div class=\"elementor-widget-container\">\n\t\t\t\t\t\t\t<p>Fuente: Elaboraci\u00f3n propia con base en G\u00f3mez (2015).<\/p>\t\t\t\t\t\t<\/div>\n\t\t\t\t<\/div>\n\t\t\t\t\t<\/div>\n\t\t<\/div>\n\t\t\t\t\t\t\t<\/div>\n\t\t<\/section>\n\t\t\t\t<section class=\"elementor-section elementor-top-section elementor-element elementor-element-a73f887 elementor-section-boxed elementor-section-height-default elementor-section-height-default\" data-id=\"a73f887\" data-element_type=\"section\">\n\t\t\t\t\t\t<div class=\"elementor-container elementor-column-gap-default\">\n\t\t\t\t\t<div class=\"elementor-column elementor-col-100 elementor-top-column elementor-element elementor-element-3d02733\" data-id=\"3d02733\" data-element_type=\"column\">\n\t\t\t<div class=\"elementor-widget-wrap elementor-element-populated\">\n\t\t\t\t\t\t\t\t<div class=\"elementor-element elementor-element-aca5626 elementor-tabs-view-horizontal elementor-widget elementor-widget-tabs\" data-id=\"aca5626\" data-element_type=\"widget\" data-widget_type=\"tabs.default\">\n\t\t\t\t<div class=\"elementor-widget-container\">\n\t\t\t\t\t<div class=\"elementor-tabs\">\n\t\t\t<div class=\"elementor-tabs-wrapper\" role=\"tablist\" >\n\t\t\t\t\t\t\t\t\t<div id=\"elementor-tab-title-1811\" class=\"elementor-tab-title elementor-tab-desktop-title\" aria-selected=\"true\" data-tab=\"1\" role=\"tab\" tabindex=\"0\" aria-controls=\"elementor-tab-content-1811\" aria-expanded=\"false\">AUTOR<\/div>\n\t\t\t\t\t\t\t<\/div>\n\t\t\t<div class=\"elementor-tabs-content-wrapper\" role=\"tablist\" aria-orientation=\"vertical\">\n\t\t\t\t\t\t\t\t\t<div class=\"elementor-tab-title elementor-tab-mobile-title\" aria-selected=\"true\" data-tab=\"1\" role=\"tab\" tabindex=\"0\" aria-controls=\"elementor-tab-content-1811\" aria-expanded=\"false\">AUTOR<\/div>\n\t\t\t\t\t<div id=\"elementor-tab-content-1811\" class=\"elementor-tab-content elementor-clearfix\" data-tab=\"1\" role=\"tabpanel\" aria-labelledby=\"elementor-tab-title-1811\" tabindex=\"0\" hidden=\"false\"><p style=\"text-align: center;\"><a href=\"https:\/\/www.linkedin.com\/in\/oscar-mauricio-g%C3%B3mez-miranda-0ba63276\/\" target=\"_blank\" rel=\"noopener\"><img decoding=\"async\" loading=\"lazy\" class=\"alignnone wp-image-2132 size-medium\" src=\"https:\/\/virtual.cun.edu.co\/cemp\/wp-content\/uploads\/2020\/11\/10-300x300.png\" alt=\"\" width=\"300\" height=\"300\" \/><\/a><\/p><h5 class=\"window-title\" style=\"text-align: center;\">Oscar Mauricio G\u00f3mez Miranda<\/h5><p><img decoding=\"async\" loading=\"lazy\" class=\"wp-image-2591 aligncenter\" src=\"https:\/\/virtual.cun.edu.co\/cemp\/wp-content\/uploads\/2021\/01\/linkedind-300x300.png\" alt=\"\" width=\"25\" height=\"25\" srcset=\"https:\/\/virtual.cun.edu.co\/cemp\/wp-content\/uploads\/2021\/01\/linkedind-300x300.png 300w, https:\/\/virtual.cun.edu.co\/cemp\/wp-content\/uploads\/2021\/01\/linkedind-150x150.png 150w, https:\/\/virtual.cun.edu.co\/cemp\/wp-content\/uploads\/2021\/01\/linkedind.png 512w\" sizes=\"(max-width: 25px) 100vw, 25px\" \/><\/p><p style=\"text-align: center;\"><span style=\"text-decoration: underline;\"><a href=\"https:\/\/www.linkedin.com\/in\/oscar-mauricio-g%C3%B3mez-miranda-0ba63276\/\" target=\"_blank\" rel=\"noopener\">Perfil de LinkedIn<\/a><\/span><\/p><\/div>\n\t\t\t\t\t\t\t<\/div>\n\t\t<\/div>\n\t\t\t\t<\/div>\n\t\t\t\t<\/div>\n\t\t\t\t\t<\/div>\n\t\t<\/div>\n\t\t\t\t\t\t\t<\/div>\n\t\t<\/section>\n\t\t\t\t\t\t\t<\/div>\n\t\t","protected":false},"excerpt":{"rendered":"<p>El tiempo libre, es definido por G\u00f3mez (2015) como el lapso que no es empleado en trabajar o en realizar alguna labor asignada o autoimpuesta. As\u00ed, dentro del tiempo libre se puede incluir el concepto del ocio. El ocio, como explica Trilla (1993), es una actividad que parte de la autonom\u00eda del individuo, la cual [&hellip;]<\/p>\n","protected":false},"author":1,"featured_media":0,"comment_status":"open","ping_status":"open","sticky":false,"template":"","format":"standard","meta":[],"categories":[1],"tags":[],"_links":{"self":[{"href":"https:\/\/virtual.cun.edu.co\/cemp\/wp-json\/wp\/v2\/posts\/2407"}],"collection":[{"href":"https:\/\/virtual.cun.edu.co\/cemp\/wp-json\/wp\/v2\/posts"}],"about":[{"href":"https:\/\/virtual.cun.edu.co\/cemp\/wp-json\/wp\/v2\/types\/post"}],"author":[{"embeddable":true,"href":"https:\/\/virtual.cun.edu.co\/cemp\/wp-json\/wp\/v2\/users\/1"}],"replies":[{"embeddable":true,"href":"https:\/\/virtual.cun.edu.co\/cemp\/wp-json\/wp\/v2\/comments?post=2407"}],"version-history":[{"count":12,"href":"https:\/\/virtual.cun.edu.co\/cemp\/wp-json\/wp\/v2\/posts\/2407\/revisions"}],"predecessor-version":[{"id":2793,"href":"https:\/\/virtual.cun.edu.co\/cemp\/wp-json\/wp\/v2\/posts\/2407\/revisions\/2793"}],"wp:attachment":[{"href":"https:\/\/virtual.cun.edu.co\/cemp\/wp-json\/wp\/v2\/media?parent=2407"}],"wp:term":[{"taxonomy":"category","embeddable":true,"href":"https:\/\/virtual.cun.edu.co\/cemp\/wp-json\/wp\/v2\/categories?post=2407"},{"taxonomy":"post_tag","embeddable":true,"href":"https:\/\/virtual.cun.edu.co\/cemp\/wp-json\/wp\/v2\/tags?post=2407"}],"curies":[{"name":"wp","href":"https:\/\/api.w.org\/{rel}","templated":true}]}}