{"id":2378,"date":"2021-01-14T16:00:01","date_gmt":"2021-01-14T16:00:01","guid":{"rendered":"https:\/\/virtual.cun.edu.co\/cemp\/?p=2378"},"modified":"2021-01-26T14:33:14","modified_gmt":"2021-01-26T14:33:14","slug":"nuevos-estilos-de-aprendizaje-en-educacion-superior","status":"publish","type":"post","link":"https:\/\/virtual.cun.edu.co\/cemp\/2021\/01\/14\/nuevos-estilos-de-aprendizaje-en-educacion-superior\/","title":{"rendered":"NUEVOS ESTILOS DE APRENDIZAJE EN EDUCACI\u00d3N SUPERIOR"},"content":{"rendered":"\t\t<div data-elementor-type=\"wp-post\" data-elementor-id=\"2378\" class=\"elementor elementor-2378\">\n\t\t\t\t\t\t\t\t\t<section class=\"elementor-section elementor-top-section elementor-element elementor-element-a498aa2 elementor-section-boxed elementor-section-height-default elementor-section-height-default\" data-id=\"a498aa2\" data-element_type=\"section\">\n\t\t\t\t\t\t<div class=\"elementor-container elementor-column-gap-default\">\n\t\t\t\t\t<div class=\"elementor-column elementor-col-100 elementor-top-column elementor-element elementor-element-52c59a6\" data-id=\"52c59a6\" data-element_type=\"column\">\n\t\t\t<div class=\"elementor-widget-wrap elementor-element-populated\">\n\t\t\t\t\t\t\t\t<div class=\"elementor-element elementor-element-0b1867f elementor-widget elementor-widget-text-editor\" data-id=\"0b1867f\" data-element_type=\"widget\" data-widget_type=\"text-editor.default\">\n\t\t\t\t<div class=\"elementor-widget-container\">\n\t\t\t\t\t\t\t<p>Los Docentes en Educaci\u00f3n Superior tienen el gran compromiso de\u00a0<span style=\"font-size: 16px; background-color: transparent;\">participar en el dise\u00f1o y desarrollo de plataformas interactivas acordes a los\u00a0<\/span><span style=\"font-size: 16px; background-color: transparent;\">intereses y solicitudes de los j\u00f3venes, quienes cubren una gran cantidad del\u00a0<\/span><span style=\"font-size: 16px; background-color: transparent;\">porcentaje poblacional de las Universidades. Una comunidad con car\u00e1cter de\u00a0<\/span><span style=\"font-size: 16px; background-color: transparent;\">decisi\u00f3n, \u201c<span style=\"color: #33cccc;\">Yo decido lo que quiero ver y lo que quiero publicar\u201d<\/span>. Consid\u00e9rese\u00a0<\/span><span style=\"font-size: 16px; background-color: transparent;\">entonces una plataforma tan participativa como Black Mirror Bandersnatch\u00a0<\/span><span style=\"font-size: 16px; background-color: transparent;\">#Netflix, cargada de aprendizajes no planeados por el estudiante, autodirigidos\u00a0<\/span><span style=\"font-size: 16px; background-color: transparent;\">Cobo, C (2016) y una serie de estrategias did\u00e1cticas que incluyan (como en la\u00a0<\/span><span style=\"font-size: 16px; background-color: transparent;\">infancia) los Pilares de la Educaci\u00f3n Virtual. Anteriormente,<span style=\"color: #33cccc;\"> los profesionales de la\u00a0<\/span><\/span><span style=\"color: #33cccc;\"><span style=\"font-size: 16px; background-color: transparent;\">educaci\u00f3n se preguntaban a d\u00f3nde van los estudiantes una vez salen de la\u00a0<\/span><span style=\"font-size: 16px; background-color: transparent;\">Instituci\u00f3n, porque en dichos espacios se pod\u00eda encontrar una orientaci\u00f3n sobre\u00a0<\/span><span style=\"font-size: 16px; background-color: transparent;\">sus intereses o pr\u00e1cticas culturales desde las cuales podr\u00edamos intervenir.<\/span><\/span><\/p>\t\t\t\t\t\t<\/div>\n\t\t\t\t<\/div>\n\t\t\t\t<div class=\"elementor-element elementor-element-471dc68 elementor-widget elementor-widget-image\" data-id=\"471dc68\" data-element_type=\"widget\" data-widget_type=\"image.default\">\n\t\t\t\t<div class=\"elementor-widget-container\">\n\t\t\t\t\t\t\t\t\t\t\t\t\t\t\t<img decoding=\"async\" src=\"https:\/\/virtual.cun.edu.co\/cemp\/wp-content\/uploads\/2021\/01\/STUDENT-2.png\" title=\"\" alt=\"\" loading=\"lazy\" \/>\t\t\t\t\t\t\t\t\t\t\t\t\t\t\t<\/div>\n\t\t\t\t<\/div>\n\t\t\t\t<div class=\"elementor-element elementor-element-8ebd698 elementor-widget elementor-widget-text-editor\" data-id=\"8ebd698\" data-element_type=\"widget\" data-widget_type=\"text-editor.default\">\n\t\t\t\t<div class=\"elementor-widget-container\">\n\t\t\t\t\t\t\t<p>Ahora en la virtualidad decretada, la pregunta es<span style=\"color: #33cccc;\"> \u00bfEn d\u00f3nde est\u00e1n\u00a0<\/span><span style=\"font-size: 16px; background-color: transparent;\"><span style=\"color: #33cccc;\">navegando los estudiantes? \u00bfCu\u00e1les son sus medios de difusi\u00f3n?<\/span> precisamente\u00a0<\/span><span style=\"font-size: 16px; background-color: transparent;\">para relacionar la teor\u00eda con el contexto; as\u00ed pues, queda en consideraci\u00f3n la\u00a0<\/span><span style=\"font-size: 16px; background-color: transparent;\">esfera emocional de los estudiantes con el fin de identificar las nuevas\u00a0<\/span><span style=\"font-size: 16px; background-color: transparent;\">personalidades y los nuevos estilos de aprendizaje en las nuevas relaciones\u00a0<\/span><span style=\"font-size: 16px; background-color: transparent;\">sociales.<\/span><\/p>\t\t\t\t\t\t<\/div>\n\t\t\t\t<\/div>\n\t\t\t\t\t<\/div>\n\t\t<\/div>\n\t\t\t\t\t\t\t<\/div>\n\t\t<\/section>\n\t\t\t\t<section class=\"elementor-section elementor-top-section elementor-element elementor-element-5119d28 elementor-section-boxed elementor-section-height-default elementor-section-height-default\" data-id=\"5119d28\" data-element_type=\"section\">\n\t\t\t\t\t\t<div class=\"elementor-container elementor-column-gap-default\">\n\t\t\t\t\t<div class=\"elementor-column elementor-col-100 elementor-top-column elementor-element elementor-element-994a325\" data-id=\"994a325\" data-element_type=\"column\">\n\t\t\t<div class=\"elementor-widget-wrap elementor-element-populated\">\n\t\t\t\t\t\t\t\t<div class=\"elementor-element elementor-element-a51c00d elementor-tabs-view-horizontal elementor-widget elementor-widget-tabs\" data-id=\"a51c00d\" data-element_type=\"widget\" data-widget_type=\"tabs.default\">\n\t\t\t\t<div class=\"elementor-widget-container\">\n\t\t\t\t\t<div class=\"elementor-tabs\">\n\t\t\t<div class=\"elementor-tabs-wrapper\" role=\"tablist\" >\n\t\t\t\t\t\t\t\t\t<div id=\"elementor-tab-title-1731\" class=\"elementor-tab-title elementor-tab-desktop-title\" aria-selected=\"true\" data-tab=\"1\" role=\"tab\" tabindex=\"0\" aria-controls=\"elementor-tab-content-1731\" aria-expanded=\"false\">AUTOR<\/div>\n\t\t\t\t\t\t\t\t\t<div id=\"elementor-tab-title-1732\" class=\"elementor-tab-title elementor-tab-desktop-title\" aria-selected=\"false\" data-tab=\"2\" role=\"tab\" tabindex=\"-1\" aria-controls=\"elementor-tab-content-1732\" aria-expanded=\"false\">PERFIL PROFESIONAL<\/div>\n\t\t\t\t\t\t\t<\/div>\n\t\t\t<div class=\"elementor-tabs-content-wrapper\" role=\"tablist\" aria-orientation=\"vertical\">\n\t\t\t\t\t\t\t\t\t<div class=\"elementor-tab-title elementor-tab-mobile-title\" aria-selected=\"true\" data-tab=\"1\" role=\"tab\" tabindex=\"0\" aria-controls=\"elementor-tab-content-1731\" aria-expanded=\"false\">AUTOR<\/div>\n\t\t\t\t\t<div id=\"elementor-tab-content-1731\" class=\"elementor-tab-content elementor-clearfix\" data-tab=\"1\" role=\"tabpanel\" aria-labelledby=\"elementor-tab-title-1731\" tabindex=\"0\" hidden=\"false\"><p style=\"text-align: center;\"><a href=\"https:\/\/www.linkedin.com\/in\/lizedh-mart%C3%ADnez-p%C3%A1ez-141240176\/\" target=\"_blank\" rel=\"noopener\"><img decoding=\"async\" loading=\"lazy\" class=\"alignnone wp-image-2174 size-medium\" src=\"https:\/\/virtual.cun.edu.co\/cemp\/wp-content\/uploads\/2020\/11\/14-300x300.png\" alt=\"\" width=\"300\" height=\"300\" \/><\/a><\/p><h5 style=\"text-align: center;\">Lizedh Mart\u00ednez P\u00e1ez<\/h5><p><img decoding=\"async\" loading=\"lazy\" class=\"wp-image-2591 aligncenter\" src=\"https:\/\/virtual.cun.edu.co\/cemp\/wp-content\/uploads\/2021\/01\/linkedind-300x300.png\" alt=\"\" width=\"25\" height=\"25\" srcset=\"https:\/\/virtual.cun.edu.co\/cemp\/wp-content\/uploads\/2021\/01\/linkedind-300x300.png 300w, https:\/\/virtual.cun.edu.co\/cemp\/wp-content\/uploads\/2021\/01\/linkedind-150x150.png 150w, https:\/\/virtual.cun.edu.co\/cemp\/wp-content\/uploads\/2021\/01\/linkedind.png 512w\" sizes=\"(max-width: 25px) 100vw, 25px\" \/><\/p><p style=\"text-align: center;\"><span style=\"text-decoration: underline;\"><a href=\"https:\/\/www.linkedin.com\/in\/lizedh-mart%C3%ADnez-p%C3%A1ez-141240176\/\" target=\"_blank\" rel=\"noopener\">Perfil de LinkedIn<\/a><\/span><\/p><\/div>\n\t\t\t\t\t\t\t\t\t<div class=\"elementor-tab-title elementor-tab-mobile-title\" aria-selected=\"false\" data-tab=\"2\" role=\"tab\" tabindex=\"-1\" aria-controls=\"elementor-tab-content-1732\" aria-expanded=\"false\">PERFIL PROFESIONAL<\/div>\n\t\t\t\t\t<div id=\"elementor-tab-content-1732\" class=\"elementor-tab-content elementor-clearfix\" data-tab=\"2\" role=\"tabpanel\" aria-labelledby=\"elementor-tab-title-1732\" tabindex=\"0\" hidden=\"hidden\"><p style=\"text-align: center;\"><span class=\"lt-line-clamp__raw-line\">Experiencia laboral en el sector p\u00fablico y privado. Ha desarrollado conocimientos en:<br \/>&#8211; Dise\u00f1o de planes de formaci\u00f3n dirigidos a docentes y estudiantes<br \/>&#8211; Consultor\u00eda y contacto externo con empresarios para el fortalecimiento de pr\u00e1cticas profesionales<br \/>&#8211; Experiencia y gesti\u00f3n en educaci\u00f3n superior con \u00e9nfasis en bienestar estudiantil, proyecci\u00f3n social, emprendimiento e innovaci\u00f3n<br \/>&#8211; Revisi\u00f3n a pertinencia de mallas curriculares, dise\u00f1o instruccional, autoevaluaci\u00f3n de programas y elaboraci\u00f3n de documentos maestros<br \/>&#8211; Experiencia en orientaci\u00f3n y acompa\u00f1amiento a estudiantes en la gesti\u00f3n de proyectos de emprendimiento e innovaci\u00f3n, a partir del enfoque de psicolog\u00eda y gesti\u00f3n del conocimiento<br \/>&#8211; Se ha desempe\u00f1ado en cargos como orientador psicosocial, psicopedagoga, mentora, l\u00edder de \u00e1rea bienestar estudiantil, l\u00edder de pr\u00e1cticas profesionales y docencia universitaria<\/span>\u00a0<\/p><\/div>\n\t\t\t\t\t\t\t<\/div>\n\t\t<\/div>\n\t\t\t\t<\/div>\n\t\t\t\t<\/div>\n\t\t\t\t\t<\/div>\n\t\t<\/div>\n\t\t\t\t\t\t\t<\/div>\n\t\t<\/section>\n\t\t\t\t\t\t\t<\/div>\n\t\t","protected":false},"excerpt":{"rendered":"<p>Los Docentes en Educaci\u00f3n Superior tienen el gran compromiso de\u00a0participar en el dise\u00f1o y desarrollo de plataformas interactivas acordes a los\u00a0intereses y solicitudes de los j\u00f3venes, quienes cubren una gran cantidad del\u00a0porcentaje poblacional de las Universidades. Una comunidad con car\u00e1cter de\u00a0decisi\u00f3n, \u201cYo decido lo que quiero ver y lo que quiero publicar\u201d. Consid\u00e9rese\u00a0entonces una plataforma [&hellip;]<\/p>\n","protected":false},"author":1,"featured_media":0,"comment_status":"open","ping_status":"open","sticky":false,"template":"","format":"standard","meta":[],"categories":[1],"tags":[],"_links":{"self":[{"href":"https:\/\/virtual.cun.edu.co\/cemp\/wp-json\/wp\/v2\/posts\/2378"}],"collection":[{"href":"https:\/\/virtual.cun.edu.co\/cemp\/wp-json\/wp\/v2\/posts"}],"about":[{"href":"https:\/\/virtual.cun.edu.co\/cemp\/wp-json\/wp\/v2\/types\/post"}],"author":[{"embeddable":true,"href":"https:\/\/virtual.cun.edu.co\/cemp\/wp-json\/wp\/v2\/users\/1"}],"replies":[{"embeddable":true,"href":"https:\/\/virtual.cun.edu.co\/cemp\/wp-json\/wp\/v2\/comments?post=2378"}],"version-history":[{"count":6,"href":"https:\/\/virtual.cun.edu.co\/cemp\/wp-json\/wp\/v2\/posts\/2378\/revisions"}],"predecessor-version":[{"id":2802,"href":"https:\/\/virtual.cun.edu.co\/cemp\/wp-json\/wp\/v2\/posts\/2378\/revisions\/2802"}],"wp:attachment":[{"href":"https:\/\/virtual.cun.edu.co\/cemp\/wp-json\/wp\/v2\/media?parent=2378"}],"wp:term":[{"taxonomy":"category","embeddable":true,"href":"https:\/\/virtual.cun.edu.co\/cemp\/wp-json\/wp\/v2\/categories?post=2378"},{"taxonomy":"post_tag","embeddable":true,"href":"https:\/\/virtual.cun.edu.co\/cemp\/wp-json\/wp\/v2\/tags?post=2378"}],"curies":[{"name":"wp","href":"https:\/\/api.w.org\/{rel}","templated":true}]}}