{"id":2371,"date":"2021-01-13T16:00:18","date_gmt":"2021-01-13T16:00:18","guid":{"rendered":"https:\/\/virtual.cun.edu.co\/cemp\/?p=2371"},"modified":"2021-01-26T14:34:12","modified_gmt":"2021-01-26T14:34:12","slug":"mujeres-negras-dar-forma-a-la-teoria-feminista-de-bell-hooks","status":"publish","type":"post","link":"https:\/\/virtual.cun.edu.co\/cemp\/2021\/01\/13\/mujeres-negras-dar-forma-a-la-teoria-feminista-de-bell-hooks\/","title":{"rendered":"MUJERES NEGRAS: DAR FORMA A LA TEOR\u00cdA FEMINISTA DE BELL HOOKS"},"content":{"rendered":"\t\t<div data-elementor-type=\"wp-post\" data-elementor-id=\"2371\" class=\"elementor elementor-2371\">\n\t\t\t\t\t\t\t\t\t<section class=\"elementor-section elementor-top-section elementor-element elementor-element-2ffb210 elementor-section-boxed elementor-section-height-default elementor-section-height-default\" data-id=\"2ffb210\" data-element_type=\"section\">\n\t\t\t\t\t\t<div class=\"elementor-container elementor-column-gap-default\">\n\t\t\t\t\t<div class=\"elementor-column elementor-col-100 elementor-top-column elementor-element elementor-element-3c291e9\" data-id=\"3c291e9\" data-element_type=\"column\">\n\t\t\t<div class=\"elementor-widget-wrap elementor-element-populated\">\n\t\t\t\t\t\t\t\t<div class=\"elementor-element elementor-element-94fae70 elementor-widget elementor-widget-text-editor\" data-id=\"94fae70\" data-element_type=\"widget\" data-widget_type=\"text-editor.default\">\n\t\t\t\t<div class=\"elementor-widget-container\">\n\t\t\t\t\t\t\t<p>Las Mujeres negras: dar forma a la teor\u00eda feminista, escrito en 1984 por Bell hooks, hace una cr\u00edtica a lo que se planteaba en el feminismo en Estados Unidos en la d\u00e9cada de los XX, que manifestaba una universalidad de las condiciones de opresi\u00f3n sexista que enfrentan \u201ctodas\u201d las mujeres estadounidenses de la \u00e9poca, sin embargo, solamente hace alusi\u00f3n a las mujeres blancas de una clase social media-alta, que est\u00e1n casadas y que cuentan con una educaci\u00f3n universitaria, dedicadas al hogar y a sus hijos, sin considerar tambi\u00e9n a aquellas mujeres que de manera m\u00e1s directa eran v\u00edctimas de dicha opresi\u00f3n, como la mujeres negras y de otras clase sociales, esto era el reflej\u00f3 de unos prejuicios de clase y de raza. Este feminismo no analiz\u00f3 si la realidad en la que viv\u00edan las mujeres se adecuada verdaderamente a las mujeres como colectivo. Bell hooks menciona que estar oprimida no es el t\u00e9rmino apropiado para referirse a esa lucha colectiva contra el sexismo como bien se refer\u00edan las mujeres blancas feministas, ya que esta hace referencia a la ausencia de elecciones, sin embargo, varias mujeres ten\u00edan la posibilidad de elegir,<span style=\"color: #33cccc;\"> los t\u00e9rminos apropiados que definen lo que viv\u00edan las mujeres como colectivo era explotaci\u00f3n y discriminaci\u00f3n, ya que por ejemplo, algunas mujeres no consideraban que el sexismo se diera por falta de elecciones, sino que sufr\u00edan discriminaci\u00f3n por su sexo.<\/span><\/p>\t\t\t\t\t\t<\/div>\n\t\t\t\t<\/div>\n\t\t\t\t\t<\/div>\n\t\t<\/div>\n\t\t\t\t\t\t\t<\/div>\n\t\t<\/section>\n\t\t\t\t<section class=\"elementor-section elementor-top-section elementor-element elementor-element-fd46799 elementor-section-boxed elementor-section-height-default elementor-section-height-default\" data-id=\"fd46799\" data-element_type=\"section\">\n\t\t\t\t\t\t<div class=\"elementor-container elementor-column-gap-default\">\n\t\t\t\t\t<div class=\"elementor-column elementor-col-100 elementor-top-column elementor-element elementor-element-e9caf7c\" data-id=\"e9caf7c\" data-element_type=\"column\">\n\t\t\t<div class=\"elementor-widget-wrap elementor-element-populated\">\n\t\t\t\t\t\t\t\t<div class=\"elementor-element elementor-element-e1cc29b elementor-widget elementor-widget-image\" data-id=\"e1cc29b\" data-element_type=\"widget\" data-widget_type=\"image.default\">\n\t\t\t\t<div class=\"elementor-widget-container\">\n\t\t\t\t\t\t\t\t\t\t\t\t\t\t\t<img decoding=\"async\" src=\"https:\/\/virtual.cun.edu.co\/cemp\/wp-content\/uploads\/2021\/01\/NEGRAS-1.png\" title=\"\" alt=\"\" loading=\"lazy\" \/>\t\t\t\t\t\t\t\t\t\t\t\t\t\t\t<\/div>\n\t\t\t\t<\/div>\n\t\t\t\t<div class=\"elementor-element elementor-element-7412b44 elementor-widget elementor-widget-text-editor\" data-id=\"7412b44\" data-element_type=\"widget\" data-widget_type=\"text-editor.default\">\n\t\t\t\t<div class=\"elementor-widget-container\">\n\t\t\t\t\t\t\t<p><span style=\"color: #33cccc;\">Las mujeres negras no se ve\u00edan representadas por las mujeres blancas feministas, no ve\u00edan nada liberador en su discurso de opresi\u00f3n.<\/span> Sin embargo, las mujeres blancas feministas consideraban que, a partir de ellas, las mujeres negras se dieron cuenta de la existencia de la opresi\u00f3n sexista, y no fue as\u00ed,<span style=\"color: #33cccc;\"> esa conciencia feminista por parte de las mujeres negras se dio a partir de las circunstancias sociales, de aquellas experiencias que vivenciaban situaciones de opresi\u00f3n.<\/span><\/p><p>De esta manera, se puede afirmar que las mujeres negras tienen un papel fundamental\u00a0<span style=\"font-size: 16px; background-color: transparent;\">para la formaci\u00f3n de la teor\u00eda feminista, cuyos aportes son importantes y \u00fanicos, en el que <\/span><span style=\"font-size: 16px; background-color: transparent;\">deben reconocer que tiene una ventaja especial sobre su marginalidad para hacer cr\u00edticas <\/span><span style=\"font-size: 16px; background-color: transparent;\">a la superioridad sexista, racista y clasista; y no es meramente por criticar sino para <\/span><span style=\"font-size: 16px; background-color: transparent;\">enriquecer la teor\u00eda y las pr\u00e1cticas feministas liberadoras. As\u00ed mismo, podr\u00eda decirse que la <\/span><span style=\"font-size: 16px; background-color: transparent;\">indiferencia era un denominador entre las mujeres blancas feministas, ya que no quer\u00edan <\/span><span style=\"font-size: 16px; background-color: transparent;\">reconocer y darle la importancia a los aportes y cr\u00edticas que pod\u00edan hacer las mujeres <\/span><span style=\"font-size: 16px; background-color: transparent;\">negras a partir de sus circunstancias sociales y culturales, para enriquecer de esta manera <\/span><span style=\"font-size: 16px; background-color: transparent;\">las teor\u00edas y pr\u00e1cticas feministas. Es as\u00ed, que ha sido un proceso de aprendizaje dentro de <\/span><span style=\"font-size: 16px; background-color: transparent;\">los movimientos feministas y de mujeres reconocer las perspectivas y aportes de las <\/span><span style=\"font-size: 16px; background-color: transparent;\">diferentes mujeres en la construcci\u00f3n de la historia del feminismo.<\/span><\/p>\t\t\t\t\t\t<\/div>\n\t\t\t\t<\/div>\n\t\t\t\t\t<\/div>\n\t\t<\/div>\n\t\t\t\t\t\t\t<\/div>\n\t\t<\/section>\n\t\t\t\t<section class=\"elementor-section elementor-top-section elementor-element elementor-element-fb62ec7 elementor-section-boxed elementor-section-height-default elementor-section-height-default\" data-id=\"fb62ec7\" data-element_type=\"section\">\n\t\t\t\t\t\t<div class=\"elementor-container elementor-column-gap-default\">\n\t\t\t\t\t<div class=\"elementor-column elementor-col-100 elementor-top-column elementor-element elementor-element-6dd321c\" data-id=\"6dd321c\" data-element_type=\"column\">\n\t\t\t<div class=\"elementor-widget-wrap elementor-element-populated\">\n\t\t\t\t\t\t\t\t<div class=\"elementor-element elementor-element-6723a9e elementor-tabs-view-horizontal elementor-widget elementor-widget-tabs\" data-id=\"6723a9e\" data-element_type=\"widget\" data-widget_type=\"tabs.default\">\n\t\t\t\t<div class=\"elementor-widget-container\">\n\t\t\t\t\t<div class=\"elementor-tabs\">\n\t\t\t<div class=\"elementor-tabs-wrapper\" role=\"tablist\" >\n\t\t\t\t\t\t\t\t\t<div id=\"elementor-tab-title-1081\" class=\"elementor-tab-title elementor-tab-desktop-title\" aria-selected=\"true\" data-tab=\"1\" role=\"tab\" tabindex=\"0\" aria-controls=\"elementor-tab-content-1081\" aria-expanded=\"false\">AUTOR<\/div>\n\t\t\t\t\t\t\t\t\t<div id=\"elementor-tab-title-1082\" class=\"elementor-tab-title elementor-tab-desktop-title\" aria-selected=\"false\" data-tab=\"2\" role=\"tab\" tabindex=\"-1\" aria-controls=\"elementor-tab-content-1082\" aria-expanded=\"false\">PERFIL PROFESIONAL<\/div>\n\t\t\t\t\t\t\t<\/div>\n\t\t\t<div class=\"elementor-tabs-content-wrapper\" role=\"tablist\" aria-orientation=\"vertical\">\n\t\t\t\t\t\t\t\t\t<div class=\"elementor-tab-title elementor-tab-mobile-title\" aria-selected=\"true\" data-tab=\"1\" role=\"tab\" tabindex=\"0\" aria-controls=\"elementor-tab-content-1081\" aria-expanded=\"false\">AUTOR<\/div>\n\t\t\t\t\t<div id=\"elementor-tab-content-1081\" class=\"elementor-tab-content elementor-clearfix\" data-tab=\"1\" role=\"tabpanel\" aria-labelledby=\"elementor-tab-title-1081\" tabindex=\"0\" hidden=\"false\"><p style=\"text-align: center;\"><a href=\"https:\/\/www.linkedin.com\/in\/diana-fernanda-vargas-b06832165\/\" target=\"_blank\" rel=\"noopener\"><img decoding=\"async\" loading=\"lazy\" class=\"alignnone wp-image-2081 size-medium\" src=\"https:\/\/virtual.cun.edu.co\/cemp\/wp-content\/uploads\/2020\/11\/11-300x300.png\" alt=\"\" width=\"300\" height=\"300\" \/><\/a><\/p><h5 style=\"text-align: center;\">Diana Fernanda Vargas Bernal<\/h5><p><img decoding=\"async\" loading=\"lazy\" class=\"wp-image-2591 aligncenter\" src=\"https:\/\/virtual.cun.edu.co\/cemp\/wp-content\/uploads\/2021\/01\/linkedind-300x300.png\" alt=\"\" width=\"25\" height=\"25\" srcset=\"https:\/\/virtual.cun.edu.co\/cemp\/wp-content\/uploads\/2021\/01\/linkedind-300x300.png 300w, https:\/\/virtual.cun.edu.co\/cemp\/wp-content\/uploads\/2021\/01\/linkedind-150x150.png 150w, https:\/\/virtual.cun.edu.co\/cemp\/wp-content\/uploads\/2021\/01\/linkedind.png 512w\" sizes=\"(max-width: 25px) 100vw, 25px\" \/><\/p><p style=\"text-align: center;\"><span style=\"text-decoration: underline;\"><a href=\"https:\/\/www.linkedin.com\/in\/diana-fernanda-vargas-b06832165\/\" target=\"_blank\" rel=\"noopener\">Perfil de LinkedIn<\/a><\/span><\/p><\/div>\n\t\t\t\t\t\t\t\t\t<div class=\"elementor-tab-title elementor-tab-mobile-title\" aria-selected=\"false\" data-tab=\"2\" role=\"tab\" tabindex=\"-1\" aria-controls=\"elementor-tab-content-1082\" aria-expanded=\"false\">PERFIL PROFESIONAL<\/div>\n\t\t\t\t\t<div id=\"elementor-tab-content-1082\" class=\"elementor-tab-content elementor-clearfix\" data-tab=\"2\" role=\"tabpanel\" aria-labelledby=\"elementor-tab-title-1082\" tabindex=\"0\" hidden=\"hidden\"><p style=\"text-align: center;\">Profesional en Administraci\u00f3n de Empresas con conocimientos y experiencia con m\u00e1s de 3 a\u00f1os en proyectos de investigaci\u00f3n te\u00f3rica y aplicada, enfocada en la planeaci\u00f3n y ejecuci\u00f3n de proyectos de car\u00e1cter social. Mis competencias se enfocan en la investigaci\u00f3n aplicada, realizando entrevistas a expertos y empresarios, y desarrollando talleres con diferentes poblaciones objeto. Me destaco por mi capacidad de liderazgo y gesti\u00f3n, orientaci\u00f3n al detalle, habilidades de comunicaci\u00f3n y adaptaci\u00f3n al cambio.<\/p><\/div>\n\t\t\t\t\t\t\t<\/div>\n\t\t<\/div>\n\t\t\t\t<\/div>\n\t\t\t\t<\/div>\n\t\t\t\t\t<\/div>\n\t\t<\/div>\n\t\t\t\t\t\t\t<\/div>\n\t\t<\/section>\n\t\t\t\t\t\t\t<\/div>\n\t\t","protected":false},"excerpt":{"rendered":"<p>Las Mujeres negras: dar forma a la teor\u00eda feminista, escrito en 1984 por Bell hooks, hace una cr\u00edtica a lo que se planteaba en el feminismo en Estados Unidos en la d\u00e9cada de los XX, que manifestaba una universalidad de las condiciones de opresi\u00f3n sexista que enfrentan \u201ctodas\u201d las mujeres estadounidenses de la \u00e9poca, sin [&hellip;]<\/p>\n","protected":false},"author":1,"featured_media":0,"comment_status":"open","ping_status":"open","sticky":false,"template":"","format":"standard","meta":[],"categories":[1],"tags":[],"_links":{"self":[{"href":"https:\/\/virtual.cun.edu.co\/cemp\/wp-json\/wp\/v2\/posts\/2371"}],"collection":[{"href":"https:\/\/virtual.cun.edu.co\/cemp\/wp-json\/wp\/v2\/posts"}],"about":[{"href":"https:\/\/virtual.cun.edu.co\/cemp\/wp-json\/wp\/v2\/types\/post"}],"author":[{"embeddable":true,"href":"https:\/\/virtual.cun.edu.co\/cemp\/wp-json\/wp\/v2\/users\/1"}],"replies":[{"embeddable":true,"href":"https:\/\/virtual.cun.edu.co\/cemp\/wp-json\/wp\/v2\/comments?post=2371"}],"version-history":[{"count":6,"href":"https:\/\/virtual.cun.edu.co\/cemp\/wp-json\/wp\/v2\/posts\/2371\/revisions"}],"predecessor-version":[{"id":2805,"href":"https:\/\/virtual.cun.edu.co\/cemp\/wp-json\/wp\/v2\/posts\/2371\/revisions\/2805"}],"wp:attachment":[{"href":"https:\/\/virtual.cun.edu.co\/cemp\/wp-json\/wp\/v2\/media?parent=2371"}],"wp:term":[{"taxonomy":"category","embeddable":true,"href":"https:\/\/virtual.cun.edu.co\/cemp\/wp-json\/wp\/v2\/categories?post=2371"},{"taxonomy":"post_tag","embeddable":true,"href":"https:\/\/virtual.cun.edu.co\/cemp\/wp-json\/wp\/v2\/tags?post=2371"}],"curies":[{"name":"wp","href":"https:\/\/api.w.org\/{rel}","templated":true}]}}