{"id":2354,"date":"2021-01-06T16:00:23","date_gmt":"2021-01-06T16:00:23","guid":{"rendered":"https:\/\/virtual.cun.edu.co\/cemp\/?p=2354"},"modified":"2021-01-26T14:36:06","modified_gmt":"2021-01-26T14:36:06","slug":"las-empresas-y-su-responsabilidad-social-contra-el-trabajo-infantil","status":"publish","type":"post","link":"https:\/\/virtual.cun.edu.co\/cemp\/2021\/01\/06\/las-empresas-y-su-responsabilidad-social-contra-el-trabajo-infantil\/","title":{"rendered":"LAS EMPRESAS Y SU RESPONSABILIDAD SOCIAL CONTRA EL TRABAJO INFANTIL"},"content":{"rendered":"\t\t<div data-elementor-type=\"wp-post\" data-elementor-id=\"2354\" class=\"elementor elementor-2354\">\n\t\t\t\t\t\t\t\t\t<section class=\"elementor-section elementor-top-section elementor-element elementor-element-394f446 elementor-section-boxed elementor-section-height-default elementor-section-height-default\" data-id=\"394f446\" data-element_type=\"section\">\n\t\t\t\t\t\t<div class=\"elementor-container elementor-column-gap-default\">\n\t\t\t\t\t<div class=\"elementor-column elementor-col-100 elementor-top-column elementor-element elementor-element-1f0abf9\" data-id=\"1f0abf9\" data-element_type=\"column\">\n\t\t\t<div class=\"elementor-widget-wrap elementor-element-populated\">\n\t\t\t\t\t\t\t\t<div class=\"elementor-element elementor-element-38bb863 elementor-widget elementor-widget-text-editor\" data-id=\"38bb863\" data-element_type=\"widget\" data-widget_type=\"text-editor.default\">\n\t\t\t\t<div class=\"elementor-widget-container\">\n\t\t\t\t\t\t\t<p>La Organizaci\u00f3n Internacional del Trabajo-OIT (2008),<span style=\"color: #33cccc;\"> incita a las empresas a involucrarse de<\/span><br \/><span style=\"color: #33cccc;\">forma activa en la b\u00fasqueda de soluciones para la erradicaci\u00f3n del trabajo infantil-TI<\/span>, m\u00e1s all\u00e1 del simple cumplimento legal de no contratar a un menor de edad (seg\u00fan normativas de cada pa\u00eds), concentrando los esfuerzos en los grupos de inter\u00e9s y en sus cadenas de valor como parte de su Responsabilidad Social Empresarial- RSE.<br \/>Los grupos de inter\u00e9s son todos aquellos actores que existen en el entorno, y que tienen la capacidad o de afectar a la empresa por su influencia o poder, o que la empresa puede afectarlos por medio de su actuar y existencia. White (2006) resulta que las empresas deben partir de la identificaci\u00f3n de sus grupos de inter\u00e9s con el fin de articular sus intereses a su propia estrategia empresarial. As\u00ed White (2006) define a la RSE como<span style=\"color: #33cccc;\"> \u201cel enfoque de gesti\u00f3n que identifica, valora y respeta los intereses de todas las partes interesadas de la organizaci\u00f3n\u201d<\/span> (p.6).<\/p>\t\t\t\t\t\t<\/div>\n\t\t\t\t<\/div>\n\t\t\t\t\t<\/div>\n\t\t<\/div>\n\t\t\t\t\t\t\t<\/div>\n\t\t<\/section>\n\t\t\t\t<section class=\"elementor-section elementor-top-section elementor-element elementor-element-e8b1d82 elementor-section-boxed elementor-section-height-default elementor-section-height-default\" data-id=\"e8b1d82\" data-element_type=\"section\">\n\t\t\t\t\t\t<div class=\"elementor-container elementor-column-gap-default\">\n\t\t\t\t\t<div class=\"elementor-column elementor-col-100 elementor-top-column elementor-element elementor-element-520ceca\" data-id=\"520ceca\" data-element_type=\"column\">\n\t\t\t<div class=\"elementor-widget-wrap elementor-element-populated\">\n\t\t\t\t\t\t\t\t<div class=\"elementor-element elementor-element-43f5b1f elementor-widget elementor-widget-image\" data-id=\"43f5b1f\" data-element_type=\"widget\" data-widget_type=\"image.default\">\n\t\t\t\t<div class=\"elementor-widget-container\">\n\t\t\t\t\t\t\t\t\t\t\t\t\t\t\t<img decoding=\"async\" src=\"https:\/\/virtual.cun.edu.co\/cemp\/wp-content\/uploads\/2021\/01\/TRABAJO2.png\" title=\"\" alt=\"\" loading=\"lazy\" \/>\t\t\t\t\t\t\t\t\t\t\t\t\t\t\t<\/div>\n\t\t\t\t<\/div>\n\t\t\t\t\t<\/div>\n\t\t<\/div>\n\t\t\t\t\t\t\t<\/div>\n\t\t<\/section>\n\t\t\t\t<section class=\"elementor-section elementor-top-section elementor-element elementor-element-d899596 elementor-section-boxed elementor-section-height-default elementor-section-height-default\" data-id=\"d899596\" data-element_type=\"section\">\n\t\t\t\t\t\t<div class=\"elementor-container elementor-column-gap-default\">\n\t\t\t\t\t<div class=\"elementor-column elementor-col-100 elementor-top-column elementor-element elementor-element-f3ef620\" data-id=\"f3ef620\" data-element_type=\"column\">\n\t\t\t<div class=\"elementor-widget-wrap elementor-element-populated\">\n\t\t\t\t\t\t\t\t<div class=\"elementor-element elementor-element-bf69e52 elementor-widget elementor-widget-text-editor\" data-id=\"bf69e52\" data-element_type=\"widget\" data-widget_type=\"text-editor.default\">\n\t\t\t\t<div class=\"elementor-widget-container\">\n\t\t\t\t\t\t\t<p>La cadena de valor, por su parte, es un concepto generado por Michael Porter (1985) como herramienta de planeaci\u00f3n estrat\u00e9gica utilizada para identificar ventajas competitivas, por medio de la cual, se busca y se desarrollan actividades que ofrezcan valor al cliente final. As\u00ed, la cadena de valor incluye, no solo los procesos realizados al interior de la empresa, sino tambi\u00e9n todas las actividades realizadas por los proveedores y distribuidores.<\/p><p>Sin embargo, Duque, Ortiz y Morales (2017) evidencian que, <span style=\"color: #33cccc;\">aunque las empresas generalmente no contratan personal menor de edad, estas no realizan esfuerzos reales por enfrentar el fen\u00f3meno presente en su entorno de influencia social, econ\u00f3mico y de desarrollo, ya sea a trav\u00e9s de acciones conjuntas con sus grupos de inter\u00e9s o por ejercer un control, vigilancia y capacitaci\u00f3n sobre su cadena de valor.<\/span><\/p><p>Por consiguiente, Beyer (2012) propone involucrar a las empresas en la erradicaci\u00f3n del TI a trav\u00e9s de sus acciones de Responsabilidad Social Empresarial. As\u00ed el sector gubernamental y el sector educativo deben ser los actores encargados de proponer y de liderar las iniciativas para erradicar el trabajo infantil. Mientras que las empresas pueden ser part\u00edcipes de las actividades y estrategias que est\u00e1n desarrollando los gobiernos de cada regi\u00f3n, ya se a nivel municipal o departamental, mediante el cumplimiento de la ley, los voluntariados, el apoyo econ\u00f3mico, el aporte de infraestructura, as\u00ed como mediante la proposici\u00f3n de nuevas soluciones para el trabajo mancomunado con todos los actores de la cadena de valor.<\/p>\t\t\t\t\t\t<\/div>\n\t\t\t\t<\/div>\n\t\t\t\t\t<\/div>\n\t\t<\/div>\n\t\t\t\t\t\t\t<\/div>\n\t\t<\/section>\n\t\t\t\t<section class=\"elementor-section elementor-top-section elementor-element elementor-element-68c8b28 elementor-section-boxed elementor-section-height-default elementor-section-height-default\" data-id=\"68c8b28\" data-element_type=\"section\">\n\t\t\t\t\t\t<div class=\"elementor-container elementor-column-gap-default\">\n\t\t\t\t\t<div class=\"elementor-column elementor-col-100 elementor-top-column elementor-element elementor-element-f321762\" data-id=\"f321762\" data-element_type=\"column\">\n\t\t\t<div class=\"elementor-widget-wrap elementor-element-populated\">\n\t\t\t\t\t\t\t\t<div class=\"elementor-element elementor-element-5236a59 elementor-widget elementor-widget-image\" data-id=\"5236a59\" data-element_type=\"widget\" data-widget_type=\"image.default\">\n\t\t\t\t<div class=\"elementor-widget-container\">\n\t\t\t\t\t\t\t\t\t\t\t\t\t\t\t<img decoding=\"async\" src=\"https:\/\/virtual.cun.edu.co\/cemp\/wp-content\/uploads\/2021\/01\/TRABAJO3.png\" title=\"\" alt=\"\" loading=\"lazy\" \/>\t\t\t\t\t\t\t\t\t\t\t\t\t\t\t<\/div>\n\t\t\t\t<\/div>\n\t\t\t\t\t<\/div>\n\t\t<\/div>\n\t\t\t\t\t\t\t<\/div>\n\t\t<\/section>\n\t\t\t\t<section class=\"elementor-section elementor-top-section elementor-element elementor-element-5c88810 elementor-section-boxed elementor-section-height-default elementor-section-height-default\" data-id=\"5c88810\" data-element_type=\"section\">\n\t\t\t\t\t\t<div class=\"elementor-container elementor-column-gap-default\">\n\t\t\t\t\t<div class=\"elementor-column elementor-col-100 elementor-top-column elementor-element elementor-element-795dc55\" data-id=\"795dc55\" data-element_type=\"column\">\n\t\t\t<div class=\"elementor-widget-wrap elementor-element-populated\">\n\t\t\t\t\t\t\t\t<div class=\"elementor-element elementor-element-b66b212 elementor-widget elementor-widget-text-editor\" data-id=\"b66b212\" data-element_type=\"widget\" data-widget_type=\"text-editor.default\">\n\t\t\t\t<div class=\"elementor-widget-container\">\n\t\t\t\t\t\t\t<p>Un ejemplo de lo anteriormente expuesto se puede evidenciar en el caso SODIMAC, referenciado por la OIT (2011) en su estrategia para la prevenci\u00f3n y erradicaci\u00f3n del trabajo infantil&nbsp;<span style=\"font-size: 16px; background-color: transparent;\">en las empresas, donde se parti\u00f3 del compromiso establecido por la alta gerencia de SODIMAC,<span style=\"color: #33cccc;\">&nbsp;<\/span><\/span><span style=\"color: #33cccc;\"><span style=\"font-size: 16px; background-color: transparent;\">logrando estructurar inicialmente las pol\u00edticas de la empresa alrededor de la no contrataci\u00f3n de&nbsp;<\/span><span style=\"font-size: 16px; background-color: transparent;\">personas menores de 18 a\u00f1os, y pasando posteriormente a la promoci\u00f3n y capacitaci\u00f3n a los&nbsp;<\/span><span style=\"font-size: 16px; background-color: transparent;\">proveedores, a trav\u00e9s de un curso de producci\u00f3n responsable, con el fin de ahondar en la problem\u00e1tica&nbsp;<\/span><\/span><span style=\"font-size: 16px; background-color: transparent;\"><span style=\"color: #33cccc;\">y de dar a conocer la diferencia entre los trabajos que pueden realizar los NNA y los que no.<\/span>&nbsp;<\/span><span style=\"font-size: 16px; background-color: transparent;\">Mostrando que la problem\u00e1tica no se aborda de forma individual, sino desde una ambiente de trabajo&nbsp;<\/span><span style=\"font-size: 16px; background-color: transparent;\">colaborativo con los grupos de inter\u00e9s. Fomentando as\u00ed, una pol\u00edtica de generar cadenas de valor&nbsp;<\/span><span style=\"font-size: 16px; background-color: transparent;\">libres de trabajo infantil.<\/span><\/p>\n<p>Por lo tanto, las organizaciones deben entender que la RSE se debe extender a los grupos de inter\u00e9s, por lo que no solo se involucra el accionar de la empresa, sino que debe propender de la realizaci\u00f3n de acciones de forma conjunta, como las alianzas p\u00fablico-privadas, las cuales son m\u00e1s sostenibles en el tiempo, focalizan esfuerzos y generan impactos transversales en ben\u00e9ficos de la sociedad, por entender que todos los actores se enfocan en la implementaci\u00f3n de estructuras y soluciones pensadas en el largo plazo.<\/p>\t\t\t\t\t\t<\/div>\n\t\t\t\t<\/div>\n\t\t\t\t\t<\/div>\n\t\t<\/div>\n\t\t\t\t\t\t\t<\/div>\n\t\t<\/section>\n\t\t\t\t<section class=\"elementor-section elementor-top-section elementor-element elementor-element-85bd875 elementor-section-boxed elementor-section-height-default elementor-section-height-default\" data-id=\"85bd875\" data-element_type=\"section\">\n\t\t\t\t\t\t<div class=\"elementor-container elementor-column-gap-default\">\n\t\t\t\t\t<div class=\"elementor-column elementor-col-100 elementor-top-column elementor-element elementor-element-691faf6\" data-id=\"691faf6\" data-element_type=\"column\">\n\t\t\t<div class=\"elementor-widget-wrap elementor-element-populated\">\n\t\t\t\t\t\t\t\t<div class=\"elementor-element elementor-element-adf6708 elementor-tabs-view-horizontal elementor-widget elementor-widget-tabs\" data-id=\"adf6708\" data-element_type=\"widget\" data-widget_type=\"tabs.default\">\n\t\t\t\t<div class=\"elementor-widget-container\">\n\t\t\t\t\t<div class=\"elementor-tabs\">\n\t\t\t<div class=\"elementor-tabs-wrapper\" role=\"tablist\" >\n\t\t\t\t\t\t\t\t\t<div id=\"elementor-tab-title-1821\" class=\"elementor-tab-title elementor-tab-desktop-title\" aria-selected=\"true\" data-tab=\"1\" role=\"tab\" tabindex=\"0\" aria-controls=\"elementor-tab-content-1821\" aria-expanded=\"false\">AUTOR<\/div>\n\t\t\t\t\t\t\t<\/div>\n\t\t\t<div class=\"elementor-tabs-content-wrapper\" role=\"tablist\" aria-orientation=\"vertical\">\n\t\t\t\t\t\t\t\t\t<div class=\"elementor-tab-title elementor-tab-mobile-title\" aria-selected=\"true\" data-tab=\"1\" role=\"tab\" tabindex=\"0\" aria-controls=\"elementor-tab-content-1821\" aria-expanded=\"false\">AUTOR<\/div>\n\t\t\t\t\t<div id=\"elementor-tab-content-1821\" class=\"elementor-tab-content elementor-clearfix\" data-tab=\"1\" role=\"tabpanel\" aria-labelledby=\"elementor-tab-title-1821\" tabindex=\"0\" hidden=\"false\"><p style=\"text-align: center;\"><a href=\"https:\/\/www.linkedin.com\/in\/oscar-mauricio-g%C3%B3mez-miranda-0ba63276\/\" target=\"_blank\" rel=\"noopener\"><img decoding=\"async\" loading=\"lazy\" class=\"aligncenter wp-image-2132 size-medium\" src=\"https:\/\/virtual.cun.edu.co\/cemp\/wp-content\/uploads\/2020\/11\/10-300x300.png\" alt=\"\" width=\"300\" height=\"300\" \/><\/a><\/p><h5 style=\"text-align: center;\">Oscar Mauricio G\u00f3mez Miranda<\/h5><p><img decoding=\"async\" loading=\"lazy\" class=\" wp-image-2591 aligncenter\" src=\"https:\/\/virtual.cun.edu.co\/cemp\/wp-content\/uploads\/2021\/01\/linkedind-300x300.png\" alt=\"\" width=\"25\" height=\"25\" srcset=\"https:\/\/virtual.cun.edu.co\/cemp\/wp-content\/uploads\/2021\/01\/linkedind-300x300.png 300w, https:\/\/virtual.cun.edu.co\/cemp\/wp-content\/uploads\/2021\/01\/linkedind-150x150.png 150w, https:\/\/virtual.cun.edu.co\/cemp\/wp-content\/uploads\/2021\/01\/linkedind.png 512w\" sizes=\"(max-width: 25px) 100vw, 25px\" \/><\/p><p style=\"text-align: center;\"><span style=\"text-decoration: underline;\"><a href=\"https:\/\/www.linkedin.com\/in\/oscar-mauricio-g%C3%B3mez-miranda-0ba63276\/\" target=\"_blank\" rel=\"noopener\">Perfil de LinkedIn<\/a><\/span><\/p><\/div>\n\t\t\t\t\t\t\t<\/div>\n\t\t<\/div>\n\t\t\t\t<\/div>\n\t\t\t\t<\/div>\n\t\t\t\t\t<\/div>\n\t\t<\/div>\n\t\t\t\t\t\t\t<\/div>\n\t\t<\/section>\n\t\t\t\t\t\t\t<\/div>\n\t\t","protected":false},"excerpt":{"rendered":"<p>La Organizaci\u00f3n Internacional del Trabajo-OIT (2008), incita a las empresas a involucrarse deforma activa en la b\u00fasqueda de soluciones para la erradicaci\u00f3n del trabajo infantil-TI, m\u00e1s all\u00e1 del simple cumplimento legal de no contratar a un menor de edad (seg\u00fan normativas de cada pa\u00eds), concentrando los esfuerzos en los grupos de inter\u00e9s y en sus [&hellip;]<\/p>\n","protected":false},"author":1,"featured_media":0,"comment_status":"open","ping_status":"open","sticky":false,"template":"","format":"standard","meta":[],"categories":[1],"tags":[],"_links":{"self":[{"href":"https:\/\/virtual.cun.edu.co\/cemp\/wp-json\/wp\/v2\/posts\/2354"}],"collection":[{"href":"https:\/\/virtual.cun.edu.co\/cemp\/wp-json\/wp\/v2\/posts"}],"about":[{"href":"https:\/\/virtual.cun.edu.co\/cemp\/wp-json\/wp\/v2\/types\/post"}],"author":[{"embeddable":true,"href":"https:\/\/virtual.cun.edu.co\/cemp\/wp-json\/wp\/v2\/users\/1"}],"replies":[{"embeddable":true,"href":"https:\/\/virtual.cun.edu.co\/cemp\/wp-json\/wp\/v2\/comments?post=2354"}],"version-history":[{"count":6,"href":"https:\/\/virtual.cun.edu.co\/cemp\/wp-json\/wp\/v2\/posts\/2354\/revisions"}],"predecessor-version":[{"id":2811,"href":"https:\/\/virtual.cun.edu.co\/cemp\/wp-json\/wp\/v2\/posts\/2354\/revisions\/2811"}],"wp:attachment":[{"href":"https:\/\/virtual.cun.edu.co\/cemp\/wp-json\/wp\/v2\/media?parent=2354"}],"wp:term":[{"taxonomy":"category","embeddable":true,"href":"https:\/\/virtual.cun.edu.co\/cemp\/wp-json\/wp\/v2\/categories?post=2354"},{"taxonomy":"post_tag","embeddable":true,"href":"https:\/\/virtual.cun.edu.co\/cemp\/wp-json\/wp\/v2\/tags?post=2354"}],"curies":[{"name":"wp","href":"https:\/\/api.w.org\/{rel}","templated":true}]}}