{"id":2323,"date":"2020-12-21T11:00:23","date_gmt":"2020-12-21T11:00:23","guid":{"rendered":"https:\/\/virtual.cun.edu.co\/cemp\/?p=2323"},"modified":"2021-01-29T20:10:49","modified_gmt":"2021-01-29T20:10:49","slug":"tiempo-recurso-no-renovable","status":"publish","type":"post","link":"https:\/\/virtual.cun.edu.co\/cemp\/2020\/12\/21\/tiempo-recurso-no-renovable\/","title":{"rendered":"TIEMPO, RECURSO NO RENOVABLE."},"content":{"rendered":"\t\t<div data-elementor-type=\"wp-post\" data-elementor-id=\"2323\" class=\"elementor elementor-2323\">\n\t\t\t\t\t\t\t\t\t<section class=\"elementor-section elementor-top-section elementor-element elementor-element-ccc88f1 elementor-section-boxed elementor-section-height-default elementor-section-height-default\" data-id=\"ccc88f1\" data-element_type=\"section\">\n\t\t\t\t\t\t<div class=\"elementor-container elementor-column-gap-default\">\n\t\t\t\t\t<div class=\"elementor-column elementor-col-100 elementor-top-column elementor-element elementor-element-7a9fa87\" data-id=\"7a9fa87\" data-element_type=\"column\">\n\t\t\t<div class=\"elementor-widget-wrap elementor-element-populated\">\n\t\t\t\t\t\t\t\t<div class=\"elementor-element elementor-element-710c0b8 elementor-widget elementor-widget-text-editor\" data-id=\"710c0b8\" data-element_type=\"widget\" data-widget_type=\"text-editor.default\">\n\t\t\t\t<div class=\"elementor-widget-container\">\n\t\t\t\t\t\t\t<p>Para algunos el tiempo no puede significar algo trascendental sino la forma para medir el transcurso del d\u00eda; sin embargo, para otros representa<span style=\"color: #33cccc;\"> un recurso no renovable que puede estar sujeto a la administraci\u00f3n, una habilidad que incrementa el nivel de productividad.<\/span> En este art\u00edculo se mostrar\u00e1 algunos consejos que se podr\u00e1n tener en cuenta, los posibles ladrones de tiempo y la importancia de su administraci\u00f3n.<\/p><p>Cada semana tenemos disponibles 168 horas; una parte de esta fracci\u00f3n se invierte en tiempo laboral y descanso, la pregunta en este caso es determinar c\u00f3mo se aprovecha el tiempo restante y de qu\u00e9 manera podemos volvernos productivos en la cotidianidad estableciendo tiempos espec\u00edficos para las actividades.<\/p><p>Algunos factores que pueden ser tenidos en cuenta para la administraci\u00f3n del tiempo son:<span style=\"color: #33cccc;\"> la decisi\u00f3n de querer cumplir un objetivo espec\u00edfico, bien dicen que sin decisi\u00f3n no hay acci\u00f3n.<\/span> Otro factor de gran relevancia corresponde a la ansiedad que causa el futuro; es comprensible que deseemos tener todo organizado, pero es prudente vivir el hoy sin preocuparse por el futuro o deprimirse por el pasado. El \u00faltimo factor se relaciona a la espontaneidad, como es imposible programar todo hay que priorizar las tareas urgentes por si surge una eventualidad se pueda gestionar \u00e9sta en el tiempo correcto.<\/p>\t\t\t\t\t\t<\/div>\n\t\t\t\t<\/div>\n\t\t\t\t\t<\/div>\n\t\t<\/div>\n\t\t\t\t\t\t\t<\/div>\n\t\t<\/section>\n\t\t\t\t<section class=\"elementor-section elementor-top-section elementor-element elementor-element-a85dcaf elementor-section-boxed elementor-section-height-default elementor-section-height-default\" data-id=\"a85dcaf\" data-element_type=\"section\">\n\t\t\t\t\t\t<div class=\"elementor-container elementor-column-gap-default\">\n\t\t\t\t\t<div class=\"elementor-column elementor-col-100 elementor-top-column elementor-element elementor-element-9c97cb3\" data-id=\"9c97cb3\" data-element_type=\"column\">\n\t\t\t<div class=\"elementor-widget-wrap elementor-element-populated\">\n\t\t\t\t\t\t\t\t<div class=\"elementor-element elementor-element-d0e38bc elementor-widget elementor-widget-image\" data-id=\"d0e38bc\" data-element_type=\"widget\" data-widget_type=\"image.default\">\n\t\t\t\t<div class=\"elementor-widget-container\">\n\t\t\t\t\t\t\t\t\t\t\t\t\t\t\t<img decoding=\"async\" src=\"https:\/\/virtual.cun.edu.co\/cemp\/wp-content\/uploads\/2020\/12\/TIEMPO-3.png\" title=\"\" alt=\"\" loading=\"lazy\" \/>\t\t\t\t\t\t\t\t\t\t\t\t\t\t\t<\/div>\n\t\t\t\t<\/div>\n\t\t\t\t<div class=\"elementor-element elementor-element-cd07a16 elementor-widget elementor-widget-text-editor\" data-id=\"cd07a16\" data-element_type=\"widget\" data-widget_type=\"text-editor.default\">\n\t\t\t\t<div class=\"elementor-widget-container\">\n\t\t\t\t\t\t\t<p>Ahora bien, aunque las actividades diarias est\u00e9n programadas siempre se presentan h\u00e1bitos o situaciones ya sea provenientes del entorno o de nosotros mismos que constituye para cualquier persona la primera raz\u00f3n de p\u00e9rdida de tiempo, este concepto es expuesto por Jos\u00e9 Mar\u00eda Acosta el cual distingue en su gu\u00eda como ladrones de tiempo. Dentro del documento el autor hace un listado explicativo de distintas situaciones que se pueden categorizar en: ladrones de tiempo dentro del sector organizacional, este incluye procesos comunicativos no efectivos, objetivos confusos, desorganizaci\u00f3n, entre otros. Tambi\u00e9n se distinguen los ladrones de tiempo personales, que se pueden relacionar con falta de <span style=\"font-size: 16px; background-color: transparent;\">concentraci\u00f3n, interrupciones, aplazamiento de deberes, redes sociales y mucho\u00a0<\/span><span style=\"font-size: 16px; background-color: transparent;\">m\u00e1s.<\/span><\/p><p><span style=\"color: #33cccc;\">Con la gesti\u00f3n del tiempo no se busca actuar de forma mec\u00e1nica para mejorar los logros en el entorno laboral, si el ser humano es pluridimensional debe fortalecer todas las esferas que lo componen para que exista un equilibrio y con ello tener una calidad de vida.<\/span> Las actividades que se realicen a lo largo del d\u00eda deben ser coherentes con los prop\u00f3sitos de las dimensiones familiar, personal, profesional y social. El tiempo asignado para las tareas diarias debe estar en sinton\u00eda con el proyecto de vida; una metodolog\u00eda que funciona para redefinir este aspecto fue el modelo del negocio personal creada por Clark y Osterwolder.<\/p>\t\t\t\t\t\t<\/div>\n\t\t\t\t<\/div>\n\t\t\t\t\t<\/div>\n\t\t<\/div>\n\t\t\t\t\t\t\t<\/div>\n\t\t<\/section>\n\t\t\t\t<section class=\"elementor-section elementor-top-section elementor-element elementor-element-5b2f602 elementor-section-boxed elementor-section-height-default elementor-section-height-default\" data-id=\"5b2f602\" data-element_type=\"section\">\n\t\t\t\t\t\t<div class=\"elementor-container elementor-column-gap-default\">\n\t\t\t\t\t<div class=\"elementor-column elementor-col-100 elementor-top-column elementor-element elementor-element-05edbe2\" data-id=\"05edbe2\" data-element_type=\"column\">\n\t\t\t<div class=\"elementor-widget-wrap elementor-element-populated\">\n\t\t\t\t\t\t\t\t<div class=\"elementor-element elementor-element-189fb08 elementor-widget elementor-widget-image\" data-id=\"189fb08\" data-element_type=\"widget\" data-widget_type=\"image.default\">\n\t\t\t\t<div class=\"elementor-widget-container\">\n\t\t\t\t\t\t\t\t\t\t\t\t\t\t\t<img decoding=\"async\" src=\"https:\/\/virtual.cun.edu.co\/cemp\/wp-content\/uploads\/2020\/12\/TIEMPO-2.png\" title=\"\" alt=\"\" loading=\"lazy\" \/>\t\t\t\t\t\t\t\t\t\t\t\t\t\t\t<\/div>\n\t\t\t\t<\/div>\n\t\t\t\t\t<\/div>\n\t\t<\/div>\n\t\t\t\t\t\t\t<\/div>\n\t\t<\/section>\n\t\t\t\t<section class=\"elementor-section elementor-top-section elementor-element elementor-element-cfc6f39 elementor-section-boxed elementor-section-height-default elementor-section-height-default\" data-id=\"cfc6f39\" data-element_type=\"section\">\n\t\t\t\t\t\t<div class=\"elementor-container elementor-column-gap-default\">\n\t\t\t\t\t<div class=\"elementor-column elementor-col-100 elementor-top-column elementor-element elementor-element-ba230ed\" data-id=\"ba230ed\" data-element_type=\"column\">\n\t\t\t<div class=\"elementor-widget-wrap elementor-element-populated\">\n\t\t\t\t\t\t\t\t<div class=\"elementor-element elementor-element-94ba15c elementor-widget elementor-widget-text-editor\" data-id=\"94ba15c\" data-element_type=\"widget\" data-widget_type=\"text-editor.default\">\n\t\t\t\t<div class=\"elementor-widget-container\">\n\t\t\t\t\t\t\t<p>Y a modo de conclusi\u00f3n, para mejorar los niveles de productividad se pueden se\u00f1alar algunos aspectos que resultar\u00edan provechosos como: delegar responsabilidades, tomar de decisiones optimizando el tiempo y orient\u00e1ndose al fin, realizar reuniones de an\u00e1lisis del comportamiento laboral; en ellas se pueden tocar temas como logros, resultados y estrategias. Otro factor que puede convertirse en un punto clave es determinar los espacios f\u00edsicos de los elementos con los que se labora, si permanece todo en su lugar habr\u00e1 eficiencia y orden mental. No hace falta ser especialista para entender que una de las cosas que no se puede cambiar es el transcurso o avance del tiempo, este siempre est\u00e1 agot\u00e1ndose.<\/p>\t\t\t\t\t\t<\/div>\n\t\t\t\t<\/div>\n\t\t\t\t\t<\/div>\n\t\t<\/div>\n\t\t\t\t\t\t\t<\/div>\n\t\t<\/section>\n\t\t\t\t<section class=\"elementor-section elementor-top-section elementor-element elementor-element-eca5c8e elementor-section-boxed elementor-section-height-default elementor-section-height-default\" data-id=\"eca5c8e\" data-element_type=\"section\">\n\t\t\t\t\t\t<div class=\"elementor-container elementor-column-gap-default\">\n\t\t\t\t\t<div class=\"elementor-column elementor-col-100 elementor-top-column elementor-element elementor-element-049eec1\" data-id=\"049eec1\" data-element_type=\"column\">\n\t\t\t<div class=\"elementor-widget-wrap elementor-element-populated\">\n\t\t\t\t\t\t\t\t<div class=\"elementor-element elementor-element-20665f9 elementor-tabs-view-horizontal elementor-widget elementor-widget-tabs\" data-id=\"20665f9\" data-element_type=\"widget\" data-widget_type=\"tabs.default\">\n\t\t\t\t<div class=\"elementor-widget-container\">\n\t\t\t\t\t<div class=\"elementor-tabs\">\n\t\t\t<div class=\"elementor-tabs-wrapper\" role=\"tablist\" >\n\t\t\t\t\t\t\t\t\t<div id=\"elementor-tab-title-3391\" class=\"elementor-tab-title elementor-tab-desktop-title\" aria-selected=\"true\" data-tab=\"1\" role=\"tab\" tabindex=\"0\" aria-controls=\"elementor-tab-content-3391\" aria-expanded=\"false\">AUTOR<\/div>\n\t\t\t\t\t\t\t\t\t<div id=\"elementor-tab-title-3392\" class=\"elementor-tab-title elementor-tab-desktop-title\" aria-selected=\"false\" data-tab=\"2\" role=\"tab\" tabindex=\"-1\" aria-controls=\"elementor-tab-content-3392\" aria-expanded=\"false\">PERFIL PROFESIONAL<\/div>\n\t\t\t\t\t\t\t<\/div>\n\t\t\t<div class=\"elementor-tabs-content-wrapper\" role=\"tablist\" aria-orientation=\"vertical\">\n\t\t\t\t\t\t\t\t\t<div class=\"elementor-tab-title elementor-tab-mobile-title\" aria-selected=\"true\" data-tab=\"1\" role=\"tab\" tabindex=\"0\" aria-controls=\"elementor-tab-content-3391\" aria-expanded=\"false\">AUTOR<\/div>\n\t\t\t\t\t<div id=\"elementor-tab-content-3391\" class=\"elementor-tab-content elementor-clearfix\" data-tab=\"1\" role=\"tabpanel\" aria-labelledby=\"elementor-tab-title-3391\" tabindex=\"0\" hidden=\"false\"><p style=\"text-align: center;\"><a href=\"https:\/\/www.linkedin.com\/in\/karem-moreno-sep%C3%BAlveda-227492176\/\" target=\"_blank\" rel=\"noopener\"><img decoding=\"async\" loading=\"lazy\" class=\"aligncenter\" src=\"https:\/\/virtual.cun.edu.co\/cemp\/wp-content\/uploads\/2020\/11\/16-300x300.png\" alt=\"\" width=\"300\" height=\"300\" \/><\/a><\/p><h5 style=\"text-align: center;\">Karem Moreno Sep\u00falveda<\/h5><p><img decoding=\"async\" loading=\"lazy\" class=\"wp-image-2591 aligncenter\" src=\"https:\/\/virtual.cun.edu.co\/cemp\/wp-content\/uploads\/2021\/01\/linkedind-300x300.png\" alt=\"\" width=\"25\" height=\"25\" srcset=\"https:\/\/virtual.cun.edu.co\/cemp\/wp-content\/uploads\/2021\/01\/linkedind-300x300.png 300w, https:\/\/virtual.cun.edu.co\/cemp\/wp-content\/uploads\/2021\/01\/linkedind-150x150.png 150w, https:\/\/virtual.cun.edu.co\/cemp\/wp-content\/uploads\/2021\/01\/linkedind.png 512w\" sizes=\"(max-width: 25px) 100vw, 25px\" \/><\/p><p style=\"text-align: center;\"><span style=\"text-decoration: underline;\"><a href=\"https:\/\/www.linkedin.com\/in\/karem-moreno-sep%C3%BAlveda-227492176\/\" target=\"_blank\" rel=\"noopener\">Perfil de LinkedIn<\/a><\/span><\/p><\/div>\n\t\t\t\t\t\t\t\t\t<div class=\"elementor-tab-title elementor-tab-mobile-title\" aria-selected=\"false\" data-tab=\"2\" role=\"tab\" tabindex=\"-1\" aria-controls=\"elementor-tab-content-3392\" aria-expanded=\"false\">PERFIL PROFESIONAL<\/div>\n\t\t\t\t\t<div id=\"elementor-tab-content-3392\" class=\"elementor-tab-content elementor-clearfix\" data-tab=\"2\" role=\"tabpanel\" aria-labelledby=\"elementor-tab-title-3392\" tabindex=\"0\" hidden=\"hidden\"><p style=\"text-align: center;\"><span class=\"lt-line-clamp__line\">Profesional en Comunicaci\u00f3n y especialista de mercadeo en proceso. Apasionada por la radio y entusiasta por el<\/span>\u00a0<span class=\"lt-line-clamp__line\">Marketing y desarrollo empresarial, con conocimientos b\u00e1sicos de edici\u00f3n de v\u00eddeo, imagen y audio, amante de la<\/span>\u00a0<span class=\"lt-line-clamp__line lt-line-clamp__line--last\">planeaci\u00f3n y generaci\u00f3n de estrategias comunicativas, desarrolladora de proyectos de innovaci\u00f3n empresarial.<\/span>\u00a0<\/p><\/div>\n\t\t\t\t\t\t\t<\/div>\n\t\t<\/div>\n\t\t\t\t<\/div>\n\t\t\t\t<\/div>\n\t\t\t\t\t<\/div>\n\t\t<\/div>\n\t\t\t\t\t\t\t<\/div>\n\t\t<\/section>\n\t\t\t\t\t\t\t<\/div>\n\t\t","protected":false},"excerpt":{"rendered":"<p>Para algunos el tiempo no puede significar algo trascendental sino la forma para medir el transcurso del d\u00eda; sin embargo, para otros representa un recurso no renovable que puede estar sujeto a la administraci\u00f3n, una habilidad que incrementa el nivel de productividad. En este art\u00edculo se mostrar\u00e1 algunos consejos que se podr\u00e1n tener en cuenta, [&hellip;]<\/p>\n","protected":false},"author":1,"featured_media":0,"comment_status":"open","ping_status":"open","sticky":false,"template":"","format":"standard","meta":[],"categories":[1],"tags":[],"_links":{"self":[{"href":"https:\/\/virtual.cun.edu.co\/cemp\/wp-json\/wp\/v2\/posts\/2323"}],"collection":[{"href":"https:\/\/virtual.cun.edu.co\/cemp\/wp-json\/wp\/v2\/posts"}],"about":[{"href":"https:\/\/virtual.cun.edu.co\/cemp\/wp-json\/wp\/v2\/types\/post"}],"author":[{"embeddable":true,"href":"https:\/\/virtual.cun.edu.co\/cemp\/wp-json\/wp\/v2\/users\/1"}],"replies":[{"embeddable":true,"href":"https:\/\/virtual.cun.edu.co\/cemp\/wp-json\/wp\/v2\/comments?post=2323"}],"version-history":[{"count":6,"href":"https:\/\/virtual.cun.edu.co\/cemp\/wp-json\/wp\/v2\/posts\/2323\/revisions"}],"predecessor-version":[{"id":2749,"href":"https:\/\/virtual.cun.edu.co\/cemp\/wp-json\/wp\/v2\/posts\/2323\/revisions\/2749"}],"wp:attachment":[{"href":"https:\/\/virtual.cun.edu.co\/cemp\/wp-json\/wp\/v2\/media?parent=2323"}],"wp:term":[{"taxonomy":"category","embeddable":true,"href":"https:\/\/virtual.cun.edu.co\/cemp\/wp-json\/wp\/v2\/categories?post=2323"},{"taxonomy":"post_tag","embeddable":true,"href":"https:\/\/virtual.cun.edu.co\/cemp\/wp-json\/wp\/v2\/tags?post=2323"}],"curies":[{"name":"wp","href":"https:\/\/api.w.org\/{rel}","templated":true}]}}