{"id":2317,"date":"2020-12-18T11:00:24","date_gmt":"2020-12-18T11:00:24","guid":{"rendered":"https:\/\/virtual.cun.edu.co\/cemp\/?p=2317"},"modified":"2021-01-29T20:10:26","modified_gmt":"2021-01-29T20:10:26","slug":"competencias-digitales-en-la-formacion-profesional","status":"publish","type":"post","link":"https:\/\/virtual.cun.edu.co\/cemp\/2020\/12\/18\/competencias-digitales-en-la-formacion-profesional\/","title":{"rendered":"COMPETENCIAS DIGITALES EN LA FORMACI\u00d3N PROFESIONAL"},"content":{"rendered":"\t\t<div data-elementor-type=\"wp-post\" data-elementor-id=\"2317\" class=\"elementor elementor-2317\">\n\t\t\t\t\t\t\t\t\t<section class=\"elementor-section elementor-top-section elementor-element elementor-element-b77b7cb elementor-section-boxed elementor-section-height-default elementor-section-height-default\" data-id=\"b77b7cb\" data-element_type=\"section\">\n\t\t\t\t\t\t<div class=\"elementor-container elementor-column-gap-default\">\n\t\t\t\t\t<div class=\"elementor-column elementor-col-100 elementor-top-column elementor-element elementor-element-e5b7259\" data-id=\"e5b7259\" data-element_type=\"column\">\n\t\t\t<div class=\"elementor-widget-wrap elementor-element-populated\">\n\t\t\t\t\t\t\t\t<div class=\"elementor-element elementor-element-e635b56 elementor-widget elementor-widget-text-editor\" data-id=\"e635b56\" data-element_type=\"widget\" data-widget_type=\"text-editor.default\">\n\t\t\t\t<div class=\"elementor-widget-container\">\n\t\t\t\t\t\t\t<p>Las instituciones de educaci\u00f3n superior (IES) en el pa\u00eds son consideradas como espacios no solo para la formaci\u00f3n profesional, sino que a su vez comprenden un entorno en el cual el estudiante puede obtener experiencias y capacidades, m\u00e1s all\u00e1 de lo acad\u00e9mico, que ser\u00e1n de provecho en su vida laboral. En este sentido, las IES se caracterizan principalmente por <span style=\"color: #33cccc;\">formar profesionales que logren satisfacer las necesidades que el mercado laboral demanda en el momento.<\/span><\/p><p>Por otra parte, las condiciones del mercado se encuentran en constante cambio debido a las diferentes coyunturas que se presentan conforme el paso del tiempo. Los avances que la sociedad ha tenido con el paso del tiempo hacen necesario que se empiecen a implementar nuevos aprendizajes al aula de clase. Un claro ejemplo de lo anterior fue la Revoluci\u00f3n Industrial, los cambios que esta trajo consigo en aspectos sociales, econ\u00f3micos y tecnol\u00f3gicos, obligo a una sociedad a reinventar gran parte de los procesos empresariales que se desarrollaban en la \u00e9poca, puesto que la mano de obra se ve\u00eda reemplazada por maquinaria que permit\u00eda desarrollar la misma tarea de una manera mucho m\u00e1s r\u00e1pida y eficiente.<\/p><p>Es por lo anterior que<span style=\"color: #33cccc;\"> se hace m\u00e1s que necesario que las IES est\u00e9n a la par de dichos cambios, que est\u00e9n en la capacidad no solo de identificar dichos cambios, sino que a su vez tenga la capacidad estructural de dise\u00f1ar e implementar las estrategias necesarias para ajustar su oferta acad\u00e9mica a lo que el mercado est\u00e1 requiriendo de los futuros profesionales.<\/span><\/p>\t\t\t\t\t\t<\/div>\n\t\t\t\t<\/div>\n\t\t\t\t\t<\/div>\n\t\t<\/div>\n\t\t\t\t\t\t\t<\/div>\n\t\t<\/section>\n\t\t\t\t<section class=\"elementor-section elementor-top-section elementor-element elementor-element-105ebba elementor-section-boxed elementor-section-height-default elementor-section-height-default\" data-id=\"105ebba\" data-element_type=\"section\">\n\t\t\t\t\t\t<div class=\"elementor-container elementor-column-gap-default\">\n\t\t\t\t\t<div class=\"elementor-column elementor-col-100 elementor-top-column elementor-element elementor-element-7dcea75\" data-id=\"7dcea75\" data-element_type=\"column\">\n\t\t\t<div class=\"elementor-widget-wrap elementor-element-populated\">\n\t\t\t\t\t\t\t\t<div class=\"elementor-element elementor-element-35de9eb elementor-widget elementor-widget-image\" data-id=\"35de9eb\" data-element_type=\"widget\" data-widget_type=\"image.default\">\n\t\t\t\t<div class=\"elementor-widget-container\">\n\t\t\t\t\t\t\t\t\t\t\t\t\t\t\t<img decoding=\"async\" src=\"https:\/\/virtual.cun.edu.co\/cemp\/wp-content\/uploads\/2020\/12\/FORMACION.png\" title=\"\" alt=\"\" loading=\"lazy\" \/>\t\t\t\t\t\t\t\t\t\t\t\t\t\t\t<\/div>\n\t\t\t\t<\/div>\n\t\t\t\t\t<\/div>\n\t\t<\/div>\n\t\t\t\t\t\t\t<\/div>\n\t\t<\/section>\n\t\t\t\t<section class=\"elementor-section elementor-top-section elementor-element elementor-element-e6ca4c9 elementor-section-boxed elementor-section-height-default elementor-section-height-default\" data-id=\"e6ca4c9\" data-element_type=\"section\">\n\t\t\t\t\t\t<div class=\"elementor-container elementor-column-gap-default\">\n\t\t\t\t\t<div class=\"elementor-column elementor-col-100 elementor-top-column elementor-element elementor-element-e9a20ec\" data-id=\"e9a20ec\" data-element_type=\"column\">\n\t\t\t<div class=\"elementor-widget-wrap elementor-element-populated\">\n\t\t\t\t\t\t\t\t<div class=\"elementor-element elementor-element-e7213bd elementor-widget elementor-widget-text-editor\" data-id=\"e7213bd\" data-element_type=\"widget\" data-widget_type=\"text-editor.default\">\n\t\t\t\t<div class=\"elementor-widget-container\">\n\t\t\t\t\t\t\t<p>Si bien lo anterior implica un reto para las IES por los esfuerzos estructurales y operacionales que un cambio en el curr\u00edculo requiere, es necesario que se busquen alternativas que inicien como peque\u00f1os esfuerzos hasta que logren presentar cambios significativos. Es decir que el cambio curricular se puede empezar a dar desde asignaturas electivas, que permitan a los estudiantes y futuros profesionales adquirir conocimientos y competencias que realmente den respuesta a la\u00a0<span style=\"font-size: 16px; background-color: transparent;\">demanda laboral. Por otra parte, incentivar en semestres tempranos las practicas profesionales\u00a0<\/span><span style=\"font-size: 16px; background-color: transparent;\">permite no solo que el estudiante ponga en pr\u00e1ctica los conocimientos que est\u00e1 adquiriendo, sino\u00a0<\/span><span style=\"font-size: 16px; background-color: transparent;\">que a su vez sea consciente de las din\u00e1micas que el mundo laboral est\u00e1 requiriendo y que\u00a0<\/span><span style=\"font-size: 16px; background-color: transparent;\">finalmente logran formarlo como profesional.<\/span><\/p><p>En conclusi\u00f3n, se entiende que dicho cambio demanda un gran esfuerzo para las IES en t\u00e9rminos operacionales y econ\u00f3micos, pero <span style=\"color: #33cccc;\">es un cambio que se hace necesario no solo para mantenerse a la par de las diferentes coyunturas, sino que a la vez para mantenerse vigente en una sociedad que cada vez busca opciones educativas que les permita aprender de manera r\u00e1pida y puntual para lanzarse al mundo laboral<\/span>, el cual valora cada vez m\u00e1s lo que el profesional sabe hacer en lugar de su t\u00edtulo profesional.<\/p>\t\t\t\t\t\t<\/div>\n\t\t\t\t<\/div>\n\t\t\t\t\t<\/div>\n\t\t<\/div>\n\t\t\t\t\t\t\t<\/div>\n\t\t<\/section>\n\t\t\t\t<section class=\"elementor-section elementor-top-section elementor-element elementor-element-dd6e242 elementor-section-boxed elementor-section-height-default elementor-section-height-default\" data-id=\"dd6e242\" data-element_type=\"section\">\n\t\t\t\t\t\t<div class=\"elementor-container elementor-column-gap-default\">\n\t\t\t\t\t<div class=\"elementor-column elementor-col-100 elementor-top-column elementor-element elementor-element-d77a3f1\" data-id=\"d77a3f1\" data-element_type=\"column\">\n\t\t\t<div class=\"elementor-widget-wrap elementor-element-populated\">\n\t\t\t\t\t\t\t\t<div class=\"elementor-element elementor-element-0756941 elementor-tabs-view-horizontal elementor-widget elementor-widget-tabs\" data-id=\"0756941\" data-element_type=\"widget\" data-widget_type=\"tabs.default\">\n\t\t\t\t<div class=\"elementor-widget-container\">\n\t\t\t\t\t<div class=\"elementor-tabs\">\n\t\t\t<div class=\"elementor-tabs-wrapper\" role=\"tablist\" >\n\t\t\t\t\t\t\t\t\t<div id=\"elementor-tab-title-7691\" class=\"elementor-tab-title elementor-tab-desktop-title\" aria-selected=\"true\" data-tab=\"1\" role=\"tab\" tabindex=\"0\" aria-controls=\"elementor-tab-content-7691\" aria-expanded=\"false\">AUTOR<\/div>\n\t\t\t\t\t\t\t\t\t<div id=\"elementor-tab-title-7692\" class=\"elementor-tab-title elementor-tab-desktop-title\" aria-selected=\"false\" data-tab=\"2\" role=\"tab\" tabindex=\"-1\" aria-controls=\"elementor-tab-content-7692\" aria-expanded=\"false\">PERFIL PROFESIONAL<\/div>\n\t\t\t\t\t\t\t<\/div>\n\t\t\t<div class=\"elementor-tabs-content-wrapper\" role=\"tablist\" aria-orientation=\"vertical\">\n\t\t\t\t\t\t\t\t\t<div class=\"elementor-tab-title elementor-tab-mobile-title\" aria-selected=\"true\" data-tab=\"1\" role=\"tab\" tabindex=\"0\" aria-controls=\"elementor-tab-content-7691\" aria-expanded=\"false\">AUTOR<\/div>\n\t\t\t\t\t<div id=\"elementor-tab-content-7691\" class=\"elementor-tab-content elementor-clearfix\" data-tab=\"1\" role=\"tabpanel\" aria-labelledby=\"elementor-tab-title-7691\" tabindex=\"0\" hidden=\"false\"><p style=\"text-align: center;\"><a href=\"https:\/\/www.linkedin.com\/in\/lorena-cruz-molina-a7b75578\/\" target=\"_blank\" rel=\"noopener\"><img decoding=\"async\" loading=\"lazy\" class=\"aligncenter wp-image-2061 size-medium\" src=\"https:\/\/virtual.cun.edu.co\/cemp\/wp-content\/uploads\/2020\/11\/18-300x300.png\" alt=\"\" width=\"300\" height=\"300\" \/><\/a><\/p><h5 style=\"text-align: center;\">Lorena Cruz Molina<\/h5><p><img decoding=\"async\" loading=\"lazy\" class=\" wp-image-2591 aligncenter\" src=\"https:\/\/virtual.cun.edu.co\/cemp\/wp-content\/uploads\/2021\/01\/linkedind-300x300.png\" alt=\"\" width=\"25\" height=\"25\" srcset=\"https:\/\/virtual.cun.edu.co\/cemp\/wp-content\/uploads\/2021\/01\/linkedind-300x300.png 300w, https:\/\/virtual.cun.edu.co\/cemp\/wp-content\/uploads\/2021\/01\/linkedind-150x150.png 150w, https:\/\/virtual.cun.edu.co\/cemp\/wp-content\/uploads\/2021\/01\/linkedind.png 512w\" sizes=\"(max-width: 25px) 100vw, 25px\" \/><\/p><p style=\"text-align: center;\"><span style=\"text-decoration: underline;\"><a href=\"https:\/\/www.linkedin.com\/in\/lorena-cruz-molina-a7b75578\/\" target=\"_blank\" rel=\"noopener\">Perfil de LinkedIn<\/a><\/span><\/p><\/div>\n\t\t\t\t\t\t\t\t\t<div class=\"elementor-tab-title elementor-tab-mobile-title\" aria-selected=\"false\" data-tab=\"2\" role=\"tab\" tabindex=\"-1\" aria-controls=\"elementor-tab-content-7692\" aria-expanded=\"false\">PERFIL PROFESIONAL<\/div>\n\t\t\t\t\t<div id=\"elementor-tab-content-7692\" class=\"elementor-tab-content elementor-clearfix\" data-tab=\"2\" role=\"tabpanel\" aria-labelledby=\"elementor-tab-title-7692\" tabindex=\"0\" hidden=\"hidden\"><p style=\"text-align: center;\">Profesional en Negocios y Relaciones Internacionales de la<br \/>Universidad de La Salle. Con conocimiento en \u00e1reas como:<br \/>Marketing Internacional, Operaciones Internacionales, Innovaci\u00f3n<br \/>y Competencias Digitales. Manejo de segundo idioma ingl\u00e9s en<br \/>nivel B2 de habla, comprensi\u00f3n y escritura.<br \/>Con alto grado de responsabilidad, facilidad de interpretaci\u00f3n de<br \/>pol\u00edticas organizacionales, habilidad para trabajar en equipo o<br \/>individualmente y con disposici\u00f3n para el aprendizaje que me<br \/>permitan proyectarme de acuerdo con los conocimientos y<br \/>experiencias adquiridas. Por otra parte, me caracterizo por la<br \/>tranquilidad para responder a contextos de presi\u00f3n y mediar en<br \/>situaciones de conflicto.<\/p><\/div>\n\t\t\t\t\t\t\t<\/div>\n\t\t<\/div>\n\t\t\t\t<\/div>\n\t\t\t\t<\/div>\n\t\t\t\t\t<\/div>\n\t\t<\/div>\n\t\t\t\t\t\t\t<\/div>\n\t\t<\/section>\n\t\t\t\t\t\t\t<\/div>\n\t\t","protected":false},"excerpt":{"rendered":"<p>Las instituciones de educaci\u00f3n superior (IES) en el pa\u00eds son consideradas como espacios no solo para la formaci\u00f3n profesional, sino que a su vez comprenden un entorno en el cual el estudiante puede obtener experiencias y capacidades, m\u00e1s all\u00e1 de lo acad\u00e9mico, que ser\u00e1n de provecho en su vida laboral. En este sentido, las IES [&hellip;]<\/p>\n","protected":false},"author":1,"featured_media":0,"comment_status":"open","ping_status":"open","sticky":false,"template":"","format":"standard","meta":[],"categories":[1],"tags":[],"_links":{"self":[{"href":"https:\/\/virtual.cun.edu.co\/cemp\/wp-json\/wp\/v2\/posts\/2317"}],"collection":[{"href":"https:\/\/virtual.cun.edu.co\/cemp\/wp-json\/wp\/v2\/posts"}],"about":[{"href":"https:\/\/virtual.cun.edu.co\/cemp\/wp-json\/wp\/v2\/types\/post"}],"author":[{"embeddable":true,"href":"https:\/\/virtual.cun.edu.co\/cemp\/wp-json\/wp\/v2\/users\/1"}],"replies":[{"embeddable":true,"href":"https:\/\/virtual.cun.edu.co\/cemp\/wp-json\/wp\/v2\/comments?post=2317"}],"version-history":[{"count":3,"href":"https:\/\/virtual.cun.edu.co\/cemp\/wp-json\/wp\/v2\/posts\/2317\/revisions"}],"predecessor-version":[{"id":2752,"href":"https:\/\/virtual.cun.edu.co\/cemp\/wp-json\/wp\/v2\/posts\/2317\/revisions\/2752"}],"wp:attachment":[{"href":"https:\/\/virtual.cun.edu.co\/cemp\/wp-json\/wp\/v2\/media?parent=2317"}],"wp:term":[{"taxonomy":"category","embeddable":true,"href":"https:\/\/virtual.cun.edu.co\/cemp\/wp-json\/wp\/v2\/categories?post=2317"},{"taxonomy":"post_tag","embeddable":true,"href":"https:\/\/virtual.cun.edu.co\/cemp\/wp-json\/wp\/v2\/tags?post=2317"}],"curies":[{"name":"wp","href":"https:\/\/api.w.org\/{rel}","templated":true}]}}