{"id":2290,"date":"2020-12-16T11:00:57","date_gmt":"2020-12-16T11:00:57","guid":{"rendered":"https:\/\/virtual.cun.edu.co\/cemp\/?p=2290"},"modified":"2021-01-26T14:18:26","modified_gmt":"2021-01-26T14:18:26","slug":"el-malestar-que-no-tiene-nombre-en-la-mistica-de-la-feminidad-de-betty-friedan","status":"publish","type":"post","link":"https:\/\/virtual.cun.edu.co\/cemp\/2020\/12\/16\/el-malestar-que-no-tiene-nombre-en-la-mistica-de-la-feminidad-de-betty-friedan\/","title":{"rendered":"EL MALESTAR QUE NO TIENE NOMBRE, EN LA M\u00cdSTICA DE LA FEMINIDAD DE BETTY FRIEDAN"},"content":{"rendered":"\t\t<div data-elementor-type=\"wp-post\" data-elementor-id=\"2290\" class=\"elementor elementor-2290\">\n\t\t\t\t\t\t\t\t\t<section class=\"elementor-section elementor-top-section elementor-element elementor-element-0b88d2e elementor-section-boxed elementor-section-height-default elementor-section-height-default\" data-id=\"0b88d2e\" data-element_type=\"section\">\n\t\t\t\t\t\t<div class=\"elementor-container elementor-column-gap-default\">\n\t\t\t\t\t<div class=\"elementor-column elementor-col-100 elementor-top-column elementor-element elementor-element-ce53f4d\" data-id=\"ce53f4d\" data-element_type=\"column\">\n\t\t\t<div class=\"elementor-widget-wrap elementor-element-populated\">\n\t\t\t\t\t\t\t\t<div class=\"elementor-element elementor-element-b66214e elementor-widget elementor-widget-text-editor\" data-id=\"b66214e\" data-element_type=\"widget\" data-widget_type=\"text-editor.default\">\n\t\t\t\t<div class=\"elementor-widget-container\">\n\t\t\t\t\t\t\t<p>El malestar que no tiene nombre, en la m\u00edstica de la feminidad, escrito en 1963 por Betty Friedan, manifiesta que entre 1950 y 1960 la m\u00edstica de la feminidad se apoder\u00f3 de la cultura estadounidense, es decir, que <span style=\"color: #33cccc;\">la realizaci\u00f3n femenina era casarse, tener hijos y tener una bonita casa, ese era el sue\u00f1o de toda mujer estadounidense. A las mujeres se les indicaba que la verdadera feminidad no aspiraba a tener una carrera, ni estudios superiores, ni derechos pol\u00edticos; sino que estaba en conseguir y conservar un esposo, criar a los hijos y dedicarse a las actividades del hogar.\u00a0<\/span><\/p><p>En Estados Unidos el malestar de las mujeres no exist\u00eda. Sin embargo, las mujeres empezaron a compartir esa resignaci\u00f3n, desesperaci\u00f3n, insatisfacci\u00f3n, malestar, que no era algo respecto a su esposo, hijos o el hogar, era un malestar que no ten\u00eda nombre.\u00a0<\/p><p>Friedan siendo escritora que deb\u00eda entrevistar a muchas mujeres se dio cuenta del malestar que sent\u00edan; ellas manifestaban que hab\u00edan intentado hacer todo lo que deb\u00edan hacer las mujeres, sin embargo, se sent\u00edan vac\u00edas, que no ten\u00edan personalidad, pregunt\u00e1ndose <span style=\"color: #33cccc;\">\u00bfQui\u00e9n soy yo?<\/span><\/p>\t\t\t\t\t\t<\/div>\n\t\t\t\t<\/div>\n\t\t\t\t\t<\/div>\n\t\t<\/div>\n\t\t\t\t\t\t\t<\/div>\n\t\t<\/section>\n\t\t\t\t<section class=\"elementor-section elementor-top-section elementor-element elementor-element-4c2213a elementor-section-boxed elementor-section-height-default elementor-section-height-default\" data-id=\"4c2213a\" data-element_type=\"section\">\n\t\t\t\t\t\t<div class=\"elementor-container elementor-column-gap-default\">\n\t\t\t\t\t<div class=\"elementor-column elementor-col-100 elementor-top-column elementor-element elementor-element-84354dc\" data-id=\"84354dc\" data-element_type=\"column\">\n\t\t\t<div class=\"elementor-widget-wrap elementor-element-populated\">\n\t\t\t\t\t\t\t\t<div class=\"elementor-element elementor-element-feb2246 elementor-widget elementor-widget-image\" data-id=\"feb2246\" data-element_type=\"widget\" data-widget_type=\"image.default\">\n\t\t\t\t<div class=\"elementor-widget-container\">\n\t\t\t\t\t\t\t\t\t\t\t\t\t\t\t<img decoding=\"async\" src=\"https:\/\/virtual.cun.edu.co\/cemp\/wp-content\/uploads\/2020\/12\/MALESTAR-2-1.png\" title=\"\" alt=\"\" loading=\"lazy\" \/>\t\t\t\t\t\t\t\t\t\t\t\t\t\t\t<\/div>\n\t\t\t\t<\/div>\n\t\t\t\t<div class=\"elementor-element elementor-element-034eefe elementor-widget elementor-widget-text-editor\" data-id=\"034eefe\" data-element_type=\"widget\" data-widget_type=\"text-editor.default\">\n\t\t\t\t<div class=\"elementor-widget-container\">\n\t\t\t\t\t\t\t<p>Para 1960, se destroz\u00f3 la imagen perfecta y feliz del ama de casa estadounidense. Los medios de comunicaci\u00f3n, los educadores, los expertos empezaron atribuir esta situaci\u00f3n a razones superficiales y a dar soluciones dr\u00e1sticas y absurdas, asoci\u00e1ndolo con problemas de la educaci\u00f3n, de adaptaci\u00f3n al papel de ama de casa, con problemas sexuales o hasta considerando que el malestar no ten\u00eda soluci\u00f3n, que era algo propio de ser mujer.\u00a0<\/p><p>Friedan consideraba que <span style=\"color: #33cccc;\">no era posible de ignorar esa voz de insatisfacci\u00f3n que aquejaba a tantas mujeres estadounidenses, que ese malestar que no tiene nombre no se debe a la p\u00e9rdida de la feminidad, ni a las exigencias de la vida dom\u00e9stica, ni a los estudios que se tenga, ni por el hecho de que estas mujeres lo tengan todo y gocen de privilegios que otras<span style=\"font-size: 16px; background-color: transparent;\">\u00a0<\/span><span style=\"font-size: 16px; background-color: transparent;\">mujeres en otra \u00e9poca no han tenido, ese malestar va m\u00e1s all\u00e1 y es mucho m\u00e1s importante <\/span><span style=\"font-size: 16px; background-color: transparent;\">de lo que nadie reconoce.<\/span><\/span><\/p>\t\t\t\t\t\t<\/div>\n\t\t\t\t<\/div>\n\t\t\t\t\t<\/div>\n\t\t<\/div>\n\t\t\t\t\t\t\t<\/div>\n\t\t<\/section>\n\t\t\t\t<section class=\"elementor-section elementor-top-section elementor-element elementor-element-a81a334 elementor-section-boxed elementor-section-height-default elementor-section-height-default\" data-id=\"a81a334\" data-element_type=\"section\">\n\t\t\t\t\t\t<div class=\"elementor-container elementor-column-gap-default\">\n\t\t\t\t\t<div class=\"elementor-column elementor-col-100 elementor-top-column elementor-element elementor-element-42292dd\" data-id=\"42292dd\" data-element_type=\"column\">\n\t\t\t<div class=\"elementor-widget-wrap elementor-element-populated\">\n\t\t\t\t\t\t\t\t<div class=\"elementor-element elementor-element-dc0d506 elementor-widget elementor-widget-image\" data-id=\"dc0d506\" data-element_type=\"widget\" data-widget_type=\"image.default\">\n\t\t\t\t<div class=\"elementor-widget-container\">\n\t\t\t\t\t\t\t\t\t\t\t\t\t\t\t<img decoding=\"async\" src=\"https:\/\/virtual.cun.edu.co\/cemp\/wp-content\/uploads\/2020\/12\/MALESTAR-3.png\" title=\"\" alt=\"\" loading=\"lazy\" \/>\t\t\t\t\t\t\t\t\t\t\t\t\t\t\t<\/div>\n\t\t\t\t<\/div>\n\t\t\t\t<div class=\"elementor-element elementor-element-d85f6c4 elementor-widget elementor-widget-text-editor\" data-id=\"d85f6c4\" data-element_type=\"widget\" data-widget_type=\"text-editor.default\">\n\t\t\t\t<div class=\"elementor-widget-container\">\n\t\t\t\t\t\t\t<p>De esta manera, no debe existir indiferencia ante la realidad y se debe dar la importancia que se merece, el caso del malestar que no tiene nombre en donde la misma sociedad representada en los medios de comunicaci\u00f3n, los educadores, los cient\u00edficos, los expertos, hasta las mismas mujeres no quieren reconocer a profundidad las causas del malestar y la insatisfacci\u00f3n por la que las mujeres estaban pasando a mediados del siglo XX. <span style=\"color: #33cccc;\">Es clave revelar, que s\u00f3lo se exponen los casos de mujeres blancas, educadas, con una posici\u00f3n social relevante que est\u00e1n dedicadas a la vida dom\u00e9stica, el cuidado de sus hijos y de su esposo, y que tienen un sentimiento en com\u00fan de insatisfacci\u00f3n y de desesperaci\u00f3n.<\/span><\/p><p><span style=\"background-color: transparent; font-size: 16px;\">Sin embargo, se trat\u00f3 de universalizar el mismo sentimiento para todas las mujeres, no\u00a0<\/span><span style=\"font-size: 16px; background-color: transparent;\">obstante, las mujeres negras o afro, ind\u00edgenas, gitanas, entre otras, no se ven\u00a0<\/span><span style=\"font-size: 16px; background-color: transparent;\">representadas en este discurso, ya que ellas han vivido de otra manera la explotaci\u00f3n y\u00a0<\/span><span style=\"font-size: 16px; background-color: transparent;\">discriminaci\u00f3n. <span style=\"color: #33cccc;\">Es interesante identificar y analizar la situaci\u00f3n propia de las mujeres a partir\u00a0<\/span><\/span><span style=\"color: #33cccc;\"><span style=\"font-size: 16px; background-color: transparent;\">de sus contextos socio-culturales y de la historia que las ha marcado, no todas han vivido\u00a0<\/span><span style=\"font-size: 16px; background-color: transparent;\">el mismo nivel de discriminaci\u00f3n, marcadas por su condici\u00f3n \u00e9tnica, racial, de g\u00e9nero,\u00a0<\/span><span style=\"font-size: 16px; background-color: transparent;\">religi\u00f3n, entre otras.<\/span><\/span><\/p>\t\t\t\t\t\t<\/div>\n\t\t\t\t<\/div>\n\t\t\t\t\t<\/div>\n\t\t<\/div>\n\t\t\t\t\t\t\t<\/div>\n\t\t<\/section>\n\t\t\t\t<section class=\"elementor-section elementor-top-section elementor-element elementor-element-22ec57b elementor-section-boxed elementor-section-height-default elementor-section-height-default\" data-id=\"22ec57b\" data-element_type=\"section\">\n\t\t\t\t\t\t<div class=\"elementor-container elementor-column-gap-default\">\n\t\t\t\t\t<div class=\"elementor-column elementor-col-100 elementor-top-column elementor-element elementor-element-a84fe2a\" data-id=\"a84fe2a\" data-element_type=\"column\">\n\t\t\t<div class=\"elementor-widget-wrap elementor-element-populated\">\n\t\t\t\t\t\t\t\t<div class=\"elementor-element elementor-element-b35c147 elementor-tabs-view-horizontal elementor-widget elementor-widget-tabs\" data-id=\"b35c147\" data-element_type=\"widget\" data-widget_type=\"tabs.default\">\n\t\t\t\t<div class=\"elementor-widget-container\">\n\t\t\t\t\t<div class=\"elementor-tabs\">\n\t\t\t<div class=\"elementor-tabs-wrapper\" role=\"tablist\" >\n\t\t\t\t\t\t\t\t\t<div id=\"elementor-tab-title-1881\" class=\"elementor-tab-title elementor-tab-desktop-title\" aria-selected=\"true\" data-tab=\"1\" role=\"tab\" tabindex=\"0\" aria-controls=\"elementor-tab-content-1881\" aria-expanded=\"false\">AUTOR<\/div>\n\t\t\t\t\t\t\t\t\t<div id=\"elementor-tab-title-1882\" class=\"elementor-tab-title elementor-tab-desktop-title\" aria-selected=\"false\" data-tab=\"2\" role=\"tab\" tabindex=\"-1\" aria-controls=\"elementor-tab-content-1882\" aria-expanded=\"false\">PERFIL PROFESIONAL<\/div>\n\t\t\t\t\t\t\t<\/div>\n\t\t\t<div class=\"elementor-tabs-content-wrapper\" role=\"tablist\" aria-orientation=\"vertical\">\n\t\t\t\t\t\t\t\t\t<div class=\"elementor-tab-title elementor-tab-mobile-title\" aria-selected=\"true\" data-tab=\"1\" role=\"tab\" tabindex=\"0\" aria-controls=\"elementor-tab-content-1881\" aria-expanded=\"false\">AUTOR<\/div>\n\t\t\t\t\t<div id=\"elementor-tab-content-1881\" class=\"elementor-tab-content elementor-clearfix\" data-tab=\"1\" role=\"tabpanel\" aria-labelledby=\"elementor-tab-title-1881\" tabindex=\"0\" hidden=\"false\"><p style=\"text-align: center;\"><a href=\"https:\/\/www.linkedin.com\/in\/diana-fernanda-vargas-b06832165\/\" target=\"_blank\" rel=\"noopener\"><img decoding=\"async\" loading=\"lazy\" class=\"aligncenter wp-image-2081 size-medium\" src=\"https:\/\/virtual.cun.edu.co\/cemp\/wp-content\/uploads\/2020\/11\/11-300x300.png\" alt=\"\" width=\"300\" height=\"300\" \/><\/a><\/p><h5 style=\"text-align: center;\">Diana Fernanda Vargas<\/h5><p><img decoding=\"async\" loading=\"lazy\" class=\" wp-image-2591 aligncenter\" src=\"https:\/\/virtual.cun.edu.co\/cemp\/wp-content\/uploads\/2021\/01\/linkedind-300x300.png\" alt=\"\" width=\"25\" height=\"25\" srcset=\"https:\/\/virtual.cun.edu.co\/cemp\/wp-content\/uploads\/2021\/01\/linkedind-300x300.png 300w, https:\/\/virtual.cun.edu.co\/cemp\/wp-content\/uploads\/2021\/01\/linkedind-150x150.png 150w, https:\/\/virtual.cun.edu.co\/cemp\/wp-content\/uploads\/2021\/01\/linkedind.png 512w\" sizes=\"(max-width: 25px) 100vw, 25px\" \/><\/p><p style=\"text-align: center;\"><a href=\"https:\/\/www.linkedin.com\/in\/diana-fernanda-vargas-b06832165\/\" target=\"_blank\" rel=\"noopener\"><span style=\"text-decoration: underline;\">Perfil de LinkedIn<\/span><\/a><\/p><\/div>\n\t\t\t\t\t\t\t\t\t<div class=\"elementor-tab-title elementor-tab-mobile-title\" aria-selected=\"false\" data-tab=\"2\" role=\"tab\" tabindex=\"-1\" aria-controls=\"elementor-tab-content-1882\" aria-expanded=\"false\">PERFIL PROFESIONAL<\/div>\n\t\t\t\t\t<div id=\"elementor-tab-content-1882\" class=\"elementor-tab-content elementor-clearfix\" data-tab=\"2\" role=\"tabpanel\" aria-labelledby=\"elementor-tab-title-1882\" tabindex=\"0\" hidden=\"hidden\"><p style=\"text-align: center;\">Profesional en Administraci\u00f3n de Empresas con conocimientos y experiencia con m\u00e1s de 3 a\u00f1os en proyectos de investigaci\u00f3n te\u00f3rica y aplicada, enfocada en la planeaci\u00f3n y ejecuci\u00f3n de proyectos de car\u00e1cter social. Mis competencias se enfocan en la investigaci\u00f3n aplicada, realizando entrevistas a expertos y empresarios, y desarrollando talleres con diferentes poblaciones objeto. Me destaco por mi capacidad de liderazgo y gesti\u00f3n, orientaci\u00f3n al detalle, habilidades de comunicaci\u00f3n y adaptaci\u00f3n al cambio.<\/p><\/div>\n\t\t\t\t\t\t\t<\/div>\n\t\t<\/div>\n\t\t\t\t<\/div>\n\t\t\t\t<\/div>\n\t\t\t\t\t<\/div>\n\t\t<\/div>\n\t\t\t\t\t\t\t<\/div>\n\t\t<\/section>\n\t\t\t\t\t\t\t<\/div>\n\t\t","protected":false},"excerpt":{"rendered":"<p>El malestar que no tiene nombre, en la m\u00edstica de la feminidad, escrito en 1963 por Betty Friedan, manifiesta que entre 1950 y 1960 la m\u00edstica de la feminidad se apoder\u00f3 de la cultura estadounidense, es decir, que la realizaci\u00f3n femenina era casarse, tener hijos y tener una bonita casa, ese era el sue\u00f1o de [&hellip;]<\/p>\n","protected":false},"author":1,"featured_media":0,"comment_status":"open","ping_status":"open","sticky":false,"template":"","format":"standard","meta":[],"categories":[1],"tags":[],"_links":{"self":[{"href":"https:\/\/virtual.cun.edu.co\/cemp\/wp-json\/wp\/v2\/posts\/2290"}],"collection":[{"href":"https:\/\/virtual.cun.edu.co\/cemp\/wp-json\/wp\/v2\/posts"}],"about":[{"href":"https:\/\/virtual.cun.edu.co\/cemp\/wp-json\/wp\/v2\/types\/post"}],"author":[{"embeddable":true,"href":"https:\/\/virtual.cun.edu.co\/cemp\/wp-json\/wp\/v2\/users\/1"}],"replies":[{"embeddable":true,"href":"https:\/\/virtual.cun.edu.co\/cemp\/wp-json\/wp\/v2\/comments?post=2290"}],"version-history":[{"count":6,"href":"https:\/\/virtual.cun.edu.co\/cemp\/wp-json\/wp\/v2\/posts\/2290\/revisions"}],"predecessor-version":[{"id":2768,"href":"https:\/\/virtual.cun.edu.co\/cemp\/wp-json\/wp\/v2\/posts\/2290\/revisions\/2768"}],"wp:attachment":[{"href":"https:\/\/virtual.cun.edu.co\/cemp\/wp-json\/wp\/v2\/media?parent=2290"}],"wp:term":[{"taxonomy":"category","embeddable":true,"href":"https:\/\/virtual.cun.edu.co\/cemp\/wp-json\/wp\/v2\/categories?post=2290"},{"taxonomy":"post_tag","embeddable":true,"href":"https:\/\/virtual.cun.edu.co\/cemp\/wp-json\/wp\/v2\/tags?post=2290"}],"curies":[{"name":"wp","href":"https:\/\/api.w.org\/{rel}","templated":true}]}}