{"id":2274,"date":"2020-12-11T11:00:33","date_gmt":"2020-12-11T11:00:33","guid":{"rendered":"https:\/\/virtual.cun.edu.co\/cemp\/?p=2274"},"modified":"2021-01-26T14:43:40","modified_gmt":"2021-01-26T14:43:40","slug":"la-mediacion-pedagogica-como-solucion-al-desinteres-del-estudiante","status":"publish","type":"post","link":"https:\/\/virtual.cun.edu.co\/cemp\/2020\/12\/11\/la-mediacion-pedagogica-como-solucion-al-desinteres-del-estudiante\/","title":{"rendered":"LA MEDIACI\u00d3N PEDAG\u00d3GICA COMO SOLUCI\u00d3N AL DESINTER\u00c9S DEL ESTUDIANTE"},"content":{"rendered":"\t\t<div data-elementor-type=\"wp-post\" data-elementor-id=\"2274\" class=\"elementor elementor-2274\">\n\t\t\t\t\t\t\t\t\t<section class=\"elementor-section elementor-top-section elementor-element elementor-element-991e527 elementor-section-boxed elementor-section-height-default elementor-section-height-default\" data-id=\"991e527\" data-element_type=\"section\">\n\t\t\t\t\t\t<div class=\"elementor-container elementor-column-gap-default\">\n\t\t\t\t\t<div class=\"elementor-column elementor-col-100 elementor-top-column elementor-element elementor-element-944d796\" data-id=\"944d796\" data-element_type=\"column\">\n\t\t\t<div class=\"elementor-widget-wrap elementor-element-populated\">\n\t\t\t\t\t\t\t\t<div class=\"elementor-element elementor-element-6cd848c elementor-widget elementor-widget-text-editor\" data-id=\"6cd848c\" data-element_type=\"widget\" data-widget_type=\"text-editor.default\">\n\t\t\t\t<div class=\"elementor-widget-container\">\n\t\t\t\t\t\t\t<p>La escuela es el centro del aprendizaje, por lo tanto, como docentes debemos preparar a los estudiantes para que logren alcanzar y desarrollar las competencias, reflexiones y destrezas necesarias, pero sobre todo en la pr\u00e1ctica. Seg\u00fan Vykotsky <span style=\"color: #33cccc;\">\u201cel aprendizaje como un proceso fundamentalmente social, por lo que la ense\u00f1anza constituye el medio por el cual progresa el desarrollo\u201d<\/span> (2000, p. 197), todo esto se realiza por medio de la interacci\u00f3n colectiva y las relaciones con los individuos del entorno.<\/p><p>La mediaci\u00f3n pedag\u00f3gica consiste seg\u00fan diferentes autores, en promover y desarrollar situaciones sociales, teniendo en cuenta lo expresado por Escobar <span style=\"color: #33cccc;\">\u201cla mediaci\u00f3n del aprendizaje como un proceso de interacci\u00f3n pedag\u00f3gica; social, dial\u00f3gico, l\u00fadico, consciente, intencional, sistem\u00e1tico, destinado a generar experiencias de \u2018buen aprendizaje\u2019, que al tiempo que transmita conocimientos, posibilite el desarrollo de las potencialidades humanas en el ser, hacer, conocer y convivir\u201d<\/span> (p. 60). Todos estos elementos permiten el desarrollo del sujeto dependiendo de la finalidad pedag\u00f3gica.<\/p>\t\t\t\t\t\t<\/div>\n\t\t\t\t<\/div>\n\t\t\t\t<div class=\"elementor-element elementor-element-0114de5 elementor-widget elementor-widget-image\" data-id=\"0114de5\" data-element_type=\"widget\" data-widget_type=\"image.default\">\n\t\t\t\t<div class=\"elementor-widget-container\">\n\t\t\t\t\t\t\t\t\t\t\t\t\t\t\t<img decoding=\"async\" src=\"https:\/\/virtual.cun.edu.co\/cemp\/wp-content\/uploads\/2020\/12\/DESINTERES-1.png\" title=\"\" alt=\"\" loading=\"lazy\" \/>\t\t\t\t\t\t\t\t\t\t\t\t\t\t\t<\/div>\n\t\t\t\t<\/div>\n\t\t\t\t\t<\/div>\n\t\t<\/div>\n\t\t\t\t\t\t\t<\/div>\n\t\t<\/section>\n\t\t\t\t<section class=\"elementor-section elementor-top-section elementor-element elementor-element-44b71e5 elementor-section-boxed elementor-section-height-default elementor-section-height-default\" data-id=\"44b71e5\" data-element_type=\"section\">\n\t\t\t\t\t\t<div class=\"elementor-container elementor-column-gap-default\">\n\t\t\t\t\t<div class=\"elementor-column elementor-col-100 elementor-top-column elementor-element elementor-element-5d48263\" data-id=\"5d48263\" data-element_type=\"column\">\n\t\t\t<div class=\"elementor-widget-wrap elementor-element-populated\">\n\t\t\t\t\t\t\t\t<div class=\"elementor-element elementor-element-5c25e68 elementor-widget elementor-widget-text-editor\" data-id=\"5c25e68\" data-element_type=\"widget\" data-widget_type=\"text-editor.default\">\n\t\t\t\t<div class=\"elementor-widget-container\">\n\t\t\t\t\t\t\t<p>Para Pilonieta existen dos tipos de mediaci\u00f3n la de car\u00e1cter cognitivo y la de metacognici\u00f3n, la primera es la que tiene que ver con lo relacionado al conocimiento y todo lo referente al campo cognitivo y la segunda la de metacognici\u00f3n; que se refiere a la semi\u00f3tica, la autorregulaci\u00f3n y los procesos referentes a la metacognici\u00f3n.<\/p><p>Con base en lo anterior, la mediaci\u00f3n se da a trav\u00e9s de un sujeto que puede ser padre, familiar, adulto, y <span style=\"color: #33cccc;\">en nuestro caso como como docentes, ser\u00edamos los mediadores; nuestro objetivo es guiar el aprendizaje, analizando unas metas espec\u00edficas, con actividades claras, que al ser presentadas y realizadas, motive en ellos la curiosidad, el gusto, y se alcancen unos objetivos espec\u00edficos, estas actividades adem\u00e1s, deben ser innovadoras, transformadoras, explicadas claramente, el lenguaje, el di\u00e1logo y la comunicaci\u00f3n, ser\u00e1n fundamentales en este proceso.<\/span><\/p><p>Ellos deben observar la importancia y pertinencia de la actividad, con un fin claro, para que el ni\u00f1o relacione la informaci\u00f3n previa con la informaci\u00f3n nueva, y note la importancia de ese conocimiento. El maestro debe, hacer sentir a sus estudiantes comprometidos con el proceso de su aprendizaje, dejando huella en ellos. Seg\u00fan Escobar \u201cpor ello la mediaci\u00f3n del significado se\u00a0<span style=\"font-size: 16px; background-color: transparent;\">refiere, entre otras cosas, al despertar de la conciencia y la necesidad de los diversos significados\u00a0<\/span><span style=\"font-size: 16px; background-color: transparent;\">de las palabras y situaciones\u201d y de la buena organizaci\u00f3n de esta t\u00e9cnica, ser\u00e1n los resultados.<\/span><\/p>\t\t\t\t\t\t<\/div>\n\t\t\t\t<\/div>\n\t\t\t\t\t<\/div>\n\t\t<\/div>\n\t\t\t\t\t\t\t<\/div>\n\t\t<\/section>\n\t\t\t\t<section class=\"elementor-section elementor-top-section elementor-element elementor-element-0898e45 elementor-section-boxed elementor-section-height-default elementor-section-height-default\" data-id=\"0898e45\" data-element_type=\"section\">\n\t\t\t\t\t\t<div class=\"elementor-container elementor-column-gap-default\">\n\t\t\t\t\t<div class=\"elementor-column elementor-col-100 elementor-top-column elementor-element elementor-element-7f9f70f\" data-id=\"7f9f70f\" data-element_type=\"column\">\n\t\t\t<div class=\"elementor-widget-wrap elementor-element-populated\">\n\t\t\t\t\t\t\t\t<div class=\"elementor-element elementor-element-8be243f elementor-widget elementor-widget-text-editor\" data-id=\"8be243f\" data-element_type=\"widget\" data-widget_type=\"text-editor.default\">\n\t\t\t\t<div class=\"elementor-widget-container\">\n\t\t\t\t\t\t\t<p>Hay que tener en cuenta que el aprendizaje no es algo que se queda inm\u00f3vil, sino que puede ser variable, a pesar de que tiene estructura estable. Por lo anterior, se puede concluir que los individuos est\u00e1n dispuestos al cambio, pero esto depende de dos factores:<\/p>\t\t\t\t\t\t<\/div>\n\t\t\t\t<\/div>\n\t\t\t\t\t<\/div>\n\t\t<\/div>\n\t\t\t\t\t\t\t<\/div>\n\t\t<\/section>\n\t\t\t\t<section class=\"elementor-section elementor-top-section elementor-element elementor-element-632c709 elementor-section-boxed elementor-section-height-default elementor-section-height-default\" data-id=\"632c709\" data-element_type=\"section\">\n\t\t\t\t\t\t<div class=\"elementor-container elementor-column-gap-default\">\n\t\t\t\t\t<div class=\"elementor-column elementor-col-25 elementor-top-column elementor-element elementor-element-a922471\" data-id=\"a922471\" data-element_type=\"column\">\n\t\t\t<div class=\"elementor-widget-wrap\">\n\t\t\t\t\t\t\t\t\t<\/div>\n\t\t<\/div>\n\t\t\t\t<div class=\"elementor-column elementor-col-50 elementor-top-column elementor-element elementor-element-1c0416a\" data-id=\"1c0416a\" data-element_type=\"column\">\n\t\t\t<div class=\"elementor-widget-wrap elementor-element-populated\">\n\t\t\t\t\t\t\t\t<div class=\"elementor-element elementor-element-5beff01 elementor-widget elementor-widget-text-editor\" data-id=\"5beff01\" data-element_type=\"widget\" data-widget_type=\"text-editor.default\">\n\t\t\t\t<div class=\"elementor-widget-container\">\n\t\t\t\t\t\t\t<p style=\"text-align: center;\"><span style=\"color: #33cccc; font-family: Poppins, sans-serif; font-size: 16px; font-style: italic; font-weight: 400; text-align: justify;\">\u201cExisten dos tipos de factores causantes de una alta o baja modificabilidad: los factores distantes y los proximales. Los distantes incluyen factores gen\u00e9ticos, org\u00e1nicos, estimulaci\u00f3n ambiental, socioecon\u00f3micos, educativos y emocionales y, en general, todos aquellos factores del medio en el que se desenvuelve el organismo y los factores proximales; son la presencia o ausencia de la experiencia del aprendizaje mediado, que se entiende como la intervenci\u00f3n de un ser humano mediador entre el organismo y el medio para proporcionar al individuo un aprendizaje organizado y estructurado\u201d\u00a0<\/span><\/p><p style=\"text-align: center;\"><span style=\"color: #33cccc; font-family: Poppins, sans-serif; font-size: 16px; font-style: italic; font-weight: 400; text-align: justify;\">(Feuerstein, 1996).<\/span><\/p>\t\t\t\t\t\t<\/div>\n\t\t\t\t<\/div>\n\t\t\t\t\t<\/div>\n\t\t<\/div>\n\t\t\t\t<div class=\"elementor-column elementor-col-25 elementor-top-column elementor-element elementor-element-35adaf0\" data-id=\"35adaf0\" data-element_type=\"column\">\n\t\t\t<div class=\"elementor-widget-wrap\">\n\t\t\t\t\t\t\t\t\t<\/div>\n\t\t<\/div>\n\t\t\t\t\t\t\t<\/div>\n\t\t<\/section>\n\t\t\t\t<section class=\"elementor-section elementor-top-section elementor-element elementor-element-7ea12bd elementor-section-boxed elementor-section-height-default elementor-section-height-default\" data-id=\"7ea12bd\" data-element_type=\"section\">\n\t\t\t\t\t\t<div class=\"elementor-container elementor-column-gap-default\">\n\t\t\t\t\t<div class=\"elementor-column elementor-col-100 elementor-top-column elementor-element elementor-element-2b79092\" data-id=\"2b79092\" data-element_type=\"column\">\n\t\t\t<div class=\"elementor-widget-wrap elementor-element-populated\">\n\t\t\t\t\t\t\t\t<div class=\"elementor-element elementor-element-b92c27d elementor-widget elementor-widget-text-editor\" data-id=\"b92c27d\" data-element_type=\"widget\" data-widget_type=\"text-editor.default\">\n\t\t\t\t<div class=\"elementor-widget-container\">\n\t\t\t\t\t\t\t<p>Por las anteriores razones, somos propensos a varios factores para que nuestro aprendizaje no&nbsp;<span style=\"font-size: 16px; background-color: transparent;\">sea al mismo ritmo de los dem\u00e1s, como docentes debemos dise\u00f1ar estrategias que posibiliten el&nbsp;<\/span><span style=\"font-size: 16px; background-color: transparent;\">conocimiento a todos los estudiantes, independiente de sus problemas de aprendizaje o factores&nbsp;<\/span><span style=\"font-size: 16px; background-color: transparent;\">ajenos a ellos.<\/span><\/p>\t\t\t\t\t\t<\/div>\n\t\t\t\t<\/div>\n\t\t\t\t\t<\/div>\n\t\t<\/div>\n\t\t\t\t\t\t\t<\/div>\n\t\t<\/section>\n\t\t\t\t<section class=\"elementor-section elementor-top-section elementor-element elementor-element-7f55e64 elementor-section-boxed elementor-section-height-default elementor-section-height-default\" data-id=\"7f55e64\" data-element_type=\"section\">\n\t\t\t\t\t\t<div class=\"elementor-container elementor-column-gap-default\">\n\t\t\t\t\t<div class=\"elementor-column elementor-col-100 elementor-top-column elementor-element elementor-element-d830a60\" data-id=\"d830a60\" data-element_type=\"column\">\n\t\t\t<div class=\"elementor-widget-wrap elementor-element-populated\">\n\t\t\t\t\t\t\t\t<div class=\"elementor-element elementor-element-0682274 elementor-tabs-view-horizontal elementor-widget elementor-widget-tabs\" data-id=\"0682274\" data-element_type=\"widget\" data-widget_type=\"tabs.default\">\n\t\t\t\t<div class=\"elementor-widget-container\">\n\t\t\t\t\t<div class=\"elementor-tabs\">\n\t\t\t<div class=\"elementor-tabs-wrapper\" role=\"tablist\" >\n\t\t\t\t\t\t\t\t\t<div id=\"elementor-tab-title-6821\" class=\"elementor-tab-title elementor-tab-desktop-title\" aria-selected=\"true\" data-tab=\"1\" role=\"tab\" tabindex=\"0\" aria-controls=\"elementor-tab-content-6821\" aria-expanded=\"false\">AUTOR<\/div>\n\t\t\t\t\t\t\t\t\t<div id=\"elementor-tab-title-6822\" class=\"elementor-tab-title elementor-tab-desktop-title\" aria-selected=\"false\" data-tab=\"2\" role=\"tab\" tabindex=\"-1\" aria-controls=\"elementor-tab-content-6822\" aria-expanded=\"false\">PERFIL PROFESIONAL<\/div>\n\t\t\t\t\t\t\t<\/div>\n\t\t\t<div class=\"elementor-tabs-content-wrapper\" role=\"tablist\" aria-orientation=\"vertical\">\n\t\t\t\t\t\t\t\t\t<div class=\"elementor-tab-title elementor-tab-mobile-title\" aria-selected=\"true\" data-tab=\"1\" role=\"tab\" tabindex=\"0\" aria-controls=\"elementor-tab-content-6821\" aria-expanded=\"false\">AUTOR<\/div>\n\t\t\t\t\t<div id=\"elementor-tab-content-6821\" class=\"elementor-tab-content elementor-clearfix\" data-tab=\"1\" role=\"tabpanel\" aria-labelledby=\"elementor-tab-title-6821\" tabindex=\"0\" hidden=\"false\"><p style=\"text-align: center;\"><a href=\"https:\/\/www.linkedin.com\/in\/sofiabernalurbano\/\" target=\"_blank\" rel=\"noopener\"><img decoding=\"async\" loading=\"lazy\" class=\"aligncenter wp-image-1997 size-medium\" src=\"https:\/\/virtual.cun.edu.co\/cemp\/wp-content\/uploads\/2020\/11\/26-300x300.png\" alt=\"Sof\u00eda Bernal\" width=\"300\" height=\"300\" \/><\/a><\/p><h5 style=\"text-align: center;\">Sofia Bernal<\/h5><p><img decoding=\"async\" loading=\"lazy\" class=\" wp-image-2591 aligncenter\" src=\"https:\/\/virtual.cun.edu.co\/cemp\/wp-content\/uploads\/2021\/01\/linkedind-300x300.png\" alt=\"\" width=\"25\" height=\"25\" srcset=\"https:\/\/virtual.cun.edu.co\/cemp\/wp-content\/uploads\/2021\/01\/linkedind-300x300.png 300w, https:\/\/virtual.cun.edu.co\/cemp\/wp-content\/uploads\/2021\/01\/linkedind-150x150.png 150w, https:\/\/virtual.cun.edu.co\/cemp\/wp-content\/uploads\/2021\/01\/linkedind.png 512w\" sizes=\"(max-width: 25px) 100vw, 25px\" \/><\/p><p style=\"text-align: center;\"><span style=\"text-decoration: underline;\"><a href=\"https:\/\/www.linkedin.com\/in\/sofiabernalurbano\/\" target=\"_blank\" rel=\"noopener\">Perfil de LinkedIn<\/a><\/span><\/p><\/div>\n\t\t\t\t\t\t\t\t\t<div class=\"elementor-tab-title elementor-tab-mobile-title\" aria-selected=\"false\" data-tab=\"2\" role=\"tab\" tabindex=\"-1\" aria-controls=\"elementor-tab-content-6822\" aria-expanded=\"false\">PERFIL PROFESIONAL<\/div>\n\t\t\t\t\t<div id=\"elementor-tab-content-6822\" class=\"elementor-tab-content elementor-clearfix\" data-tab=\"2\" role=\"tabpanel\" aria-labelledby=\"elementor-tab-title-6822\" tabindex=\"0\" hidden=\"hidden\"><p style=\"text-align: center;\">Mag\u00edster en educaci\u00f3n en formaci\u00f3n, comunicadora Social- Periodista con formaci\u00f3n complementaria en Marketing Digital, TIC y Competencias Digitales. Tengo experiencia como docente de educaci\u00f3n superior, tutora de trabajos de grado, evaluadora de proyectos de emprendimiento, realizadora y presentadora de contenidos institucionales, as\u00ed como gesti\u00f3n de contenido y comunicaci\u00f3n en RRSS.<\/p><\/div>\n\t\t\t\t\t\t\t<\/div>\n\t\t<\/div>\n\t\t\t\t<\/div>\n\t\t\t\t<\/div>\n\t\t\t\t\t<\/div>\n\t\t<\/div>\n\t\t\t\t\t\t\t<\/div>\n\t\t<\/section>\n\t\t\t\t\t\t\t<\/div>\n\t\t","protected":false},"excerpt":{"rendered":"<p>La escuela es el centro del aprendizaje, por lo tanto, como docentes debemos preparar a los estudiantes para que logren alcanzar y desarrollar las competencias, reflexiones y destrezas necesarias, pero sobre todo en la pr\u00e1ctica. Seg\u00fan Vykotsky \u201cel aprendizaje como un proceso fundamentalmente social, por lo que la ense\u00f1anza constituye el medio por el cual [&hellip;]<\/p>\n","protected":false},"author":1,"featured_media":0,"comment_status":"open","ping_status":"open","sticky":false,"template":"","format":"standard","meta":[],"categories":[1],"tags":[],"_links":{"self":[{"href":"https:\/\/virtual.cun.edu.co\/cemp\/wp-json\/wp\/v2\/posts\/2274"}],"collection":[{"href":"https:\/\/virtual.cun.edu.co\/cemp\/wp-json\/wp\/v2\/posts"}],"about":[{"href":"https:\/\/virtual.cun.edu.co\/cemp\/wp-json\/wp\/v2\/types\/post"}],"author":[{"embeddable":true,"href":"https:\/\/virtual.cun.edu.co\/cemp\/wp-json\/wp\/v2\/users\/1"}],"replies":[{"embeddable":true,"href":"https:\/\/virtual.cun.edu.co\/cemp\/wp-json\/wp\/v2\/comments?post=2274"}],"version-history":[{"count":3,"href":"https:\/\/virtual.cun.edu.co\/cemp\/wp-json\/wp\/v2\/posts\/2274\/revisions"}],"predecessor-version":[{"id":2820,"href":"https:\/\/virtual.cun.edu.co\/cemp\/wp-json\/wp\/v2\/posts\/2274\/revisions\/2820"}],"wp:attachment":[{"href":"https:\/\/virtual.cun.edu.co\/cemp\/wp-json\/wp\/v2\/media?parent=2274"}],"wp:term":[{"taxonomy":"category","embeddable":true,"href":"https:\/\/virtual.cun.edu.co\/cemp\/wp-json\/wp\/v2\/categories?post=2274"},{"taxonomy":"post_tag","embeddable":true,"href":"https:\/\/virtual.cun.edu.co\/cemp\/wp-json\/wp\/v2\/tags?post=2274"}],"curies":[{"name":"wp","href":"https:\/\/api.w.org\/{rel}","templated":true}]}}