{"id":2246,"date":"2020-12-07T17:17:38","date_gmt":"2020-12-07T17:17:38","guid":{"rendered":"https:\/\/virtual.cun.edu.co\/cemp\/?p=2246"},"modified":"2021-01-26T14:52:34","modified_gmt":"2021-01-26T14:52:34","slug":"medios-de-difusion-una-mirada-hacia-el-curriculo-en-educacion-superior","status":"publish","type":"post","link":"https:\/\/virtual.cun.edu.co\/cemp\/2020\/12\/07\/medios-de-difusion-una-mirada-hacia-el-curriculo-en-educacion-superior\/","title":{"rendered":"MEDIOS DE DIFUSI\u00d3N UNA MIRADA HACIA EL CURR\u00cdCULO EN EDUCACI\u00d3N SUPERIOR"},"content":{"rendered":"\t\t<div data-elementor-type=\"wp-post\" data-elementor-id=\"2246\" class=\"elementor elementor-2246\">\n\t\t\t\t\t\t\t\t\t<section class=\"elementor-section elementor-top-section elementor-element elementor-element-6932d01 elementor-section-boxed elementor-section-height-default elementor-section-height-default\" data-id=\"6932d01\" data-element_type=\"section\">\n\t\t\t\t\t\t<div class=\"elementor-container elementor-column-gap-default\">\n\t\t\t\t\t<div class=\"elementor-column elementor-col-100 elementor-top-column elementor-element elementor-element-407763f\" data-id=\"407763f\" data-element_type=\"column\">\n\t\t\t<div class=\"elementor-widget-wrap elementor-element-populated\">\n\t\t\t\t\t\t\t\t<div class=\"elementor-element elementor-element-f6382db elementor-widget elementor-widget-text-editor\" data-id=\"f6382db\" data-element_type=\"widget\" data-widget_type=\"text-editor.default\">\n\t\t\t\t<div class=\"elementor-widget-container\">\n\t\t\t\t\t\t\t<p>Una orientaci\u00f3n respecto al c\u00f3mo trabajar la Educaci\u00f3n Emocional en los\u00a0<span style=\"font-size: 16px; background-color: transparent;\">procesos de formaci\u00f3n en Educaci\u00f3n Superior, la brinda el autor Cobo, C (2016)\u00a0<\/span><span style=\"font-size: 16px; background-color: transparent;\">quien indica que es necesario<span style=\"color: #33cccc;\"> adoptar en la Docencia instrumentos que nos\u00a0<\/span><\/span><span style=\"color: #33cccc;\"><span style=\"font-size: 16px; background-color: transparent;\">permitan identificar las competencias interpersonales e intrapersonales de los\u00a0<\/span><span style=\"font-size: 16px; background-color: transparent;\">estudiantes y proponer desde all\u00ed las estrategias did\u00e1cticas m\u00e1s adecuadas a sus\u00a0<\/span><span style=\"font-size: 16px; background-color: transparent;\">procesos de aprendizaje.<\/span><\/span><\/p><p>A trav\u00e9s de herramientas de ense\u00f1anza individualizada c\u00f3mo las r\u00fabricas,\u00a0<span style=\"font-size: 16px; background-color: transparent;\">podemos relacionar al estudiante con los escenarios pr\u00e1cticos de su realidad; tales\u00a0<\/span><span style=\"font-size: 16px; background-color: transparent;\">como, estudios de caso y pr\u00e1cticas en los cuales los contenidos citen un escenario\u00a0<\/span><span style=\"font-size: 16px; background-color: transparent;\">pr\u00f3ximo a la realidad laboral, familiar o personal; es decir, una experiencia\u00a0<\/span><span style=\"font-size: 16px; background-color: transparent;\">significativa que en el proceso de formaci\u00f3n como profesional lleve al estudiante\u00a0<\/span><span style=\"font-size: 16px; background-color: transparent;\">asumir cambios inclusive en su personalidad; por ejemplo, concebir el fracaso\u00a0<\/span><span style=\"font-size: 16px; background-color: transparent;\">como un factor de \u00e9xito.<\/span><\/p>\t\t\t\t\t\t<\/div>\n\t\t\t\t<\/div>\n\t\t\t\t\t<\/div>\n\t\t<\/div>\n\t\t\t\t\t\t\t<\/div>\n\t\t<\/section>\n\t\t\t\t<section class=\"elementor-section elementor-top-section elementor-element elementor-element-120dc3f elementor-section-boxed elementor-section-height-default elementor-section-height-default\" data-id=\"120dc3f\" data-element_type=\"section\">\n\t\t\t\t\t\t<div class=\"elementor-container elementor-column-gap-default\">\n\t\t\t\t\t<div class=\"elementor-column elementor-col-100 elementor-top-column elementor-element elementor-element-090b7fc\" data-id=\"090b7fc\" data-element_type=\"column\">\n\t\t\t<div class=\"elementor-widget-wrap elementor-element-populated\">\n\t\t\t\t\t\t\t\t<div class=\"elementor-element elementor-element-a317637 elementor-widget elementor-widget-text-editor\" data-id=\"a317637\" data-element_type=\"widget\" data-widget_type=\"text-editor.default\">\n\t\t\t\t<div class=\"elementor-widget-container\">\n\t\t\t\t\t\t\t<p>Para ello, se requiere adem\u00e1s un <span style=\"color: #33cccc;\">Curr\u00edculo flexible que promueva la\u00a0<\/span><span style=\"font-size: 16px; background-color: transparent;\"><span style=\"color: #33cccc;\">competencia digital<\/span>, la creatividad y la inteligencia emocional. As\u00ed pues, las\u00a0<\/span><span style=\"font-size: 16px; background-color: transparent;\">Universidades podr\u00edan estudiar los comportamientos actuales de sus estudiantes a\u00a0<\/span><span style=\"font-size: 16px; background-color: transparent;\">fin de promover informaci\u00f3n y recursos necesarios que fundamenten un Curr\u00edculo\u00a0<\/span><span style=\"font-size: 16px; background-color: transparent;\">al Contexto. Ello implica<span style=\"color: #33cccc;\"> identificar medios de difusi\u00f3n que est\u00e1n siendo\u00a0<\/span><\/span><span style=\"font-size: 16px; background-color: transparent; color: #33cccc;\">concurridos por la comunidad desde los cuales se puedan fundamentar entornos\u00a0<\/span><span style=\"font-size: 16px; background-color: transparent;\"><span style=\"color: #33cccc;\">de aprendizaje que impliquen el lenguaje y la cultura digital<\/span> permeada por las\u00a0<\/span><span style=\"font-size: 16px; background-color: transparent;\">\u00faltimas series y la tendencia en aplicaciones, entre otros.<\/span><\/p>\t\t\t\t\t\t<\/div>\n\t\t\t\t<\/div>\n\t\t\t\t\t<\/div>\n\t\t<\/div>\n\t\t\t\t\t\t\t<\/div>\n\t\t<\/section>\n\t\t\t\t<section class=\"elementor-section elementor-top-section elementor-element elementor-element-a704cb4 elementor-section-boxed elementor-section-height-default elementor-section-height-default\" data-id=\"a704cb4\" data-element_type=\"section\">\n\t\t\t\t\t\t<div class=\"elementor-container elementor-column-gap-default\">\n\t\t\t\t\t<div class=\"elementor-column elementor-col-100 elementor-top-column elementor-element elementor-element-6acc4e0\" data-id=\"6acc4e0\" data-element_type=\"column\">\n\t\t\t<div class=\"elementor-widget-wrap elementor-element-populated\">\n\t\t\t\t\t\t\t\t<div class=\"elementor-element elementor-element-ebaa84d elementor-tabs-view-horizontal elementor-widget elementor-widget-tabs\" data-id=\"ebaa84d\" data-element_type=\"widget\" data-widget_type=\"tabs.default\">\n\t\t\t\t<div class=\"elementor-widget-container\">\n\t\t\t\t\t<div class=\"elementor-tabs\">\n\t\t\t<div class=\"elementor-tabs-wrapper\" role=\"tablist\" >\n\t\t\t\t\t\t\t\t\t<div id=\"elementor-tab-title-2471\" class=\"elementor-tab-title elementor-tab-desktop-title\" aria-selected=\"true\" data-tab=\"1\" role=\"tab\" tabindex=\"0\" aria-controls=\"elementor-tab-content-2471\" aria-expanded=\"false\">AUTOR<\/div>\n\t\t\t\t\t\t\t\t\t<div id=\"elementor-tab-title-2472\" class=\"elementor-tab-title elementor-tab-desktop-title\" aria-selected=\"false\" data-tab=\"2\" role=\"tab\" tabindex=\"-1\" aria-controls=\"elementor-tab-content-2472\" aria-expanded=\"false\">PERFIL PROFESIONAL<\/div>\n\t\t\t\t\t\t\t<\/div>\n\t\t\t<div class=\"elementor-tabs-content-wrapper\" role=\"tablist\" aria-orientation=\"vertical\">\n\t\t\t\t\t\t\t\t\t<div class=\"elementor-tab-title elementor-tab-mobile-title\" aria-selected=\"true\" data-tab=\"1\" role=\"tab\" tabindex=\"0\" aria-controls=\"elementor-tab-content-2471\" aria-expanded=\"false\">AUTOR<\/div>\n\t\t\t\t\t<div id=\"elementor-tab-content-2471\" class=\"elementor-tab-content elementor-clearfix\" data-tab=\"1\" role=\"tabpanel\" aria-labelledby=\"elementor-tab-title-2471\" tabindex=\"0\" hidden=\"false\"><p style=\"text-align: center;\"><a href=\"https:\/\/www.linkedin.com\/in\/lizedh-mart%C3%ADnez-p%C3%A1ez-141240176\/\" target=\"_blank\" rel=\"noopener\"><img decoding=\"async\" loading=\"lazy\" class=\"aligncenter wp-image-2174 size-medium\" src=\"https:\/\/virtual.cun.edu.co\/cemp\/wp-content\/uploads\/2020\/11\/14-300x300.png\" alt=\"\" width=\"300\" height=\"300\" \/><\/a><\/p><h5 style=\"text-align: center;\">Lizedh Mart\u00ednez<\/h5><p><img decoding=\"async\" loading=\"lazy\" class=\" wp-image-2591 aligncenter\" src=\"https:\/\/virtual.cun.edu.co\/cemp\/wp-content\/uploads\/2021\/01\/linkedind-300x300.png\" alt=\"\" width=\"25\" height=\"25\" srcset=\"https:\/\/virtual.cun.edu.co\/cemp\/wp-content\/uploads\/2021\/01\/linkedind-300x300.png 300w, https:\/\/virtual.cun.edu.co\/cemp\/wp-content\/uploads\/2021\/01\/linkedind-150x150.png 150w, https:\/\/virtual.cun.edu.co\/cemp\/wp-content\/uploads\/2021\/01\/linkedind.png 512w\" sizes=\"(max-width: 25px) 100vw, 25px\" \/><\/p><p style=\"text-align: center;\"><a href=\"https:\/\/www.linkedin.com\/in\/lizedh-mart%C3%ADnez-p%C3%A1ez-141240176\/\" target=\"_blank\" rel=\"noopener\"><span style=\"text-decoration: underline;\">Perfil de LinkedIn<\/span><\/a><\/p><ul class=\"pv-top-card--list inline-flex align-items-center\" style=\"box-sizing: inherit; margin: 0px; padding: 0px; border: 0px; font-size: 16px; vertical-align: baseline; background: #ffffff; align-items: center !important; display: inline-flex !important; list-style: none; color: rgba(0, 0, 0, 0.9); font-family: -apple-system, system-ui, BlinkMacSystemFont, 'Segoe UI', Roboto, 'Helvetica Neue', 'Fira Sans', Ubuntu, Oxygen, 'Oxygen Sans', Cantarell, 'Droid Sans', 'Apple Color Emoji', 'Segoe UI Emoji', 'Segoe UI Symbol', 'Lucida Grande', Helvetica, Arial, sans-serif; font-style: normal; font-variant-ligatures: normal; font-variant-caps: normal; font-weight: 400; letter-spacing: normal; orphans: 2; text-align: start; text-indent: 0px; text-transform: none; white-space: normal; widows: 2; word-spacing: 0px; -webkit-text-stroke-width: 0px; text-decoration-thickness: initial; text-decoration-style: initial; text-decoration-color: initial;\"><li class=\"inline-flex ml2\" style=\"box-sizing: inherit; padding: 0px; border: 0px; font-size: 16px; vertical-align: baseline; background: transparent; display: inline-flex !important; margin: 0px 0px 0px 8px !important;\"><span id=\"ember65\" class=\"pv-member-badge--for-top-card inline-flex pv-member-badge ember-view\" style=\"box-sizing: inherit; margin: 0px; padding: 0px; border: 0px; font-size: 16px; vertical-align: baseline; background: transparent; outline: 0px; display: none; top: auto; position: relative;\"><span class=\"visually-hidden\" style=\"box-sizing: inherit; margin: -1px !important; padding: 0px !important; border: 0px !important; font-size: 16px; vertical-align: baseline; background: transparent; outline: 0px; display: block !important; clip: rect(1px, 1px, 1px, 1px); height: 1px; overflow: hidden; position: absolute !important; white-space: nowrap; width: 1px;\">Lizedh tiene una cuenta<\/span><\/span><\/li><\/ul><\/div>\n\t\t\t\t\t\t\t\t\t<div class=\"elementor-tab-title elementor-tab-mobile-title\" aria-selected=\"false\" data-tab=\"2\" role=\"tab\" tabindex=\"-1\" aria-controls=\"elementor-tab-content-2472\" aria-expanded=\"false\">PERFIL PROFESIONAL<\/div>\n\t\t\t\t\t<div id=\"elementor-tab-content-2472\" class=\"elementor-tab-content elementor-clearfix\" data-tab=\"2\" role=\"tabpanel\" aria-labelledby=\"elementor-tab-title-2472\" tabindex=\"0\" hidden=\"hidden\"><p style=\"text-align: center;\"><span class=\"lt-line-clamp__raw-line\">Experiencia laboral en el sector p\u00fablico y privado. Ha desarrollado conocimientos en:<br \/>&#8211; Dise\u00f1o de planes de formaci\u00f3n dirigidos a docentes y estudiantes<br \/>&#8211; Consultor\u00eda y contacto externo con empresarios para el fortalecimiento de pr\u00e1cticas profesionales<br \/>&#8211; Experiencia y gesti\u00f3n en educaci\u00f3n superior con \u00e9nfasis en bienestar estudiantil, proyecci\u00f3n social, emprendimiento e innovaci\u00f3n<br \/>&#8211; Revisi\u00f3n a pertinencia de mallas curriculares, dise\u00f1o instruccional, autoevaluaci\u00f3n de programas y elaboraci\u00f3n de documentos maestros<br \/>&#8211; Experiencia en orientaci\u00f3n y acompa\u00f1amiento a estudiantes en la gesti\u00f3n de proyectos de emprendimiento e innovaci\u00f3n, a partir del enfoque de psicolog\u00eda y gesti\u00f3n del conocimiento<br \/>&#8211; Se ha desempe\u00f1ado en cargos como orientador psicosocial, psicopedagoga, mentora, l\u00edder de \u00e1rea bienestar estudiantil, l\u00edder de pr\u00e1cticas profesionales y docencia universitaria<\/span>\u00a0<\/p><\/div>\n\t\t\t\t\t\t\t<\/div>\n\t\t<\/div>\n\t\t\t\t<\/div>\n\t\t\t\t<\/div>\n\t\t\t\t\t<\/div>\n\t\t<\/div>\n\t\t\t\t\t\t\t<\/div>\n\t\t<\/section>\n\t\t\t\t\t\t\t<\/div>\n\t\t","protected":false},"excerpt":{"rendered":"<p>Una orientaci\u00f3n respecto al c\u00f3mo trabajar la Educaci\u00f3n Emocional en los\u00a0procesos de formaci\u00f3n en Educaci\u00f3n Superior, la brinda el autor Cobo, C (2016)\u00a0quien indica que es necesario adoptar en la Docencia instrumentos que nos\u00a0permitan identificar las competencias interpersonales e intrapersonales de los\u00a0estudiantes y proponer desde all\u00ed las estrategias did\u00e1cticas m\u00e1s adecuadas a sus\u00a0procesos de aprendizaje. [&hellip;]<\/p>\n","protected":false},"author":1,"featured_media":0,"comment_status":"open","ping_status":"open","sticky":false,"template":"","format":"standard","meta":[],"categories":[1],"tags":[],"_links":{"self":[{"href":"https:\/\/virtual.cun.edu.co\/cemp\/wp-json\/wp\/v2\/posts\/2246"}],"collection":[{"href":"https:\/\/virtual.cun.edu.co\/cemp\/wp-json\/wp\/v2\/posts"}],"about":[{"href":"https:\/\/virtual.cun.edu.co\/cemp\/wp-json\/wp\/v2\/types\/post"}],"author":[{"embeddable":true,"href":"https:\/\/virtual.cun.edu.co\/cemp\/wp-json\/wp\/v2\/users\/1"}],"replies":[{"embeddable":true,"href":"https:\/\/virtual.cun.edu.co\/cemp\/wp-json\/wp\/v2\/comments?post=2246"}],"version-history":[{"count":9,"href":"https:\/\/virtual.cun.edu.co\/cemp\/wp-json\/wp\/v2\/posts\/2246\/revisions"}],"predecessor-version":[{"id":2844,"href":"https:\/\/virtual.cun.edu.co\/cemp\/wp-json\/wp\/v2\/posts\/2246\/revisions\/2844"}],"wp:attachment":[{"href":"https:\/\/virtual.cun.edu.co\/cemp\/wp-json\/wp\/v2\/media?parent=2246"}],"wp:term":[{"taxonomy":"category","embeddable":true,"href":"https:\/\/virtual.cun.edu.co\/cemp\/wp-json\/wp\/v2\/categories?post=2246"},{"taxonomy":"post_tag","embeddable":true,"href":"https:\/\/virtual.cun.edu.co\/cemp\/wp-json\/wp\/v2\/tags?post=2246"}],"curies":[{"name":"wp","href":"https:\/\/api.w.org\/{rel}","templated":true}]}}