{"id":2228,"date":"2020-12-03T16:00:37","date_gmt":"2020-12-03T16:00:37","guid":{"rendered":"https:\/\/virtual.cun.edu.co\/cemp\/?p=2228"},"modified":"2021-01-26T14:57:35","modified_gmt":"2021-01-26T14:57:35","slug":"creatividad-vs-innovacion","status":"publish","type":"post","link":"https:\/\/virtual.cun.edu.co\/cemp\/2020\/12\/03\/creatividad-vs-innovacion\/","title":{"rendered":"CREATIVIDAD VS INNOVACI\u00d3N"},"content":{"rendered":"\t\t<div data-elementor-type=\"wp-post\" data-elementor-id=\"2228\" class=\"elementor elementor-2228\">\n\t\t\t\t\t\t\t\t\t<section class=\"elementor-section elementor-top-section elementor-element elementor-element-22ab067 elementor-section-boxed elementor-section-height-default elementor-section-height-default\" data-id=\"22ab067\" data-element_type=\"section\">\n\t\t\t\t\t\t<div class=\"elementor-container elementor-column-gap-default\">\n\t\t\t\t\t<div class=\"elementor-column elementor-col-100 elementor-top-column elementor-element elementor-element-32fa2e7\" data-id=\"32fa2e7\" data-element_type=\"column\">\n\t\t\t<div class=\"elementor-widget-wrap elementor-element-populated\">\n\t\t\t\t\t\t\t\t<div class=\"elementor-element elementor-element-89b2793 elementor-widget elementor-widget-text-editor\" data-id=\"89b2793\" data-element_type=\"widget\" data-widget_type=\"text-editor.default\">\n\t\t\t\t<div class=\"elementor-widget-container\">\n\t\t\t\t\t\t\t<p>En ocasiones se asocia la creatividad con ciertas \u00e1reas de conocimiento como lo es el arte o humanidades, pero realmente el ser humano se ha visto en la obligaci\u00f3n de <span style=\"color: #33cccc;\">generar creatividad<\/span> desde el inicio de los tiempos, <span style=\"color: #33cccc;\">este ha sido el factor fundamental que ha permitido la evoluci\u00f3n y transformaci\u00f3n tanto del mundo como de las personas.<\/span> Esta es caracterizada como una destreza o habilidad que se puede adquirir con la mezcla de conocimientos, actitudes y habilidades mediante la pr\u00e1ctica, usualmente el desarrollo de la creatividad se da cuando ha existido alguna problem\u00e1tica y se empiezan a buscar las posibles soluciones. Teresa Amabili, (1998) afirma que la creatividad posee tres componentes que permiten llegar a la generaci\u00f3n de esta; el primero consiste en la <span style=\"color: #33cccc;\">experiencia<\/span>, haciendo relaci\u00f3n entre los conocimientos t\u00e9cnicos, cient\u00edficos y procedimentales; el segundo habla sobre los <span style=\"color: #33cccc;\">dotes del pensamiento<\/span> creativo por medio de las formas que emplean las personas en el momento de abordar los problemas y por \u00faltimo la <span style=\"color: #33cccc;\">motivaci\u00f3n<\/span>, clasific\u00e1ndola entre intr\u00ednseca la cual depende del inter\u00e9s y compromiso que se tenga; y extr\u00ednseca se traduce en los incentivos e intereses.<\/p>\t\t\t\t\t\t<\/div>\n\t\t\t\t<\/div>\n\t\t\t\t\t<\/div>\n\t\t<\/div>\n\t\t\t\t\t\t\t<\/div>\n\t\t<\/section>\n\t\t\t\t<section class=\"elementor-section elementor-top-section elementor-element elementor-element-9e036e7 elementor-section-boxed elementor-section-height-default elementor-section-height-default\" data-id=\"9e036e7\" data-element_type=\"section\">\n\t\t\t\t\t\t<div class=\"elementor-container elementor-column-gap-default\">\n\t\t\t\t\t<div class=\"elementor-column elementor-col-100 elementor-top-column elementor-element elementor-element-ee9bd68\" data-id=\"ee9bd68\" data-element_type=\"column\">\n\t\t\t<div class=\"elementor-widget-wrap elementor-element-populated\">\n\t\t\t\t\t\t\t\t<div class=\"elementor-element elementor-element-7045c40 elementor-widget elementor-widget-image\" data-id=\"7045c40\" data-element_type=\"widget\" data-widget_type=\"image.default\">\n\t\t\t\t<div class=\"elementor-widget-container\">\n\t\t\t\t\t\t\t\t\t\t\t\t\t\t\t<img decoding=\"async\" src=\"https:\/\/virtual.cun.edu.co\/cemp\/wp-content\/uploads\/2020\/12\/CREATIVIDAD-2.png\" title=\"\" alt=\"\" loading=\"lazy\" \/>\t\t\t\t\t\t\t\t\t\t\t\t\t\t\t<\/div>\n\t\t\t\t<\/div>\n\t\t\t\t<div class=\"elementor-element elementor-element-0d8601a elementor-widget elementor-widget-text-editor\" data-id=\"0d8601a\" data-element_type=\"widget\" data-widget_type=\"text-editor.default\">\n\t\t\t\t<div class=\"elementor-widget-container\">\n\t\t\t\t\t\t\t<p>La innovaci\u00f3n a su vez tiene una variedad de definiciones, pero este se cataloga por convertir ideas en productos, procesos o servicios nuevos y mejorados que poseen un valor agregado que no exist\u00eda antes. Se suele ver reflejado mayormente en \u00e1reas acad\u00e9micas o empresariales que generan un beneficio a la sociedad con su creaci\u00f3n.<br \/>Como se puede evidenciar<span style=\"color: #33cccc;\"> la creatividad y la innovaci\u00f3n son herramientas distintas, pero las cuales trabajan en conjunto e interact\u00faan marcando la diferencia, generando un valor agregado e ideas potenciales que transforman la sociedad,<\/span> es el caso de grandes empresarios a nivel mundial que han creado soluciones a problem\u00e1ticas sociales o han visto oportunidades de mejora, desarroll\u00e1ndose y convirti\u00e9ndose en multimillonarios con empresas de gran alcance a nivel mundial. En la actualidad se suele decir que ya todo \u201cexiste\u201d y est\u00e1 \u201ccreado\u201d, pero realmente siempre se puede mejorar y de hecho se pueden modificar las cosas que ya existen y generar de esta forma un valor agregado.<\/p><p>Sin embargo, desarrollar la creatividad y la innovaci\u00f3n en ocasiones resulta ser complejo por ello se pueden tener en cuenta algunos factores que pueden incrementar un resultado favorable; como primera medida es necesario instruirse frente a la tem\u00e1tica que se desee por medio de libros o contenido audiovisual con la finalidad de estimular el aprendizaje, seguido de ello, tener un espacio bien sea f\u00edsico o virtual en el cual se pueda redactar lo m\u00e1s importante del conocimiento adquirido y generar una lluvia de ideas, despu\u00e9s se puede generar una conexi\u00f3n entre dichas ideas generando as\u00ed nuevas perspectivas y enfoques creativos e innovadores.<\/p>\t\t\t\t\t\t<\/div>\n\t\t\t\t<\/div>\n\t\t\t\t\t<\/div>\n\t\t<\/div>\n\t\t\t\t\t\t\t<\/div>\n\t\t<\/section>\n\t\t\t\t<section class=\"elementor-section elementor-top-section elementor-element elementor-element-e5ce5be elementor-section-boxed elementor-section-height-default elementor-section-height-default\" data-id=\"e5ce5be\" data-element_type=\"section\">\n\t\t\t\t\t\t<div class=\"elementor-container elementor-column-gap-default\">\n\t\t\t\t\t<div class=\"elementor-column elementor-col-100 elementor-top-column elementor-element elementor-element-dba8b7b\" data-id=\"dba8b7b\" data-element_type=\"column\">\n\t\t\t<div class=\"elementor-widget-wrap elementor-element-populated\">\n\t\t\t\t\t\t\t\t<div class=\"elementor-element elementor-element-fa9daf6 elementor-tabs-view-horizontal elementor-widget elementor-widget-tabs\" data-id=\"fa9daf6\" data-element_type=\"widget\" data-widget_type=\"tabs.default\">\n\t\t\t\t<div class=\"elementor-widget-container\">\n\t\t\t\t\t<div class=\"elementor-tabs\">\n\t\t\t<div class=\"elementor-tabs-wrapper\" role=\"tablist\" >\n\t\t\t\t\t\t\t\t\t<div id=\"elementor-tab-title-2621\" class=\"elementor-tab-title elementor-tab-desktop-title\" aria-selected=\"true\" data-tab=\"1\" role=\"tab\" tabindex=\"0\" aria-controls=\"elementor-tab-content-2621\" aria-expanded=\"false\">AUTOR<\/div>\n\t\t\t\t\t\t\t\t\t<div id=\"elementor-tab-title-2622\" class=\"elementor-tab-title elementor-tab-desktop-title\" aria-selected=\"false\" data-tab=\"2\" role=\"tab\" tabindex=\"-1\" aria-controls=\"elementor-tab-content-2622\" aria-expanded=\"false\">PERFIL PROFESIONAL<\/div>\n\t\t\t\t\t\t\t<\/div>\n\t\t\t<div class=\"elementor-tabs-content-wrapper\" role=\"tablist\" aria-orientation=\"vertical\">\n\t\t\t\t\t\t\t\t\t<div class=\"elementor-tab-title elementor-tab-mobile-title\" aria-selected=\"true\" data-tab=\"1\" role=\"tab\" tabindex=\"0\" aria-controls=\"elementor-tab-content-2621\" aria-expanded=\"false\">AUTOR<\/div>\n\t\t\t\t\t<div id=\"elementor-tab-content-2621\" class=\"elementor-tab-content elementor-clearfix\" data-tab=\"1\" role=\"tabpanel\" aria-labelledby=\"elementor-tab-title-2621\" tabindex=\"0\" hidden=\"false\"><p style=\"text-align: center;\"><a href=\"https:\/\/www.linkedin.com\/in\/carolina-85b829181\/\" target=\"_blank\" rel=\"noopener\"><img decoding=\"async\" loading=\"lazy\" class=\"aligncenter wp-image-1977 size-medium\" src=\"https:\/\/virtual.cun.edu.co\/cemp\/wp-content\/uploads\/2020\/11\/15-300x300.png\" alt=\"\" width=\"300\" height=\"300\" \/><\/a><\/p><h5 style=\"text-align: center;\"><strong>Carolina\u00a0 Mart\u00ednez<\/strong><\/h5><p><img decoding=\"async\" loading=\"lazy\" class=\" wp-image-2591 aligncenter\" src=\"https:\/\/virtual.cun.edu.co\/cemp\/wp-content\/uploads\/2021\/01\/linkedind-300x300.png\" alt=\"\" width=\"25\" height=\"25\" srcset=\"https:\/\/virtual.cun.edu.co\/cemp\/wp-content\/uploads\/2021\/01\/linkedind-300x300.png 300w, https:\/\/virtual.cun.edu.co\/cemp\/wp-content\/uploads\/2021\/01\/linkedind-150x150.png 150w, https:\/\/virtual.cun.edu.co\/cemp\/wp-content\/uploads\/2021\/01\/linkedind.png 512w\" sizes=\"(max-width: 25px) 100vw, 25px\" \/><\/p><p style=\"text-align: center;\"><span style=\"text-decoration: underline;\"><a href=\"https:\/\/www.linkedin.com\/in\/carolina-85b829181\/\" target=\"_blank\" rel=\"noopener\">Perfil de LinkedIn<\/a><\/span><\/p><\/div>\n\t\t\t\t\t\t\t\t\t<div class=\"elementor-tab-title elementor-tab-mobile-title\" aria-selected=\"false\" data-tab=\"2\" role=\"tab\" tabindex=\"-1\" aria-controls=\"elementor-tab-content-2622\" aria-expanded=\"false\">PERFIL PROFESIONAL<\/div>\n\t\t\t\t\t<div id=\"elementor-tab-content-2622\" class=\"elementor-tab-content elementor-clearfix\" data-tab=\"2\" role=\"tabpanel\" aria-labelledby=\"elementor-tab-title-2622\" tabindex=\"0\" hidden=\"hidden\"><p>Actualmente en formaci\u00f3n como Especialista de Marketing digital; profesional de Comunicaci\u00f3n social y periodismo. Tengo conocimientos en la creaci\u00f3n y producci\u00f3n de contenidos audiovisuales, correcci\u00f3n de estilo, dise\u00f1o instruccional y adecuaci\u00f3n pedag\u00f3gica, para contenidos de ambientes institucionales de aprendizaje. Cuento con formaci\u00f3n complementaria en TIC, liderazgo juvenil e Inbound Marketing. Soy una persona disciplinada, creativa, persistente y vers\u00e1til, tengo la facilidad y disposici\u00f3n para aprender cosas nuevas, capacidad de trabajo en equipo y buena actitud.<\/p><\/div>\n\t\t\t\t\t\t\t<\/div>\n\t\t<\/div>\n\t\t\t\t<\/div>\n\t\t\t\t<\/div>\n\t\t\t\t\t<\/div>\n\t\t<\/div>\n\t\t\t\t\t\t\t<\/div>\n\t\t<\/section>\n\t\t\t\t\t\t\t<\/div>\n\t\t","protected":false},"excerpt":{"rendered":"<p>En ocasiones se asocia la creatividad con ciertas \u00e1reas de conocimiento como lo es el arte o humanidades, pero realmente el ser humano se ha visto en la obligaci\u00f3n de generar creatividad desde el inicio de los tiempos, este ha sido el factor fundamental que ha permitido la evoluci\u00f3n y transformaci\u00f3n tanto del mundo como [&hellip;]<\/p>\n","protected":false},"author":1,"featured_media":0,"comment_status":"open","ping_status":"open","sticky":false,"template":"","format":"standard","meta":[],"categories":[1],"tags":[],"_links":{"self":[{"href":"https:\/\/virtual.cun.edu.co\/cemp\/wp-json\/wp\/v2\/posts\/2228"}],"collection":[{"href":"https:\/\/virtual.cun.edu.co\/cemp\/wp-json\/wp\/v2\/posts"}],"about":[{"href":"https:\/\/virtual.cun.edu.co\/cemp\/wp-json\/wp\/v2\/types\/post"}],"author":[{"embeddable":true,"href":"https:\/\/virtual.cun.edu.co\/cemp\/wp-json\/wp\/v2\/users\/1"}],"replies":[{"embeddable":true,"href":"https:\/\/virtual.cun.edu.co\/cemp\/wp-json\/wp\/v2\/comments?post=2228"}],"version-history":[{"count":6,"href":"https:\/\/virtual.cun.edu.co\/cemp\/wp-json\/wp\/v2\/posts\/2228\/revisions"}],"predecessor-version":[{"id":2853,"href":"https:\/\/virtual.cun.edu.co\/cemp\/wp-json\/wp\/v2\/posts\/2228\/revisions\/2853"}],"wp:attachment":[{"href":"https:\/\/virtual.cun.edu.co\/cemp\/wp-json\/wp\/v2\/media?parent=2228"}],"wp:term":[{"taxonomy":"category","embeddable":true,"href":"https:\/\/virtual.cun.edu.co\/cemp\/wp-json\/wp\/v2\/categories?post=2228"},{"taxonomy":"post_tag","embeddable":true,"href":"https:\/\/virtual.cun.edu.co\/cemp\/wp-json\/wp\/v2\/tags?post=2228"}],"curies":[{"name":"wp","href":"https:\/\/api.w.org\/{rel}","templated":true}]}}