{"id":2191,"date":"2020-11-27T15:00:37","date_gmt":"2020-11-27T15:00:37","guid":{"rendered":"https:\/\/virtual.cun.edu.co\/cemp\/?p=2191"},"modified":"2021-01-26T20:40:54","modified_gmt":"2021-01-26T20:40:54","slug":"la-democracia-de-hoy-entre-el-desencanto-y-la-participacion","status":"publish","type":"post","link":"https:\/\/virtual.cun.edu.co\/cemp\/2020\/11\/27\/la-democracia-de-hoy-entre-el-desencanto-y-la-participacion\/","title":{"rendered":"LA DEMOCRACIA DE HOY: ENTRE EL DESENCANTO Y LA PARTICIPACI\u00d3N"},"content":{"rendered":"\t\t<div data-elementor-type=\"wp-post\" data-elementor-id=\"2191\" class=\"elementor elementor-2191\">\n\t\t\t\t\t\t\t\t\t<section class=\"elementor-section elementor-top-section elementor-element elementor-element-6dd5222 elementor-section-boxed elementor-section-height-default elementor-section-height-default\" data-id=\"6dd5222\" data-element_type=\"section\">\n\t\t\t\t\t\t<div class=\"elementor-container elementor-column-gap-default\">\n\t\t\t\t\t<div class=\"elementor-column elementor-col-100 elementor-top-column elementor-element elementor-element-2317841\" data-id=\"2317841\" data-element_type=\"column\">\n\t\t\t<div class=\"elementor-widget-wrap elementor-element-populated\">\n\t\t\t\t\t\t\t\t<div class=\"elementor-element elementor-element-913b7bb elementor-widget elementor-widget-text-editor\" data-id=\"913b7bb\" data-element_type=\"widget\" data-widget_type=\"text-editor.default\">\n\t\t\t\t<div class=\"elementor-widget-container\">\n\t\t\t\t\t\t\t<p style=\"text-align: center;\">\u00bfCu\u00e1l es la perspectiva de los j\u00f3venes hoy en d\u00eda con respecto a la democracia liberal? \u00bfLa apoyan de la misma manera en la que lo hac\u00edan sus antecesores? \u00bfSe sienten identificados con ella?<span style=\"color: #003300;\">\u00a0<span style=\"color: #808080;\"><span style=\"background-color: transparent;\">La coyuntura pol\u00edtica mundial genera estos interrogantes, donde se ha visto una\u00a0<\/span><span style=\"font-size: 20px; background-color: transparent;\">tendencia en el establecimiento de gobiernos de extrema derecha como un fen\u00f3meno global,\u00a0<\/span><span style=\"font-size: 20px; background-color: transparent;\">acompa\u00f1ada de una ola de creciente incertidumbre econ\u00f3mica, en especial para los m\u00e1s j\u00f3venes.<\/span><\/span><\/span><\/p>\t\t\t\t\t\t<\/div>\n\t\t\t\t<\/div>\n\t\t\t\t<div class=\"elementor-element elementor-element-de04e7f elementor-widget elementor-widget-text-editor\" data-id=\"de04e7f\" data-element_type=\"widget\" data-widget_type=\"text-editor.default\">\n\t\t\t\t<div class=\"elementor-widget-container\">\n\t\t\t\t\t\t\t<p>La generaci\u00f3n de los Millenials enfrenta hoy varios retos, uno de los m\u00e1s intrigantes: su representaci\u00f3n. Los individuos nacidos desde 1980 hasta el 2000, de acuerdo con la segmentaci\u00f3n que Claire Raines propone, son hijos de la Tercera Revoluci\u00f3n Industrial y fueron testigos del cambio en la agenda mundial del bipolarismo al multilateralismo. No han vivido una guerra mundial, pero entienden la importancia de la interconectividad y han sido testigos de los avances tecnol\u00f3gicos m\u00e1s significativos. En general, <span style=\"color: #33cccc;\">es una generaci\u00f3n que ha sido educada bajo una serie de valores liberal-democr\u00e1ticos que funcionaron muy bien para sus antecesores (Baby Boomers y Generaci\u00f3n X), pero que parece no estar favoreci\u00e9ndolos de la forma esperada.<\/span><br \/>En ese orden de ideas, los Millenials tienden a ser m\u00e1s indiferentes con respecto a los valores liberal democr\u00e1ticos porque han le\u00eddo, escuchado o estudiado sus or\u00edgenes; pero no los han vivido. Adicional a ello, crecieron esperando ver la prosperidad que prometen las instituciones de la democracia liberal, pero en cambio han evidenciado la inhabilidad de los gobiernos de integraci\u00f3n para hacer frente a crisis financieras; el fracaso de las intervenciones militares en otras naciones como Iraq y Afganist\u00e1n, con el fin de proteger la democracia y la apat\u00eda de regiones como Rusia y China a los valores insignia de la democracia liberal, que no han impedido el crecimiento de sus econom\u00edas, por el contrario las han desarrollado y han logrado posicionarse con fuerza en el mercado mundial.<\/p><p>Como consecuencia, la dificultad para alcanzar esas expectativas en el \u00e1mbito econ\u00f3mico, pol\u00edtico y social ha desencadenado en una actitud ap\u00e1tica por parte de los Millenials con respecto a la confianza en la democracia como el mejor sistema pol\u00edtico de representaci\u00f3n y participaci\u00f3n. As\u00ed pues, al experimentar los efectos de la crisis financiera de 2008 en t\u00e9rminos de desempleo y disminuci\u00f3n de ingresos, tal como lo afirma Kim Gittleson (2018), quien se basa en las estimaciones de la Reserva Federal de San Louis, \u201cLos estadounidences nacidos a mediados de la d\u00e9cada de 1980 han acumulado un patrimonio 34% inferior de lo que se preve\u00eda tomando en cuenta lo ocurrido con las generaciones anteriores\u201d (p\u00e1rr. 20). Es evidente que las\u00a0<span style=\"font-size: 16px; background-color: transparent;\">repercusiones de la crisis del 2008 dejaron un panorama particularmente dif\u00edcil para los\u00a0<\/span><span style=\"font-size: 16px; background-color: transparent;\">Millenials en t\u00e9rminos financieros.<\/span><\/p><p>Ahora bien, esta situaci\u00f3n no es particular de los Estados Unidos, este efecto es similar en varias sociedades occidentales que comparten y promueven la democracia liberal, tales como Reino Unido, donde Gittleson 2018 afirma que \u201cuna investigaci\u00f3n encargada por la BBC hall\u00f3 que la gente que tiene entre 30 y 39 a\u00f1os de edad fueron los m\u00e1s afectados por la crisis financiera, perdiendo en promedio 7,2% en t\u00e9rminos reales o unos US$2.684 al a\u00f1o entre 2008 y 2017\u201d (p\u00e1rr. 22).\u00a0<\/p><p><span style=\"background-color: transparent; font-size: 16px; color: #33cccc;\">La percepci\u00f3n de que las instituciones de la democracia liberal no actuaron a tiempo ni de manera acertada para prevenir estos efectos, respalda el desencanto en general, y de los Millenials particularmente hacia ella.<\/span><\/p>\t\t\t\t\t\t<\/div>\n\t\t\t\t<\/div>\n\t\t\t\t\t<\/div>\n\t\t<\/div>\n\t\t\t\t\t\t\t<\/div>\n\t\t<\/section>\n\t\t\t\t<section class=\"elementor-section elementor-top-section elementor-element elementor-element-069be92 elementor-section-boxed elementor-section-height-default elementor-section-height-default\" data-id=\"069be92\" data-element_type=\"section\">\n\t\t\t\t\t\t<div class=\"elementor-container elementor-column-gap-default\">\n\t\t\t\t\t<div class=\"elementor-column elementor-col-100 elementor-top-column elementor-element elementor-element-7c017f5\" data-id=\"7c017f5\" data-element_type=\"column\">\n\t\t\t<div class=\"elementor-widget-wrap elementor-element-populated\">\n\t\t\t\t\t\t\t\t<div class=\"elementor-element elementor-element-61c6f03 elementor-widget elementor-widget-image\" data-id=\"61c6f03\" data-element_type=\"widget\" data-widget_type=\"image.default\">\n\t\t\t\t<div class=\"elementor-widget-container\">\n\t\t\t\t\t\t\t\t\t\t\t\t\t\t\t<img decoding=\"async\" src=\"https:\/\/virtual.cun.edu.co\/cemp\/wp-content\/uploads\/2020\/11\/DEMOCRACIA-2.png\" title=\"\" alt=\"\" loading=\"lazy\" \/>\t\t\t\t\t\t\t\t\t\t\t\t\t\t\t<\/div>\n\t\t\t\t<\/div>\n\t\t\t\t<div class=\"elementor-element elementor-element-e57bba3 elementor-widget elementor-widget-text-editor\" data-id=\"e57bba3\" data-element_type=\"widget\" data-widget_type=\"text-editor.default\">\n\t\t\t\t<div class=\"elementor-widget-container\">\n\t\t\t\t\t\t\t<p>No obstante,<span style=\"color: #33cccc;\"> la participaci\u00f3n pol\u00edtica de los j\u00f3venes no ha dejado de estar presente pese a la falta de apoyo y confianza que los Millenials han venido demostrando hacia la democracia liberal y los valores que esta promueve.<\/span> En este punto, es v\u00e1lido aclarar que a\u00fan cuando una proporci\u00f3n de estas nuevas generaciones no cree que la democracia sea el sistema pol\u00edtico ideal en ciertas ocasiones, esto no quiere decir que crean que la democracia liberal como sistema\u00a0<span style=\"font-size: 16px; background-color: transparent;\">pol\u00edtico vaya a colapsar. As\u00ed pues, de acuerdo con un documento publicado por la Uni\u00f3n Inter-<\/span><span style=\"font-size: 16px; background-color: transparent;\">Parlamentaria, UPI (2016):<\/span><\/p>\t\t\t\t\t\t<\/div>\n\t\t\t\t<\/div>\n\t\t\t\t\t<\/div>\n\t\t<\/div>\n\t\t\t\t\t\t\t<\/div>\n\t\t<\/section>\n\t\t\t\t<section class=\"elementor-section elementor-top-section elementor-element elementor-element-311b153 elementor-section-boxed elementor-section-height-default elementor-section-height-default\" data-id=\"311b153\" data-element_type=\"section\">\n\t\t\t\t\t\t<div class=\"elementor-container elementor-column-gap-default\">\n\t\t\t\t\t<div class=\"elementor-column elementor-col-16 elementor-top-column elementor-element elementor-element-5bf4e09\" data-id=\"5bf4e09\" data-element_type=\"column\">\n\t\t\t<div class=\"elementor-widget-wrap\">\n\t\t\t\t\t\t\t\t\t<\/div>\n\t\t<\/div>\n\t\t\t\t<div class=\"elementor-column elementor-col-66 elementor-top-column elementor-element elementor-element-c9f1759\" data-id=\"c9f1759\" data-element_type=\"column\">\n\t\t\t<div class=\"elementor-widget-wrap elementor-element-populated\">\n\t\t\t\t\t\t\t\t<div class=\"elementor-element elementor-element-2237fce elementor-widget elementor-widget-text-editor\" data-id=\"2237fce\" data-element_type=\"widget\" data-widget_type=\"text-editor.default\">\n\t\t\t\t<div class=\"elementor-widget-container\">\n\t\t\t\t\t\t\t<p>This lack of engagement cannot be attributed to apathy. Young people use many different platforms to engage in democracy, such as social media, youth organizations and in some cases, protests and unrest. Rather, political institutions have too often failed to open up to young people (p.1).<\/p>\t\t\t\t\t\t<\/div>\n\t\t\t\t<\/div>\n\t\t\t\t\t<\/div>\n\t\t<\/div>\n\t\t\t\t<div class=\"elementor-column elementor-col-16 elementor-top-column elementor-element elementor-element-66bb49e\" data-id=\"66bb49e\" data-element_type=\"column\">\n\t\t\t<div class=\"elementor-widget-wrap\">\n\t\t\t\t\t\t\t\t\t<\/div>\n\t\t<\/div>\n\t\t\t\t\t\t\t<\/div>\n\t\t<\/section>\n\t\t\t\t<section class=\"elementor-section elementor-top-section elementor-element elementor-element-ff6c324 elementor-section-boxed elementor-section-height-default elementor-section-height-default\" data-id=\"ff6c324\" data-element_type=\"section\">\n\t\t\t\t\t\t<div class=\"elementor-container elementor-column-gap-default\">\n\t\t\t\t\t<div class=\"elementor-column elementor-col-100 elementor-top-column elementor-element elementor-element-241f80d\" data-id=\"241f80d\" data-element_type=\"column\">\n\t\t\t<div class=\"elementor-widget-wrap elementor-element-populated\">\n\t\t\t\t\t\t\t\t<div class=\"elementor-element elementor-element-11cabf9 elementor-widget elementor-widget-text-editor\" data-id=\"11cabf9\" data-element_type=\"widget\" data-widget_type=\"text-editor.default\">\n\t\t\t\t<div class=\"elementor-widget-container\">\n\t\t\t\t\t\t\t<p>En ese sentido, la democracia liberal necesita no solamente darles voz a todos y todas, sino en efecto, escuchar esas voces, de manera que se pueda tomar ventaja de las formas de activismo no convencional que los Millenials promueven. Adem\u00e1s, otro factor influyente para este an\u00e1lisis es la tasa de representaci\u00f3n juvenil en los parlamentos. Siguiendo con las afirmaciones de la UPI (2016) \u201cIncreasing youth participation is a key element of giving voice to youth which will rejuvenate democracy. We are concerned that only 1.9 per cent of the world\u2019s parliamentarians are aged under 30\u201d (p.2). Por tal motivo, se debe generar un espacio en el que los Millenials y las nuevas generaciones puedan sentirse representados y conf\u00eden nuevamente en la democracia, promoviendo plazas para expertos, pero tambi\u00e9n para que la poblaci\u00f3n tenga un incentivo a interesarse m\u00e1s en la participaci\u00f3n pol\u00edtica democr\u00e1tica tradicional.<\/p><p>Ahora bien, para que esto suceda <span style=\"color: #33cccc;\">es importante que las instituciones de la democracia liberal logren modernizarse y adaptarse a los cambios que exige la nueva era. Deben estar en la capacidad de entender que las necesidades de los Millenials no son las mismas que las de los Baby boomers o la Generaci\u00f3n X, y mucho menos de la Generaci\u00f3n Z.<\/span> Tal como lo afirman Foa y Mounk (2016):<\/p>\t\t\t\t\t\t<\/div>\n\t\t\t\t<\/div>\n\t\t\t\t\t<\/div>\n\t\t<\/div>\n\t\t\t\t\t\t\t<\/div>\n\t\t<\/section>\n\t\t\t\t<section class=\"elementor-section elementor-top-section elementor-element elementor-element-0ec82d2 elementor-section-boxed elementor-section-height-default elementor-section-height-default\" data-id=\"0ec82d2\" data-element_type=\"section\">\n\t\t\t\t\t\t<div class=\"elementor-container elementor-column-gap-default\">\n\t\t\t\t\t<div class=\"elementor-column elementor-col-16 elementor-top-column elementor-element elementor-element-6918bce\" data-id=\"6918bce\" data-element_type=\"column\">\n\t\t\t<div class=\"elementor-widget-wrap\">\n\t\t\t\t\t\t\t\t\t<\/div>\n\t\t<\/div>\n\t\t\t\t<div class=\"elementor-column elementor-col-66 elementor-top-column elementor-element elementor-element-2b50e21\" data-id=\"2b50e21\" data-element_type=\"column\">\n\t\t\t<div class=\"elementor-widget-wrap elementor-element-populated\">\n\t\t\t\t\t\t\t\t<div class=\"elementor-element elementor-element-835a547 elementor-widget elementor-widget-text-editor\" data-id=\"835a547\" data-element_type=\"widget\" data-widget_type=\"text-editor.default\">\n\t\t\t\t<div class=\"elementor-widget-container\">\n\t\t\t\t\t\t\t<p>As party identification has weakened and party membership has declined, citizens have become less willing to stick with establishment parties. Instead, voters increasingly endorse single-issue movements, vote for populist candidates, or support \u201cantisystem\u201d parties that define themselves in opposition to the status quo (p.6).<\/p>\t\t\t\t\t\t<\/div>\n\t\t\t\t<\/div>\n\t\t\t\t\t<\/div>\n\t\t<\/div>\n\t\t\t\t<div class=\"elementor-column elementor-col-16 elementor-top-column elementor-element elementor-element-b4f8abe\" data-id=\"b4f8abe\" data-element_type=\"column\">\n\t\t\t<div class=\"elementor-widget-wrap\">\n\t\t\t\t\t\t\t\t\t<\/div>\n\t\t<\/div>\n\t\t\t\t\t\t\t<\/div>\n\t\t<\/section>\n\t\t\t\t<section class=\"elementor-section elementor-top-section elementor-element elementor-element-6ecfbfc elementor-section-boxed elementor-section-height-default elementor-section-height-default\" data-id=\"6ecfbfc\" data-element_type=\"section\">\n\t\t\t\t\t\t<div class=\"elementor-container elementor-column-gap-default\">\n\t\t\t\t\t<div class=\"elementor-column elementor-col-100 elementor-top-column elementor-element elementor-element-edf9fc0\" data-id=\"edf9fc0\" data-element_type=\"column\">\n\t\t\t<div class=\"elementor-widget-wrap elementor-element-populated\">\n\t\t\t\t\t\t\t\t<div class=\"elementor-element elementor-element-3ef2457 elementor-widget elementor-widget-text-editor\" data-id=\"3ef2457\" data-element_type=\"widget\" data-widget_type=\"text-editor.default\">\n\t\t\t\t<div class=\"elementor-widget-container\">\n\t\t\t\t\t\t\t<p>No obstante, bajo la l\u00ednea de argumentaci\u00f3n de este mismo autor, es v\u00e1lido recalcar que existen diferentes posiciones respecto a las formas de activismo no convencional. En ese sentido, Foa y Munuk (2016) argumentan que:<\/p>\t\t\t\t\t\t<\/div>\n\t\t\t\t<\/div>\n\t\t\t\t\t<\/div>\n\t\t<\/div>\n\t\t\t\t\t\t\t<\/div>\n\t\t<\/section>\n\t\t\t\t<section class=\"elementor-section elementor-top-section elementor-element elementor-element-2f408be elementor-section-boxed elementor-section-height-default elementor-section-height-default\" data-id=\"2f408be\" data-element_type=\"section\">\n\t\t\t\t\t\t<div class=\"elementor-container elementor-column-gap-default\">\n\t\t\t\t\t<div class=\"elementor-column elementor-col-16 elementor-top-column elementor-element elementor-element-369ec01\" data-id=\"369ec01\" data-element_type=\"column\">\n\t\t\t<div class=\"elementor-widget-wrap\">\n\t\t\t\t\t\t\t\t\t<\/div>\n\t\t<\/div>\n\t\t\t\t<div class=\"elementor-column elementor-col-66 elementor-top-column elementor-element elementor-element-c15a0b1\" data-id=\"c15a0b1\" data-element_type=\"column\">\n\t\t\t<div class=\"elementor-widget-wrap elementor-element-populated\">\n\t\t\t\t\t\t\t\t<div class=\"elementor-element elementor-element-8bc7057 elementor-widget elementor-widget-text-editor\" data-id=\"8bc7057\" data-element_type=\"widget\" data-widget_type=\"text-editor.default\">\n\t\t\t\t<div class=\"elementor-widget-container\">\n\t\t\t\t\t\t\t<p>Most scholars have resisted the conclusion that young people are worryingly disengaged from democratic politics by arguing that a decline in conventional forms of political participation has been compensated for by a rise in \u201cnonconventional\u201d forms of activism, such as membership in new social movements or participation in protests and boycotts (p.11).<\/p>\t\t\t\t\t\t<\/div>\n\t\t\t\t<\/div>\n\t\t\t\t\t<\/div>\n\t\t<\/div>\n\t\t\t\t<div class=\"elementor-column elementor-col-16 elementor-top-column elementor-element elementor-element-1bb889d\" data-id=\"1bb889d\" data-element_type=\"column\">\n\t\t\t<div class=\"elementor-widget-wrap\">\n\t\t\t\t\t\t\t\t\t<\/div>\n\t\t<\/div>\n\t\t\t\t\t\t\t<\/div>\n\t\t<\/section>\n\t\t\t\t<section class=\"elementor-section elementor-top-section elementor-element elementor-element-36bb4a3 elementor-section-boxed elementor-section-height-default elementor-section-height-default\" data-id=\"36bb4a3\" data-element_type=\"section\">\n\t\t\t\t\t\t<div class=\"elementor-container elementor-column-gap-default\">\n\t\t\t\t\t<div class=\"elementor-column elementor-col-100 elementor-top-column elementor-element elementor-element-cf7b32f\" data-id=\"cf7b32f\" data-element_type=\"column\">\n\t\t\t<div class=\"elementor-widget-wrap elementor-element-populated\">\n\t\t\t\t\t\t\t\t<div class=\"elementor-element elementor-element-7c334ad elementor-widget elementor-widget-text-editor\" data-id=\"7c334ad\" data-element_type=\"widget\" data-widget_type=\"text-editor.default\">\n\t\t\t\t<div class=\"elementor-widget-container\">\n\t\t\t\t\t\t\t<p>De esta manera, se logra recalcar la importancia de trabajar en la construcci\u00f3n de ciudadanos antes que de consumidores, pues el fen\u00f3meno de desencanto por los valores de la democracia liberal se centran, por ahora en sociedades occidentales que no han sufrido crisis pol\u00edticas o cambios de reg\u00edmenes severos, raz\u00f3n por la cual suelen asociar la pol\u00edtica de manera profunda con la econom\u00eda. De acuerdo con las afirmaciones del profesor Chou (2013) \u201cThe consequence of Australia\u2019s obsession with the culture of consumerism, at least when it comes to democracy, is that individuals will increasingly see themselves as consumers rather than as citizens\u201d (p.487).\u00a0<\/p>\t\t\t\t\t\t<\/div>\n\t\t\t\t<\/div>\n\t\t\t\t<div class=\"elementor-element elementor-element-7eabd6f elementor-widget elementor-widget-image\" data-id=\"7eabd6f\" data-element_type=\"widget\" data-widget_type=\"image.default\">\n\t\t\t\t<div class=\"elementor-widget-container\">\n\t\t\t\t\t\t\t\t\t\t\t\t\t\t\t<img decoding=\"async\" src=\"https:\/\/virtual.cun.edu.co\/cemp\/wp-content\/uploads\/2020\/11\/DEMOCRACIA-3.png\" title=\"\" alt=\"\" loading=\"lazy\" \/>\t\t\t\t\t\t\t\t\t\t\t\t\t\t\t<\/div>\n\t\t\t\t<\/div>\n\t\t\t\t<div class=\"elementor-element elementor-element-3997f18 elementor-widget elementor-widget-text-editor\" data-id=\"3997f18\" data-element_type=\"widget\" data-widget_type=\"text-editor.default\">\n\t\t\t\t<div class=\"elementor-widget-container\">\n\t\t\t\t\t\t\t<p><span style=\"font-size: 16px; background-color: transparent;\">A manera de conclusi\u00f3n, es posible afirmar que el desencanto de los j\u00f3venes por la\u00a0<\/span><span style=\"font-size: 16px; background-color: transparent;\">democracia liberal y los valores que ella promueve est\u00e1 dada en buena proporci\u00f3n porque no conf\u00edan en la manera en la que las instituciones operan para mitigar los efectos de las crisis y las problem\u00e1ticas que se han generado por la promoci\u00f3n de esos mismos valores. En consecuencia, los Millenials han sido testigos de la falta de adaptaci\u00f3n de las instituciones de la democracia\u00a0<\/span><span style=\"font-size: 16px; background-color: transparent;\">liberal en un mundo en el que los avances tecnol\u00f3gicos han sido determinantes en la manera en\u00a0<\/span><span style=\"font-size: 16px; background-color: transparent;\">la que las sociedades interact\u00faan.<\/span><\/p><p>Por otro lado, <span style=\"color: #33cccc;\">los Millenials se sienten cada vez menos identificados un sistema pol\u00edtico como el de la democracia liberal, porque no han logrado encontrar coherencia en el discurso y los valores que defienden ya que no se sienten representados ni identificados con ellos.<\/span> Un efecto<br \/>directo de esta situaci\u00f3n es que no se habla \u00fanicamente de que exista un desencanto por la democracia liberal, sino que tampoco hay participaci\u00f3n representativa de su generaci\u00f3n en un sistema pol\u00edtico dominado por generaciones anteriores.<\/p><p><span style=\"font-size: 16px; background-color: transparent;\">En ese sentido, se considera que los factores que pueden salvar la democracia y el orden mundial liberal son por una parte la implementaci\u00f3n de cambios que adapten a la democracia liberal a las din\u00e1micas del siglo XXI. <span style=\"color: #33cccc;\">Es necesario reconocer que se debe facilitar a los j\u00f3venes el acceso a los gobiernos y a cargos de representaci\u00f3n importantes. Los Millenials y las nuevas generaciones fueron criados a la par del crecimiento digital, lo que ha sembrado muchas expectativas de desarrollo econ\u00f3mico y social en ellos.<\/span><\/span><\/p><p>As\u00ed pues, se deben promover pol\u00edticas que faciliten el emprendimiento de las nuevas generaciones y logren remunerar de manera apropiada la preparaci\u00f3n intelectual con la que cuentan. En efecto, se considera que en la medida en la que se logren implementar estos cambios, las nuevas generaciones estar\u00e1n mas motivadas a defender, o por lo menos a confiar en los valores de la democracia liberal.<\/p>\t\t\t\t\t\t<\/div>\n\t\t\t\t<\/div>\n\t\t\t\t\t<\/div>\n\t\t<\/div>\n\t\t\t\t\t\t\t<\/div>\n\t\t<\/section>\n\t\t\t\t<section class=\"elementor-section elementor-top-section elementor-element elementor-element-15c5443 elementor-section-boxed elementor-section-height-default elementor-section-height-default\" data-id=\"15c5443\" data-element_type=\"section\">\n\t\t\t\t\t\t<div class=\"elementor-container elementor-column-gap-default\">\n\t\t\t\t\t<div class=\"elementor-column elementor-col-100 elementor-top-column elementor-element elementor-element-bf94a03\" data-id=\"bf94a03\" data-element_type=\"column\">\n\t\t\t<div class=\"elementor-widget-wrap elementor-element-populated\">\n\t\t\t\t\t\t\t\t<div class=\"elementor-element elementor-element-19e61d6 elementor-tabs-view-horizontal elementor-widget elementor-widget-tabs\" data-id=\"19e61d6\" data-element_type=\"widget\" data-widget_type=\"tabs.default\">\n\t\t\t\t<div class=\"elementor-widget-container\">\n\t\t\t\t\t<div class=\"elementor-tabs\">\n\t\t\t<div class=\"elementor-tabs-wrapper\" role=\"tablist\" >\n\t\t\t\t\t\t\t\t\t<div id=\"elementor-tab-title-2711\" class=\"elementor-tab-title elementor-tab-desktop-title\" aria-selected=\"true\" data-tab=\"1\" role=\"tab\" tabindex=\"0\" aria-controls=\"elementor-tab-content-2711\" aria-expanded=\"false\">AUTOR<\/div>\n\t\t\t\t\t\t\t\t\t<div id=\"elementor-tab-title-2712\" class=\"elementor-tab-title elementor-tab-desktop-title\" aria-selected=\"false\" data-tab=\"2\" role=\"tab\" tabindex=\"-1\" aria-controls=\"elementor-tab-content-2712\" aria-expanded=\"false\">PERFIL PROFESIONAL<\/div>\n\t\t\t\t\t\t\t<\/div>\n\t\t\t<div class=\"elementor-tabs-content-wrapper\" role=\"tablist\" aria-orientation=\"vertical\">\n\t\t\t\t\t\t\t\t\t<div class=\"elementor-tab-title elementor-tab-mobile-title\" aria-selected=\"true\" data-tab=\"1\" role=\"tab\" tabindex=\"0\" aria-controls=\"elementor-tab-content-2711\" aria-expanded=\"false\">AUTOR<\/div>\n\t\t\t\t\t<div id=\"elementor-tab-content-2711\" class=\"elementor-tab-content elementor-clearfix\" data-tab=\"1\" role=\"tabpanel\" aria-labelledby=\"elementor-tab-title-2711\" tabindex=\"0\" hidden=\"false\"><p style=\"text-align: center;\"><a href=\"https:\/\/www.linkedin.com\/in\/tanya-wilken-gil-374643141\/\" target=\"_blank\" rel=\"noopener\"><img decoding=\"async\" loading=\"lazy\" class=\"aligncenter wp-image-2013 size-medium\" src=\"https:\/\/virtual.cun.edu.co\/cemp\/wp-content\/uploads\/2020\/11\/1-300x300.png\" alt=\"\" width=\"300\" height=\"300\" \/><\/a><\/p><h5 style=\"text-align: center;\">Tanya Wilken Gil<\/h5><p><img decoding=\"async\" loading=\"lazy\" class=\" wp-image-2591 aligncenter\" src=\"https:\/\/virtual.cun.edu.co\/cemp\/wp-content\/uploads\/2021\/01\/linkedind-300x300.png\" alt=\"\" width=\"25\" height=\"25\" srcset=\"https:\/\/virtual.cun.edu.co\/cemp\/wp-content\/uploads\/2021\/01\/linkedind-300x300.png 300w, https:\/\/virtual.cun.edu.co\/cemp\/wp-content\/uploads\/2021\/01\/linkedind-150x150.png 150w, https:\/\/virtual.cun.edu.co\/cemp\/wp-content\/uploads\/2021\/01\/linkedind.png 512w\" sizes=\"(max-width: 25px) 100vw, 25px\" \/><\/p><p style=\"text-align: center;\"><span style=\"text-decoration: underline;\"><a href=\"https:\/\/www.linkedin.com\/in\/tanya-wilken-gil-374643141\/\" target=\"_blank\" rel=\"noopener\">Perfil de LinkedIn<\/a><\/span><\/p><\/div>\n\t\t\t\t\t\t\t\t\t<div class=\"elementor-tab-title elementor-tab-mobile-title\" aria-selected=\"false\" data-tab=\"2\" role=\"tab\" tabindex=\"-1\" aria-controls=\"elementor-tab-content-2712\" aria-expanded=\"false\">PERFIL PROFESIONAL<\/div>\n\t\t\t\t\t<div id=\"elementor-tab-content-2712\" class=\"elementor-tab-content elementor-clearfix\" data-tab=\"2\" role=\"tabpanel\" aria-labelledby=\"elementor-tab-title-2712\" tabindex=\"0\" hidden=\"hidden\"><p style=\"text-align: center;\"><span class=\"lt-line-clamp__raw-line\">Profesional del programa de Negocios y Relaciones Internacionales de la Universidad de La Salle. Fundadora y miembro de la mesa directiva de la organizaci\u00f3n juvenil MACNUS.<br \/><br \/>Experiencia de 5 a\u00f1os en la formulaci\u00f3n y coordinaci\u00f3n de proyectos de liderazgo, investigaci\u00f3n y extensi\u00f3n en tem\u00e1ticas como: relaciones internacionales; cooperaci\u00f3n internacional; organizaciones, representaciones y movimientos Sociales; an\u00e1lisis de coyuntura; conflicto armado y paz; debate y argumentaci\u00f3n; empoderamiento juvenil y construcci\u00f3n de ciudadan\u00eda.<br \/><br \/>Presidente del Modelo de An\u00e1lisis de Coyuntura de la Universidad de La Salle (2015-2016) Coordinadora de la Escuela de Debate con intervenci\u00f3n en m\u00e1s de veinte colegios de Bogot\u00e1 (2017) y de la Escuela de Argumentaci\u00f3n en la localidad de La Candelaria (2018).\u00a0Habilidades comunicativas en Ingl\u00e9s (B2) y Franc\u00e9s (A2).<br \/><br \/>Experiencia como docente universitaria en el \u00e1rea de emprendimiento de la Corporaci\u00f3n Unificada Nacional de Educaci\u00f3n Superior (CUN).<\/span>\u00a0<\/p><\/div>\n\t\t\t\t\t\t\t<\/div>\n\t\t<\/div>\n\t\t\t\t<\/div>\n\t\t\t\t<\/div>\n\t\t\t\t\t<\/div>\n\t\t<\/div>\n\t\t\t\t\t\t\t<\/div>\n\t\t<\/section>\n\t\t\t\t\t\t\t<\/div>\n\t\t","protected":false},"excerpt":{"rendered":"<p>\u00bfCu\u00e1l es la perspectiva de los j\u00f3venes hoy en d\u00eda con respecto a la democracia liberal? \u00bfLa apoyan de la misma manera en la que lo hac\u00edan sus antecesores? \u00bfSe sienten identificados con ella?\u00a0La coyuntura pol\u00edtica mundial genera estos interrogantes, donde se ha visto una\u00a0tendencia en el establecimiento de gobiernos de extrema derecha como un [&hellip;]<\/p>\n","protected":false},"author":1,"featured_media":0,"comment_status":"open","ping_status":"open","sticky":false,"template":"","format":"standard","meta":[],"categories":[1],"tags":[],"_links":{"self":[{"href":"https:\/\/virtual.cun.edu.co\/cemp\/wp-json\/wp\/v2\/posts\/2191"}],"collection":[{"href":"https:\/\/virtual.cun.edu.co\/cemp\/wp-json\/wp\/v2\/posts"}],"about":[{"href":"https:\/\/virtual.cun.edu.co\/cemp\/wp-json\/wp\/v2\/types\/post"}],"author":[{"embeddable":true,"href":"https:\/\/virtual.cun.edu.co\/cemp\/wp-json\/wp\/v2\/users\/1"}],"replies":[{"embeddable":true,"href":"https:\/\/virtual.cun.edu.co\/cemp\/wp-json\/wp\/v2\/comments?post=2191"}],"version-history":[{"count":3,"href":"https:\/\/virtual.cun.edu.co\/cemp\/wp-json\/wp\/v2\/posts\/2191\/revisions"}],"predecessor-version":[{"id":2955,"href":"https:\/\/virtual.cun.edu.co\/cemp\/wp-json\/wp\/v2\/posts\/2191\/revisions\/2955"}],"wp:attachment":[{"href":"https:\/\/virtual.cun.edu.co\/cemp\/wp-json\/wp\/v2\/media?parent=2191"}],"wp:term":[{"taxonomy":"category","embeddable":true,"href":"https:\/\/virtual.cun.edu.co\/cemp\/wp-json\/wp\/v2\/categories?post=2191"},{"taxonomy":"post_tag","embeddable":true,"href":"https:\/\/virtual.cun.edu.co\/cemp\/wp-json\/wp\/v2\/tags?post=2191"}],"curies":[{"name":"wp","href":"https:\/\/api.w.org\/{rel}","templated":true}]}}