{"id":2161,"date":"2020-11-25T10:00:05","date_gmt":"2020-11-25T10:00:05","guid":{"rendered":"https:\/\/virtual.cun.edu.co\/cemp\/?p=2161"},"modified":"2021-01-26T20:21:12","modified_gmt":"2021-01-26T20:21:12","slug":"acerca-del-aspecto-emocional-de-los-estudiantes-en-los-procesos-de-evaluacion-y-formacion-en-educacion-superior","status":"publish","type":"post","link":"https:\/\/virtual.cun.edu.co\/cemp\/2020\/11\/25\/acerca-del-aspecto-emocional-de-los-estudiantes-en-los-procesos-de-evaluacion-y-formacion-en-educacion-superior\/","title":{"rendered":"ACERCA DEL ASPECTO EMOCIONAL DE LOS ESTUDIANTES EN LOS PROCESOS DE EVALUACI\u00d3N Y FORMACI\u00d3N EN EDUCACI\u00d3N SUPERIOR"},"content":{"rendered":"\t\t<div data-elementor-type=\"wp-post\" data-elementor-id=\"2161\" class=\"elementor elementor-2161\">\n\t\t\t\t\t\t\t\t\t<section class=\"elementor-section elementor-top-section elementor-element elementor-element-55c51ce elementor-section-boxed elementor-section-height-default elementor-section-height-default\" data-id=\"55c51ce\" data-element_type=\"section\">\n\t\t\t\t\t\t<div class=\"elementor-container elementor-column-gap-default\">\n\t\t\t\t\t<div class=\"elementor-column elementor-col-100 elementor-top-column elementor-element elementor-element-1e78051\" data-id=\"1e78051\" data-element_type=\"column\">\n\t\t\t<div class=\"elementor-widget-wrap elementor-element-populated\">\n\t\t\t\t\t\t\t\t<div class=\"elementor-element elementor-element-16f22eb elementor-widget elementor-widget-text-editor\" data-id=\"16f22eb\" data-element_type=\"widget\" data-widget_type=\"text-editor.default\">\n\t\t\t\t<div class=\"elementor-widget-container\">\n\t\t\t\t\t\t\t<p>Para generar procesos de innovaci\u00f3n educativa <span style=\"color: #33cccc;\">se requiere tambi\u00e9n en Colombia una transformaci\u00f3n en las pol\u00edticas educativas y una redefinici\u00f3n del concepto de Evaluaci\u00f3n<\/span>, desde la cual se pueda valorar el nivel de creatividad en la formaci\u00f3n de profesionales que hoy d\u00eda exige la competitividad del mundo laboral. Ya no se puede limitar el uso de las TIC en las aulas, en el caso de youtube para algunas instituciones. Siguiendo a Cobo, C (2016), <span style=\"color: #33cccc;\">es importante brindar un acompa\u00f1amiento en el uso adecuado de los contenedores para que a trav\u00e9s de ellos se generen reflexiones frente al contenido y el contexto.<\/span><br \/>La administraci\u00f3n educativa compara est\u00e1ndares de parametrizaci\u00f3n internacionales de cultura dominante e implementa sistemas de Evaluaci\u00f3n que no promueven la creatividad en los estudiantes; por el contrario, homogenizan cada vez m\u00e1s el pensamiento. El contexto, las necesidades actuales como la Salud Mental a merced de la realidad digital han citado a\u00fan m\u00e1s ese mismo factor de innovaci\u00f3n a Instituciones y docentes.<\/p><p>La soluci\u00f3n ya no recae sobre inversi\u00f3n en recursos tecnol\u00f3gicos e investigaci\u00f3n,\u00a0<span style=\"font-size: 16px; background-color: transparent;\">por el contrario solicita de los profesionales la capacidad de crear herramientas\u00a0<\/span><span style=\"font-size: 16px; background-color: transparent;\">pedag\u00f3gicas que favorezcan la ense\u00f1anza individualizada y socializada, un dise\u00f1o de\u00a0<\/span><span style=\"font-size: 16px; background-color: transparent;\">plataformas adecuadas a la Cultura Digital.<span style=\"color: #33cccc;\"> Las Instituciones pueden entonces aunar\u00a0<\/span><\/span><span style=\"color: #33cccc;\"><span style=\"font-size: 16px; background-color: transparent;\">esfuerzos para brindar apoyo en el dise\u00f1o de nuevas pedagog\u00edas de autoaprendizaje, <\/span><span style=\"font-size: 16px; background-color: transparent;\">microaprendizaje y aprendizaje informal. <span style=\"color: #808080;\">Mientras tanto, el compromiso es tambi\u00e9n\u00a0<\/span><\/span><span style=\"color: #808080;\"><span style=\"font-size: 16px; background-color: transparent;\">asumido por otros profesionales diferentes a la educaci\u00f3n, quienes con su conocimiento en <\/span><span style=\"font-size: 16px; background-color: transparent;\">administraci\u00f3n, tecnolog\u00edas e idiomas, se toman el rol de la creatividad y visionan un\u00a0<\/span><span style=\"font-size: 16px; background-color: transparent;\">inter\u00e9s econ\u00f3mico.<\/span><\/span><\/span><\/p><p><span style=\"font-size: 16px; background-color: transparent;\">A modo de ejemplo, comparto el caso del empresario Antioque\u00f1o Juan Manuel\u00a0<\/span><span style=\"font-size: 16px; background-color: transparent;\">Lopera, l\u00edder de un proyecto que transforma la educaci\u00f3n del mundo con tecnolog\u00eda.<\/span><\/p>\t\t\t\t\t\t<\/div>\n\t\t\t\t<\/div>\n\t\t\t\t<div class=\"elementor-element elementor-element-e440787 elementor-widget elementor-widget-video\" data-id=\"e440787\" data-element_type=\"widget\" data-settings=\"{&quot;youtube_url&quot;:&quot;https:\\\/\\\/www.youtube.com\\\/watch?v=YsSfm8OYDz8&amp;feature=emb_logo&amp;ab_channel=TEDxTalks&quot;,&quot;video_type&quot;:&quot;youtube&quot;,&quot;controls&quot;:&quot;yes&quot;}\" data-widget_type=\"video.default\">\n\t\t\t\t<div class=\"elementor-widget-container\">\n\t\t\t\t\t<div class=\"elementor-wrapper elementor-open-inline\">\n\t\t\t<div class=\"elementor-video\"><\/div>\t\t<\/div>\n\t\t\t\t<\/div>\n\t\t\t\t<\/div>\n\t\t\t\t<div class=\"elementor-element elementor-element-ffa8fcc elementor-widget elementor-widget-text-editor\" data-id=\"ffa8fcc\" data-element_type=\"widget\" data-widget_type=\"text-editor.default\">\n\t\t\t\t<div class=\"elementor-widget-container\">\n\t\t\t\t\t\t\t<p>Ahora bien, los procesos educativos tendr\u00e1n que contemplar no s\u00f3lo losmultialfabetismos tecnol\u00f3gicos a los que hace referencia el autor Cobo, C (2016). Otro reto por comprender: <span style=\"color: #33cccc;\">las Emociones y la Salud Mental, tambi\u00e9n se convierten en el pilar de la reflexi\u00f3n pedag\u00f3gica de docentes y directivos quienes buscan fomentar el equilibrio emocional que se requiere ahora para llevar a cabo metodolog\u00edas y planes de estudios mediatizados por las TIC.<\/span><\/p><p>Una paradoja ejemplifica el escenario: educamos para el manejo de las TIC por el af\u00e1n que trajo la contingencia ambiental o educamos la inteligencia emocional para poder utilizar adecuadamente las TIC y prevenir otros riesgos a causa de la pandemia. Si el contacto con las tecnolog\u00edas y los nuevos h\u00e1bitos debido al confinamiento producen enfermedades de Salud Mental, debe primar la gesti\u00f3n y\/o educaci\u00f3n emocional; o quiz\u00e1s, se debe continuar dando prioridad a la educaci\u00f3n tecnol\u00f3gica y el desarrollo de competencias digitales para cumplir con los objetivos de los syllabus. Si la segunda\u00a0<span style=\"font-size: 16px; background-color: transparent;\">opci\u00f3n, toma prelaci\u00f3n se contin\u00faa entonces la cadena de priorizar la m\u00e1quina (hardware-<\/span><span style=\"font-size: 16px; background-color: transparent;\">software) y no la integralidad del ser humano.<\/span><\/p>\t\t\t\t\t\t<\/div>\n\t\t\t\t<\/div>\n\t\t\t\t\t<\/div>\n\t\t<\/div>\n\t\t\t\t\t\t\t<\/div>\n\t\t<\/section>\n\t\t\t\t<section class=\"elementor-section elementor-top-section elementor-element elementor-element-422cf89 elementor-section-boxed elementor-section-height-default elementor-section-height-default\" data-id=\"422cf89\" data-element_type=\"section\">\n\t\t\t\t\t\t<div class=\"elementor-container elementor-column-gap-default\">\n\t\t\t\t\t<div class=\"elementor-column elementor-col-100 elementor-top-column elementor-element elementor-element-fcff07c\" data-id=\"fcff07c\" data-element_type=\"column\">\n\t\t\t<div class=\"elementor-widget-wrap elementor-element-populated\">\n\t\t\t\t\t\t\t\t<div class=\"elementor-element elementor-element-21bc453 elementor-widget elementor-widget-image\" data-id=\"21bc453\" data-element_type=\"widget\" data-widget_type=\"image.default\">\n\t\t\t\t<div class=\"elementor-widget-container\">\n\t\t\t\t\t\t\t\t\t\t\t\t\t\t\t<img decoding=\"async\" src=\"https:\/\/virtual.cun.edu.co\/cemp\/wp-content\/uploads\/2020\/11\/SALUD-1-1.png\" title=\"\" alt=\"\" loading=\"lazy\" \/>\t\t\t\t\t\t\t\t\t\t\t\t\t\t\t<\/div>\n\t\t\t\t<\/div>\n\t\t\t\t<div class=\"elementor-element elementor-element-2f94e38 elementor-widget elementor-widget-text-editor\" data-id=\"2f94e38\" data-element_type=\"widget\" data-widget_type=\"text-editor.default\">\n\t\t\t\t<div class=\"elementor-widget-container\">\n\t\t\t\t\t\t\t<p>Ambos aspectos deber\u00e1n tener la misma importancia, dicho por el fil\u00f3sofo John Locke (1986) <span style=\"color: #33cccc;\">\u201cUna mente sana en un cuerpo sano, es una descripci\u00f3n corta pero completa de un estado feliz en este mundo\u201d<\/span>. Sucede que las facultades y los programas se apoyan para ello de la transversalidad de algunas unidades como lo son Bienestar Estudiantil y Proyecci\u00f3n Social. Dichas \u00e1reas han mejorado sus estrategias de\u00a0<span style=\"font-size: 16px; background-color: transparent;\">comunicaci\u00f3n y a trav\u00e9s de los diferentes medios han logrado socializar informaci\u00f3n <\/span>contundente en prevenci\u00f3n (sin \u00e1nimo de desmeritar). Aun as\u00ed, los estudiantes replican pr\u00e1cticas educativas virtuales que no favorecen su bienestar integral, cuyas afecciones se ven reflejadas en el bajo rendimiento acad\u00e9mico, tipo de comunicaci\u00f3n, compromiso con las actividades e inclusive deserci\u00f3n. Si se ha cuestionado en la nuevas formas de evaluar, el c\u00f3mo considerar la creatividad, un interrogante se suma a la reflexi\u00f3n <span style=\"color: #33cccc;\">\u00bfC\u00f3mo\u00a0<\/span><span style=\"color: #33cccc;\">considerar en el proceso de formaci\u00f3n el aspecto emocional de los estudiantes?<\/span><\/p>\t\t\t\t\t\t<\/div>\n\t\t\t\t<\/div>\n\t\t\t\t\t<\/div>\n\t\t<\/div>\n\t\t\t\t\t\t\t<\/div>\n\t\t<\/section>\n\t\t\t\t<section class=\"elementor-section elementor-top-section elementor-element elementor-element-6edccfe elementor-section-boxed elementor-section-height-default elementor-section-height-default\" data-id=\"6edccfe\" data-element_type=\"section\">\n\t\t\t\t\t\t<div class=\"elementor-container elementor-column-gap-default\">\n\t\t\t\t\t<div class=\"elementor-column elementor-col-100 elementor-top-column elementor-element elementor-element-fc3cfe3\" data-id=\"fc3cfe3\" data-element_type=\"column\">\n\t\t\t<div class=\"elementor-widget-wrap elementor-element-populated\">\n\t\t\t\t\t\t\t\t<div class=\"elementor-element elementor-element-c56716a elementor-tabs-view-horizontal elementor-widget elementor-widget-tabs\" data-id=\"c56716a\" data-element_type=\"widget\" data-widget_type=\"tabs.default\">\n\t\t\t\t<div class=\"elementor-widget-container\">\n\t\t\t\t\t<div class=\"elementor-tabs\">\n\t\t\t<div class=\"elementor-tabs-wrapper\" role=\"tablist\" >\n\t\t\t\t\t\t\t\t\t<div id=\"elementor-tab-title-2061\" class=\"elementor-tab-title elementor-tab-desktop-title\" aria-selected=\"true\" data-tab=\"1\" role=\"tab\" tabindex=\"0\" aria-controls=\"elementor-tab-content-2061\" aria-expanded=\"false\">AUTOR<\/div>\n\t\t\t\t\t\t\t\t\t<div id=\"elementor-tab-title-2062\" class=\"elementor-tab-title elementor-tab-desktop-title\" aria-selected=\"false\" data-tab=\"2\" role=\"tab\" tabindex=\"-1\" aria-controls=\"elementor-tab-content-2062\" aria-expanded=\"false\">PERFIL PROFESIONAL<\/div>\n\t\t\t\t\t\t\t<\/div>\n\t\t\t<div class=\"elementor-tabs-content-wrapper\" role=\"tablist\" aria-orientation=\"vertical\">\n\t\t\t\t\t\t\t\t\t<div class=\"elementor-tab-title elementor-tab-mobile-title\" aria-selected=\"true\" data-tab=\"1\" role=\"tab\" tabindex=\"0\" aria-controls=\"elementor-tab-content-2061\" aria-expanded=\"false\">AUTOR<\/div>\n\t\t\t\t\t<div id=\"elementor-tab-content-2061\" class=\"elementor-tab-content elementor-clearfix\" data-tab=\"1\" role=\"tabpanel\" aria-labelledby=\"elementor-tab-title-2061\" tabindex=\"0\" hidden=\"false\"><p style=\"text-align: center;\"><a href=\"https:\/\/www.linkedin.com\/in\/lizedh-mart%C3%ADnez-p%C3%A1ez-141240176\/\" target=\"_blank\" rel=\"noopener\"><img decoding=\"async\" loading=\"lazy\" class=\"wp-image-2174 size-medium aligncenter\" src=\"https:\/\/virtual.cun.edu.co\/cemp\/wp-content\/uploads\/2020\/11\/14-300x300.png\" alt=\"\" width=\"300\" height=\"300\" \/><\/a><\/p><h5 style=\"text-align: center;\">Lizedh Mart\u00ednez P\u00e1ez<\/h5><p><img decoding=\"async\" loading=\"lazy\" class=\" wp-image-2591 aligncenter\" src=\"https:\/\/virtual.cun.edu.co\/cemp\/wp-content\/uploads\/2021\/01\/linkedind-300x300.png\" alt=\"\" width=\"25\" height=\"25\" srcset=\"https:\/\/virtual.cun.edu.co\/cemp\/wp-content\/uploads\/2021\/01\/linkedind-300x300.png 300w, https:\/\/virtual.cun.edu.co\/cemp\/wp-content\/uploads\/2021\/01\/linkedind-150x150.png 150w, https:\/\/virtual.cun.edu.co\/cemp\/wp-content\/uploads\/2021\/01\/linkedind.png 512w\" sizes=\"(max-width: 25px) 100vw, 25px\" \/><\/p><p style=\"text-align: center;\"><span style=\"text-decoration: underline;\"><a href=\"https:\/\/www.linkedin.com\/in\/lizedh-mart%C3%ADnez-p%C3%A1ez-141240176\/\" target=\"_blank\" rel=\"noopener\">Perfil de LinkedIn<\/a><\/span><\/p><\/div>\n\t\t\t\t\t\t\t\t\t<div class=\"elementor-tab-title elementor-tab-mobile-title\" aria-selected=\"false\" data-tab=\"2\" role=\"tab\" tabindex=\"-1\" aria-controls=\"elementor-tab-content-2062\" aria-expanded=\"false\">PERFIL PROFESIONAL<\/div>\n\t\t\t\t\t<div id=\"elementor-tab-content-2062\" class=\"elementor-tab-content elementor-clearfix\" data-tab=\"2\" role=\"tabpanel\" aria-labelledby=\"elementor-tab-title-2062\" tabindex=\"0\" hidden=\"hidden\"><p style=\"text-align: center;\"><span class=\"lt-line-clamp__raw-line\">Experiencia laboral en el sector p\u00fablico y privado. Ha desarrollado conocimientos en:<br \/>&#8211; Dise\u00f1o de planes de formaci\u00f3n dirigidos a docentes y estudiantes<br \/>&#8211; Consultor\u00eda y contacto externo con empresarios para el fortalecimiento de pr\u00e1cticas profesionales<br \/>&#8211; Experiencia y gesti\u00f3n en educaci\u00f3n superior con \u00e9nfasis en bienestar estudiantil, proyecci\u00f3n social, emprendimiento e innovaci\u00f3n<br \/>&#8211; Revisi\u00f3n a pertinencia de mallas curriculares, dise\u00f1o instruccional, autoevaluaci\u00f3n de programas y elaboraci\u00f3n de documentos maestros<br \/>&#8211; Experiencia en orientaci\u00f3n y acompa\u00f1amiento a estudiantes en la gesti\u00f3n de proyectos de emprendimiento e innovaci\u00f3n, a partir del enfoque de psicolog\u00eda y gesti\u00f3n del conocimiento<br \/>&#8211; Se ha desempe\u00f1ado en cargos como orientador psicosocial, psicopedagoga, mentora, l\u00edder de \u00e1rea bienestar estudiantil, l\u00edder de pr\u00e1cticas profesionales y docencia universitaria<\/span>\u00a0<\/p><\/div>\n\t\t\t\t\t\t\t<\/div>\n\t\t<\/div>\n\t\t\t\t<\/div>\n\t\t\t\t<\/div>\n\t\t\t\t\t<\/div>\n\t\t<\/div>\n\t\t\t\t\t\t\t<\/div>\n\t\t<\/section>\n\t\t\t\t\t\t\t<\/div>\n\t\t","protected":false},"excerpt":{"rendered":"<p>Para generar procesos de innovaci\u00f3n educativa se requiere tambi\u00e9n en Colombia una transformaci\u00f3n en las pol\u00edticas educativas y una redefinici\u00f3n del concepto de Evaluaci\u00f3n, desde la cual se pueda valorar el nivel de creatividad en la formaci\u00f3n de profesionales que hoy d\u00eda exige la competitividad del mundo laboral. Ya no se puede limitar el uso [&hellip;]<\/p>\n","protected":false},"author":1,"featured_media":0,"comment_status":"open","ping_status":"open","sticky":false,"template":"","format":"standard","meta":[],"categories":[1],"tags":[],"_links":{"self":[{"href":"https:\/\/virtual.cun.edu.co\/cemp\/wp-json\/wp\/v2\/posts\/2161"}],"collection":[{"href":"https:\/\/virtual.cun.edu.co\/cemp\/wp-json\/wp\/v2\/posts"}],"about":[{"href":"https:\/\/virtual.cun.edu.co\/cemp\/wp-json\/wp\/v2\/types\/post"}],"author":[{"embeddable":true,"href":"https:\/\/virtual.cun.edu.co\/cemp\/wp-json\/wp\/v2\/users\/1"}],"replies":[{"embeddable":true,"href":"https:\/\/virtual.cun.edu.co\/cemp\/wp-json\/wp\/v2\/comments?post=2161"}],"version-history":[{"count":3,"href":"https:\/\/virtual.cun.edu.co\/cemp\/wp-json\/wp\/v2\/posts\/2161\/revisions"}],"predecessor-version":[{"id":2937,"href":"https:\/\/virtual.cun.edu.co\/cemp\/wp-json\/wp\/v2\/posts\/2161\/revisions\/2937"}],"wp:attachment":[{"href":"https:\/\/virtual.cun.edu.co\/cemp\/wp-json\/wp\/v2\/media?parent=2161"}],"wp:term":[{"taxonomy":"category","embeddable":true,"href":"https:\/\/virtual.cun.edu.co\/cemp\/wp-json\/wp\/v2\/categories?post=2161"},{"taxonomy":"post_tag","embeddable":true,"href":"https:\/\/virtual.cun.edu.co\/cemp\/wp-json\/wp\/v2\/tags?post=2161"}],"curies":[{"name":"wp","href":"https:\/\/api.w.org\/{rel}","templated":true}]}}