{"id":2048,"date":"2020-11-10T10:00:28","date_gmt":"2020-11-10T10:00:28","guid":{"rendered":"https:\/\/virtual.cun.edu.co\/cemp\/?p=2048"},"modified":"2021-01-26T21:05:02","modified_gmt":"2021-01-26T21:05:02","slug":"emprender-un-tema-de-adultos","status":"publish","type":"post","link":"https:\/\/virtual.cun.edu.co\/cemp\/2020\/11\/10\/emprender-un-tema-de-adultos\/","title":{"rendered":"EMPRENDER \u00bfUN TEMA DE ADULTOS?"},"content":{"rendered":"\t\t<div data-elementor-type=\"wp-post\" data-elementor-id=\"2048\" class=\"elementor elementor-2048\">\n\t\t\t\t\t\t\t\t\t<section class=\"elementor-section elementor-top-section elementor-element elementor-element-f1d4e5b elementor-section-boxed elementor-section-height-default elementor-section-height-default\" data-id=\"f1d4e5b\" data-element_type=\"section\">\n\t\t\t\t\t\t<div class=\"elementor-container elementor-column-gap-default\">\n\t\t\t\t\t<div class=\"elementor-column elementor-col-100 elementor-top-column elementor-element elementor-element-25ef781\" data-id=\"25ef781\" data-element_type=\"column\">\n\t\t\t<div class=\"elementor-widget-wrap elementor-element-populated\">\n\t\t\t\t\t\t\t\t<div class=\"elementor-element elementor-element-5453890 elementor-widget elementor-widget-text-editor\" data-id=\"5453890\" data-element_type=\"widget\" data-widget_type=\"text-editor.default\">\n\t\t\t\t<div class=\"elementor-widget-container\">\n\t\t\t\t\t\t\t<p>Para este 2020 Colombia por nacimiento de emprendedores se enlista en el s\u00e9ptimo puesto a nivel mundial, incluso supera la tasa de potenciales nuevos empresarios (Experiencias, 2020), un pa\u00eds que no se reinventa, se rebusca todos los d\u00edas y justamente de ese rebusque hay un 26.1% de emprendedores que tienen un nivel de educaci\u00f3n primaria seg\u00fan informe de GEM en el 2018 (Global Entrepreneurship Monitor). De acuerdo al breve panorama plateemos una pregunta<span style=\"color: #33cccc;\"> \u00bfQu\u00e9 suceder\u00eda si en esos niveles de primaria se presentaran contenidos relacionados a planes de negocio y emprendimiento?<\/span><\/p>\t\t\t\t\t\t<\/div>\n\t\t\t\t<\/div>\n\t\t\t\t\t<\/div>\n\t\t<\/div>\n\t\t\t\t\t\t\t<\/div>\n\t\t<\/section>\n\t\t\t\t<section class=\"elementor-section elementor-top-section elementor-element elementor-element-4baf22e elementor-section-boxed elementor-section-height-default elementor-section-height-default\" data-id=\"4baf22e\" data-element_type=\"section\">\n\t\t\t\t\t\t<div class=\"elementor-container elementor-column-gap-default\">\n\t\t\t\t\t<div class=\"elementor-column elementor-col-100 elementor-top-column elementor-element elementor-element-b5e4862\" data-id=\"b5e4862\" data-element_type=\"column\">\n\t\t\t<div class=\"elementor-widget-wrap elementor-element-populated\">\n\t\t\t\t\t\t\t\t<div class=\"elementor-element elementor-element-5262095 elementor-widget elementor-widget-image\" data-id=\"5262095\" data-element_type=\"widget\" data-widget_type=\"image.default\">\n\t\t\t\t<div class=\"elementor-widget-container\">\n\t\t\t\t\t\t\t\t\t\t\t\t\t\t\t<img decoding=\"async\" src=\"https:\/\/virtual.cun.edu.co\/cemp\/wp-content\/uploads\/2020\/11\/E-2.png\" title=\"\" alt=\"\" loading=\"lazy\" \/>\t\t\t\t\t\t\t\t\t\t\t\t\t\t\t<\/div>\n\t\t\t\t<\/div>\n\t\t\t\t<div class=\"elementor-element elementor-element-81b9f03 elementor-widget elementor-widget-text-editor\" data-id=\"81b9f03\" data-element_type=\"widget\" data-widget_type=\"text-editor.default\">\n\t\t\t\t<div class=\"elementor-widget-container\">\n\t\t\t\t\t\t\t<p>Antes que nada, es bueno recordar el significado de la palabra por la cual se ha realizado este art\u00edculo, <span style=\"color: #33cccc;\">&#8220;Emprender&#8221;<\/span> derivado de un t\u00e9rmino franc\u00e9s usado en el siglo XIII que significaba <span style=\"color: #33cccc;\">&#8220;hacer cosas&#8221;<\/span>, hoy en d\u00eda este concepto se ha complejizado y ha sido estudiado desde diferentes \u00e1reas del conocimiento; antropolog\u00eda, econom\u00eda, ciencias sociales y dem\u00e1s&#8230; Lo relevante es desarticularlo de la acci\u00f3n meramente de crear empresa, tengamos presente las claves que da para emprender Ignacio Gait\u00e1n Presidente de Innpulsa:<span style=\"color: #33cccc;\"> &#8220;Las competencias humanas son lo m\u00e1s importante. Segundo, convencerse de que el dinero no es lo m\u00e1s importante. A veces hay un af\u00e1n solo por generar dinero y los emprendedores deben entender que sus negocios son evolutivos y tienen que ir cambiando.&nbsp;<\/span><span style=\"color: #33cccc;\">La tercera es que estudien y adquieran las competencias que sus negocios les demanden&#8221;<\/span> (Experiencias, 2020)<\/p>\t\t\t\t\t\t<\/div>\n\t\t\t\t<\/div>\n\t\t\t\t\t<\/div>\n\t\t<\/div>\n\t\t\t\t\t\t\t<\/div>\n\t\t<\/section>\n\t\t\t\t<section class=\"elementor-section elementor-top-section elementor-element elementor-element-e694786 elementor-section-boxed elementor-section-height-default elementor-section-height-default\" data-id=\"e694786\" data-element_type=\"section\">\n\t\t\t\t\t\t<div class=\"elementor-container elementor-column-gap-default\">\n\t\t\t\t\t<div class=\"elementor-column elementor-col-50 elementor-top-column elementor-element elementor-element-8264839\" data-id=\"8264839\" data-element_type=\"column\">\n\t\t\t<div class=\"elementor-widget-wrap elementor-element-populated\">\n\t\t\t\t\t\t\t\t<div class=\"elementor-element elementor-element-b17d640 elementor-widget elementor-widget-image\" data-id=\"b17d640\" data-element_type=\"widget\" data-widget_type=\"image.default\">\n\t\t\t\t<div class=\"elementor-widget-container\">\n\t\t\t\t\t\t\t\t\t\t\t\t\t\t\t<img decoding=\"async\" src=\"https:\/\/virtual.cun.edu.co\/cemp\/wp-content\/uploads\/2020\/11\/E-3-3.png\" title=\"\" alt=\"\" loading=\"lazy\" \/>\t\t\t\t\t\t\t\t\t\t\t\t\t\t\t<\/div>\n\t\t\t\t<\/div>\n\t\t\t\t\t<\/div>\n\t\t<\/div>\n\t\t\t\t<div class=\"elementor-column elementor-col-50 elementor-top-column elementor-element elementor-element-50eb9aa\" data-id=\"50eb9aa\" data-element_type=\"column\">\n\t\t\t<div class=\"elementor-widget-wrap elementor-element-populated\">\n\t\t\t\t\t\t\t\t<div class=\"elementor-element elementor-element-f073614 elementor-widget elementor-widget-text-editor\" data-id=\"f073614\" data-element_type=\"widget\" data-widget_type=\"text-editor.default\">\n\t\t\t\t<div class=\"elementor-widget-container\">\n\t\t\t\t\t\t\t<p><span style=\"font-size: 16px; background-color: transparent;\">Si tomamos la primera y tercera recomendaci\u00f3n podemos tener como eje responsable la educaci\u00f3n, desde el a\u00f1o 2000 la OCDE (Organizaci\u00f3n para la Cooperaci\u00f3n y el Desarrollo Econ\u00f3mico) manifest\u00f3 <\/span><span style=\"font-size: 16px; background-color: transparent; color: #33cccc;\">la necesidad en los pa\u00edses latinoamericanos de incorporar tem\u00e1ticas de emprendimiento en todos los niveles educativos.<\/span><span style=\"font-size: 16px; background-color: transparent;\"> De acuerdo a lo mencionado, pa\u00edses como M\u00e9xico y Per\u00fa realizaron estudios exploratorios y pruebas de la inserci\u00f3n de dichos conocimientos, estos reflejaron que era pertinente y necesario crear atributos y competencias \u00fatiles para el entorno empresarial.<\/span><\/p>\t\t\t\t\t\t<\/div>\n\t\t\t\t<\/div>\n\t\t\t\t\t<\/div>\n\t\t<\/div>\n\t\t\t\t\t\t\t<\/div>\n\t\t<\/section>\n\t\t\t\t<section class=\"elementor-section elementor-top-section elementor-element elementor-element-74f6bc6 elementor-section-boxed elementor-section-height-default elementor-section-height-default\" data-id=\"74f6bc6\" data-element_type=\"section\">\n\t\t\t\t\t\t<div class=\"elementor-container elementor-column-gap-default\">\n\t\t\t\t\t<div class=\"elementor-column elementor-col-100 elementor-top-column elementor-element elementor-element-2956195\" data-id=\"2956195\" data-element_type=\"column\">\n\t\t\t<div class=\"elementor-widget-wrap elementor-element-populated\">\n\t\t\t\t\t\t\t\t<div class=\"elementor-element elementor-element-ad5f2de elementor-widget elementor-widget-text-editor\" data-id=\"ad5f2de\" data-element_type=\"widget\" data-widget_type=\"text-editor.default\">\n\t\t\t\t<div class=\"elementor-widget-container\">\n\t\t\t\t\t\t\t<p>En M\u00e9xico, los estudiantes de 5to y 6to grado de la Escuela Primaria Rural Benito Ju\u00e1rez a trav\u00e9s del Subprograma<span style=\"color: #33cccc;\"> &#8220;Mi primer empresa&#8221; <\/span>desarrollaron habilidades y conocimientos entorno a: idea de negocio, trabajo en equipo, designaci\u00f3n de responsabilidades, distribuci\u00f3n de tareas y asignaci\u00f3n de roles (Sim\u00f3n, 2015); de esta forma, se desplaza el\u00a0<span style=\"font-size: 16px; background-color: transparent;\">concepto utilitarista de EE (Educaci\u00f3n en Emprendimiento) vinculado \u00fanicamente a la\u00a0<\/span><span style=\"font-size: 16px; background-color: transparent;\">creaci\u00f3n de empresa, proyectando el t\u00e9rmino desde un enfoque social a trav\u00e9s del\u00a0<\/span><span style=\"font-size: 16px; background-color: transparent;\">desarrollo de competencias transversales fundamentales para contextos empresariales y\u00a0<\/span><span style=\"font-size: 16px; background-color: transparent;\">personales.<\/span><\/p><p>Por su parte, en Arequipa (Per\u00fa) <span style=\"color: #33cccc;\">se determin\u00f3 poner en marcha un programa de emprendimiento para ni\u00f1os<\/span> por dos razones: la primera es aprovechar el proceso de aprendizaje en edades tempranas; a partir de los 7 a\u00f1os los ni\u00f1os aprenden habilidades para llegar a ser autosuficientes, seg\u00fan Mar\u00eda Jos\u00e9 Rold\u00e1n Maestra y psicopedagoga esta es la edad precisa para designar tares, funciones y roles no solo dentro del hogar. La segunda raz\u00f3n se debe al contexto econ\u00f3mico social de Arequipa, el cual bloquea la habilidad de emprender ya que de 853 empresas que se crean 469 fracasan. En este proyecto se elabor\u00f3 un programa basado en EE, se tom\u00f3 una muestra para posteriormente aplicar encuestas a quienes estaban a cargo ni\u00f1os entre 7 y 12 a\u00f1os. Los resultados que arrojan los resultados de las encuestas, reflejan la necesidad de incorporar aspectos como: finanzas personales, creaci\u00f3n de empresa y desarrollo de proyectos de emprendimiento.<\/p>\t\t\t\t\t\t<\/div>\n\t\t\t\t<\/div>\n\t\t\t\t\t<\/div>\n\t\t<\/div>\n\t\t\t\t\t\t\t<\/div>\n\t\t<\/section>\n\t\t\t\t<section class=\"elementor-section elementor-top-section elementor-element elementor-element-25666e8 elementor-section-boxed elementor-section-height-default elementor-section-height-default\" data-id=\"25666e8\" data-element_type=\"section\">\n\t\t\t\t\t\t<div class=\"elementor-container elementor-column-gap-default\">\n\t\t\t\t\t<div class=\"elementor-column elementor-col-100 elementor-top-column elementor-element elementor-element-67d8cfe\" data-id=\"67d8cfe\" data-element_type=\"column\">\n\t\t\t<div class=\"elementor-widget-wrap elementor-element-populated\">\n\t\t\t\t\t\t\t\t<div class=\"elementor-element elementor-element-fcd02d7 elementor-widget elementor-widget-image\" data-id=\"fcd02d7\" data-element_type=\"widget\" data-widget_type=\"image.default\">\n\t\t\t\t<div class=\"elementor-widget-container\">\n\t\t\t\t\t\t\t\t\t\t\t\t\t\t\t<img decoding=\"async\" src=\"https:\/\/virtual.cun.edu.co\/cemp\/wp-content\/uploads\/2020\/11\/E-4.png\" title=\"\" alt=\"\" loading=\"lazy\" \/>\t\t\t\t\t\t\t\t\t\t\t\t\t\t\t<\/div>\n\t\t\t\t<\/div>\n\t\t\t\t<div class=\"elementor-element elementor-element-ea73760 elementor-widget elementor-widget-text-editor\" data-id=\"ea73760\" data-element_type=\"widget\" data-widget_type=\"text-editor.default\">\n\t\t\t\t<div class=\"elementor-widget-container\">\n\t\t\t\t\t\t\t<p>Lo anterior son dos ejemplos de adaptaci\u00f3n a crear nuevas competencias desde niveles de educaci\u00f3n primarios; ahora bien, preparar a las nuevas generaciones es responsabilidad de quienes componen la esfera de la educaci\u00f3n; docentes, administrativos y dem\u00e1s deben preocuparse por acercar la realidad a los salones de clase, enfatizando en lo que mencion\u00f3 Bill Gates:<span style=\"color: #33cccc;\"> \u2018No estudies para ganar dinero, estudia para aprender. Lo que aprendas hoy es lo que ser\u00e1s ma\u00f1ana\u2019<\/span><\/p>\t\t\t\t\t\t<\/div>\n\t\t\t\t<\/div>\n\t\t\t\t\t<\/div>\n\t\t<\/div>\n\t\t\t\t\t\t\t<\/div>\n\t\t<\/section>\n\t\t\t\t<section class=\"elementor-section elementor-top-section elementor-element elementor-element-ce604d6 elementor-section-boxed elementor-section-height-default elementor-section-height-default\" data-id=\"ce604d6\" data-element_type=\"section\">\n\t\t\t\t\t\t<div class=\"elementor-container elementor-column-gap-default\">\n\t\t\t\t\t<div class=\"elementor-column elementor-col-100 elementor-top-column elementor-element elementor-element-6129587\" data-id=\"6129587\" data-element_type=\"column\">\n\t\t\t<div class=\"elementor-widget-wrap elementor-element-populated\">\n\t\t\t\t\t\t\t\t<div class=\"elementor-element elementor-element-b53f043 elementor-tabs-view-horizontal elementor-widget elementor-widget-tabs\" data-id=\"b53f043\" data-element_type=\"widget\" data-widget_type=\"tabs.default\">\n\t\t\t\t<div class=\"elementor-widget-container\">\n\t\t\t\t\t<div class=\"elementor-tabs\">\n\t\t\t<div class=\"elementor-tabs-wrapper\" role=\"tablist\" >\n\t\t\t\t\t\t\t\t\t<div id=\"elementor-tab-title-1901\" class=\"elementor-tab-title elementor-tab-desktop-title\" aria-selected=\"true\" data-tab=\"1\" role=\"tab\" tabindex=\"0\" aria-controls=\"elementor-tab-content-1901\" aria-expanded=\"false\">AUTOR<\/div>\n\t\t\t\t\t\t\t\t\t<div id=\"elementor-tab-title-1902\" class=\"elementor-tab-title elementor-tab-desktop-title\" aria-selected=\"false\" data-tab=\"2\" role=\"tab\" tabindex=\"-1\" aria-controls=\"elementor-tab-content-1902\" aria-expanded=\"false\">PERFIL PROFESIONAL<\/div>\n\t\t\t\t\t\t\t<\/div>\n\t\t\t<div class=\"elementor-tabs-content-wrapper\" role=\"tablist\" aria-orientation=\"vertical\">\n\t\t\t\t\t\t\t\t\t<div class=\"elementor-tab-title elementor-tab-mobile-title\" aria-selected=\"true\" data-tab=\"1\" role=\"tab\" tabindex=\"0\" aria-controls=\"elementor-tab-content-1901\" aria-expanded=\"false\">AUTOR<\/div>\n\t\t\t\t\t<div id=\"elementor-tab-content-1901\" class=\"elementor-tab-content elementor-clearfix\" data-tab=\"1\" role=\"tabpanel\" aria-labelledby=\"elementor-tab-title-1901\" tabindex=\"0\" hidden=\"false\"><p style=\"text-align: center;\"><a href=\"https:\/\/www.linkedin.com\/in\/karem-moreno-sep%C3%BAlveda-227492176\/\" target=\"_blank\" rel=\"noopener\"><img decoding=\"async\" loading=\"lazy\" class=\"aligncenter wp-image-2093 size-medium\" src=\"https:\/\/virtual.cun.edu.co\/cemp\/wp-content\/uploads\/2020\/11\/16-300x300.png\" alt=\"\" width=\"300\" height=\"300\" \/><\/a><\/p><h5 style=\"text-align: center;\">Karem Moreno Sep\u00falveda<\/h5><p><img decoding=\"async\" loading=\"lazy\" class=\" wp-image-2591 aligncenter\" src=\"https:\/\/virtual.cun.edu.co\/cemp\/wp-content\/uploads\/2021\/01\/linkedind-300x300.png\" alt=\"\" width=\"25\" height=\"25\" srcset=\"https:\/\/virtual.cun.edu.co\/cemp\/wp-content\/uploads\/2021\/01\/linkedind-300x300.png 300w, https:\/\/virtual.cun.edu.co\/cemp\/wp-content\/uploads\/2021\/01\/linkedind-150x150.png 150w, https:\/\/virtual.cun.edu.co\/cemp\/wp-content\/uploads\/2021\/01\/linkedind.png 512w\" sizes=\"(max-width: 25px) 100vw, 25px\" \/><\/p><p style=\"text-align: center;\"><span style=\"text-decoration: underline;\"><a href=\"https:\/\/www.linkedin.com\/in\/karem-moreno-sep%C3%BAlveda-227492176\/\" target=\"_blank\" rel=\"noopener\">Perfil de LinkedIn<\/a><\/span><\/p><\/div>\n\t\t\t\t\t\t\t\t\t<div class=\"elementor-tab-title elementor-tab-mobile-title\" aria-selected=\"false\" data-tab=\"2\" role=\"tab\" tabindex=\"-1\" aria-controls=\"elementor-tab-content-1902\" aria-expanded=\"false\">PERFIL PROFESIONAL<\/div>\n\t\t\t\t\t<div id=\"elementor-tab-content-1902\" class=\"elementor-tab-content elementor-clearfix\" data-tab=\"2\" role=\"tabpanel\" aria-labelledby=\"elementor-tab-title-1902\" tabindex=\"0\" hidden=\"hidden\"><p style=\"text-align: center;\"><span class=\"lt-line-clamp__line\">Profesional en Comunicaci\u00f3n y especialista de mercadeo en proceso. Apasionada por la radio y entusiasta por el<\/span>\u00a0<span class=\"lt-line-clamp__line\">Marketing y desarrollo empresarial, con conocimientos b\u00e1sicos de edici\u00f3n de v\u00eddeo, imagen y audio, amante de la<\/span>\u00a0<span class=\"lt-line-clamp__line lt-line-clamp__line--last\">planeaci\u00f3n y generaci\u00f3n de estrategias comunicativas, desarrolladora de proyectos de innovaci\u00f3n empresarial.<\/span>\u00a0<\/p><\/div>\n\t\t\t\t\t\t\t<\/div>\n\t\t<\/div>\n\t\t\t\t<\/div>\n\t\t\t\t<\/div>\n\t\t\t\t\t<\/div>\n\t\t<\/div>\n\t\t\t\t\t\t\t<\/div>\n\t\t<\/section>\n\t\t\t\t\t\t\t<\/div>\n\t\t","protected":false},"excerpt":{"rendered":"<p>Para este 2020 Colombia por nacimiento de emprendedores se enlista en el s\u00e9ptimo puesto a nivel mundial, incluso supera la tasa de potenciales nuevos empresarios (Experiencias, 2020), un pa\u00eds que no se reinventa, se rebusca todos los d\u00edas y justamente de ese rebusque hay un 26.1% de emprendedores que tienen un nivel de educaci\u00f3n primaria [&hellip;]<\/p>\n","protected":false},"author":1,"featured_media":0,"comment_status":"open","ping_status":"open","sticky":false,"template":"","format":"standard","meta":[],"categories":[1],"tags":[],"_links":{"self":[{"href":"https:\/\/virtual.cun.edu.co\/cemp\/wp-json\/wp\/v2\/posts\/2048"}],"collection":[{"href":"https:\/\/virtual.cun.edu.co\/cemp\/wp-json\/wp\/v2\/posts"}],"about":[{"href":"https:\/\/virtual.cun.edu.co\/cemp\/wp-json\/wp\/v2\/types\/post"}],"author":[{"embeddable":true,"href":"https:\/\/virtual.cun.edu.co\/cemp\/wp-json\/wp\/v2\/users\/1"}],"replies":[{"embeddable":true,"href":"https:\/\/virtual.cun.edu.co\/cemp\/wp-json\/wp\/v2\/comments?post=2048"}],"version-history":[{"count":3,"href":"https:\/\/virtual.cun.edu.co\/cemp\/wp-json\/wp\/v2\/posts\/2048\/revisions"}],"predecessor-version":[{"id":2996,"href":"https:\/\/virtual.cun.edu.co\/cemp\/wp-json\/wp\/v2\/posts\/2048\/revisions\/2996"}],"wp:attachment":[{"href":"https:\/\/virtual.cun.edu.co\/cemp\/wp-json\/wp\/v2\/media?parent=2048"}],"wp:term":[{"taxonomy":"category","embeddable":true,"href":"https:\/\/virtual.cun.edu.co\/cemp\/wp-json\/wp\/v2\/categories?post=2048"},{"taxonomy":"post_tag","embeddable":true,"href":"https:\/\/virtual.cun.edu.co\/cemp\/wp-json\/wp\/v2\/tags?post=2048"}],"curies":[{"name":"wp","href":"https:\/\/api.w.org\/{rel}","templated":true}]}}