{"id":1986,"date":"2020-11-05T16:57:36","date_gmt":"2020-11-05T16:57:36","guid":{"rendered":"https:\/\/virtual.cun.edu.co\/cemp\/?p=1986"},"modified":"2021-01-26T21:10:56","modified_gmt":"2021-01-26T21:10:56","slug":"adaptarnos-a-la-generacion","status":"publish","type":"post","link":"https:\/\/virtual.cun.edu.co\/cemp\/2020\/11\/05\/adaptarnos-a-la-generacion\/","title":{"rendered":"\u00bfADAPTARNOS A LA GENERACI\u00d3N?"},"content":{"rendered":"\t\t<div data-elementor-type=\"wp-post\" data-elementor-id=\"1986\" class=\"elementor elementor-1986\">\n\t\t\t\t\t\t\t\t\t<section class=\"elementor-section elementor-top-section elementor-element elementor-element-5c19929 elementor-section-boxed elementor-section-height-default elementor-section-height-default\" data-id=\"5c19929\" data-element_type=\"section\">\n\t\t\t\t\t\t<div class=\"elementor-container elementor-column-gap-default\">\n\t\t\t\t\t<div class=\"elementor-column elementor-col-50 elementor-top-column elementor-element elementor-element-960a872\" data-id=\"960a872\" data-element_type=\"column\">\n\t\t\t<div class=\"elementor-widget-wrap elementor-element-populated\">\n\t\t\t\t\t\t\t\t<div class=\"elementor-element elementor-element-df4400b elementor-widget elementor-widget-image\" data-id=\"df4400b\" data-element_type=\"widget\" data-widget_type=\"image.default\">\n\t\t\t\t<div class=\"elementor-widget-container\">\n\t\t\t\t\t\t\t\t\t\t\t\t\t\t\t<img decoding=\"async\" src=\"https:\/\/virtual.cun.edu.co\/cemp\/wp-content\/uploads\/2020\/11\/ADAPTARSE-08-2.png\" title=\"\" alt=\"\" loading=\"lazy\" \/>\t\t\t\t\t\t\t\t\t\t\t\t\t\t\t<\/div>\n\t\t\t\t<\/div>\n\t\t\t\t\t<\/div>\n\t\t<\/div>\n\t\t\t\t<div class=\"elementor-column elementor-col-50 elementor-top-column elementor-element elementor-element-8069bca\" data-id=\"8069bca\" data-element_type=\"column\">\n\t\t\t<div class=\"elementor-widget-wrap elementor-element-populated\">\n\t\t\t\t\t\t\t\t<div class=\"elementor-element elementor-element-cb84ed2 elementor-widget elementor-widget-text-editor\" data-id=\"cb84ed2\" data-element_type=\"widget\" data-widget_type=\"text-editor.default\">\n\t\t\t\t<div class=\"elementor-widget-container\">\n\t\t\t\t\t\t\t<p>Recuerdo muy bien el grado d\u00e9cimo y once de mi bachillerato en un colegio femenino, batallas constantes para sobrevivir a las variaciones hormonales de mi desarrollo y lidiar con Guillermo, mi profesor de qu\u00edmica; un ser cuyo carisma fue expulsado de su cuerpo, \u00a1no entiendo a\u00fan c\u00f3mo lleg\u00f3 a ser profesor!, pero tal como muestra Pink Floyd en su cr\u00edtica a la educaci\u00f3n, Guillermo era el t\u00edpico personaje que llegaba al aula a deshacerse de sus frustraciones personales, \u201c\u00a1brutas!\u201d Nos dec\u00eda.<br>Por supuesto<span style=\"color: #2db5b5;\"> sus clases tambi\u00e9n carec\u00edan de pedagog\u00eda, no me motivaba en lo m\u00e1s m\u00ednimo, no me impulsaba a aprender, no utilizaba contenido creativo y jam\u00e1s me acompa\u00f1\u00f3 en el proceso<\/span>; \u00e9l sol\u00eda decir \u201custedes vienen al colegio a aprender de m\u00ed, y deben adaptarse a mi manera de ense\u00f1ar y de pensar porque solo de esa forma van a tener verdaderos conocimientos y no quedarse huecas&#8221;&nbsp;<span style=\"font-size: 16px; background-color: transparent;\">\u00a1Que equivo<\/span><span style=\"font-size: 16px; background-color: transparent;\">cado estaba mi profesor de qu\u00edmica!<\/span><\/p>\t\t\t\t\t\t<\/div>\n\t\t\t\t<\/div>\n\t\t\t\t\t<\/div>\n\t\t<\/div>\n\t\t\t\t\t\t\t<\/div>\n\t\t<\/section>\n\t\t\t\t<section class=\"elementor-section elementor-top-section elementor-element elementor-element-08ddff4 elementor-section-boxed elementor-section-height-default elementor-section-height-default\" data-id=\"08ddff4\" data-element_type=\"section\">\n\t\t\t\t\t\t<div class=\"elementor-container elementor-column-gap-default\">\n\t\t\t\t\t<div class=\"elementor-column elementor-col-100 elementor-top-column elementor-element elementor-element-d5927f6\" data-id=\"d5927f6\" data-element_type=\"column\">\n\t\t\t<div class=\"elementor-widget-wrap elementor-element-populated\">\n\t\t\t\t\t\t\t\t<div class=\"elementor-element elementor-element-05a4f3b elementor-widget elementor-widget-text-editor\" data-id=\"05a4f3b\" data-element_type=\"widget\" data-widget_type=\"text-editor.default\">\n\t\t\t\t<div class=\"elementor-widget-container\">\n\t\t\t\t\t\t\t<p>Ahora que soy docente y a la vez estudiante tengo la plena certeza que<span style=\"color: #2f9e9e;\"> somos los docentes quienes debemos tener la capacidad de adaptarnos a los cambios sociales, educativos, tecnol\u00f3gicos y sobre todo al cambio de pensamiento y formas de aprender de cada individuo.<\/span> Lo correcto es adaptarnos a la generaci\u00f3n, no que la generaci\u00f3n se adapte a nosotros, all\u00ed radica la esencia de la mediaci\u00f3n pedag\u00f3gica, t\u00e9rmino entendido por Daniel Prieto como \u201cla tarea de acompa\u00f1ar y promover el aprendizaje\u201d. A continuaci\u00f3n se desarrolla el concepto en entornos presenciales y virtuales, bajo las premisas de autores como Francisco Gutierrez &amp; Daniel Prieto\u00a0<span style=\"font-size: 16px; background-color: transparent;\">(1992), Ant-onieta Reyes y Vygotsky (2000).<\/span><\/p><p>Los educadores en trasfondo<span style=\"color: #2f9e9e;\"> no somos \u00fanicamente profesores o maestros, somos motivadores, conferencistas, consejeros<\/span>, como expresa Antonieta reyes \u201clos educadores somos artistas del discurso\u201d, esto por supuesto implica que la comunicaci\u00f3n sea un factor clave en la ense\u00f1anza y la pedagog\u00eda; la comunicaci\u00f3n est\u00e1 presente en el lenguaje corporal, en la manera en que nos expresamos de forma verbal incluyendo palabras, entonaci\u00f3n, intenci\u00f3n, estilo, contexto, y por supuesto otros medios como el escrito e ilustrativo. Como podemos apreciar, <span style=\"color: #2f9e9e;\">la comunicaci\u00f3n es sumamente ampl\u00eda y se contempla tanto en las aulas presenciales como en las aulas virtuales<\/span>, siendo esta \u00faltima categorizada como mediador pedag\u00f3gico puesto que a trav\u00e9s de internet y herramientas digitales se orienta al estudiante y se facilita el aprendizaje y motivaci\u00f3n hacia la educaci\u00f3n, por lo tanto estos espacios online son seg\u00fan Reyes \u201cuna nueva forma viable del proceso ense\u00f1anza aprendizaje, la cual necesita de un profesional&#8230; al cual se le reconoce con el nombre de Tutor Virtual, Profesor Virtual o Educador Virtual\u201d. En este contexto <span style=\"color: #2f9e9e;\">las nuevas tecnolog\u00edas pasan a ser complemento del discurso educativo que fomenta a su vez el autoaprendizaje y autorregulaci\u00f3n.<\/span><\/p>\t\t\t\t\t\t<\/div>\n\t\t\t\t<\/div>\n\t\t\t\t\t<\/div>\n\t\t<\/div>\n\t\t\t\t\t\t\t<\/div>\n\t\t<\/section>\n\t\t\t\t<section class=\"elementor-section elementor-top-section elementor-element elementor-element-9ca4d0b elementor-section-boxed elementor-section-height-default elementor-section-height-default\" data-id=\"9ca4d0b\" data-element_type=\"section\">\n\t\t\t\t\t\t<div class=\"elementor-container elementor-column-gap-default\">\n\t\t\t\t\t<div class=\"elementor-column elementor-col-100 elementor-top-column elementor-element elementor-element-4066d59\" data-id=\"4066d59\" data-element_type=\"column\">\n\t\t\t<div class=\"elementor-widget-wrap elementor-element-populated\">\n\t\t\t\t\t\t\t\t<div class=\"elementor-element elementor-element-e785d47 elementor-widget elementor-widget-image\" data-id=\"e785d47\" data-element_type=\"widget\" data-widget_type=\"image.default\">\n\t\t\t\t<div class=\"elementor-widget-container\">\n\t\t\t\t\t\t\t\t\t\t\t\t\t\t\t<img decoding=\"async\" src=\"https:\/\/virtual.cun.edu.co\/cemp\/wp-content\/uploads\/2020\/11\/ADAPTARSE-09.png\" title=\"\" alt=\"\" loading=\"lazy\" \/>\t\t\t\t\t\t\t\t\t\t\t\t\t\t\t<\/div>\n\t\t\t\t<\/div>\n\t\t\t\t<div class=\"elementor-element elementor-element-1217ee6 elementor-widget elementor-widget-text-editor\" data-id=\"1217ee6\" data-element_type=\"widget\" data-widget_type=\"text-editor.default\">\n\t\t\t\t<div class=\"elementor-widget-container\">\n\t\t\t\t\t\t\t<p>Francisco Gutierrez y Daniel Prieto (1992) destacan la importancia del discurso, la capacidad del saber narrar logrando un proceso de comunicaci\u00f3n rico, mutuo y que genere empat\u00eda.<span style=\"color: #2b9999;\"> El aprendizaje se logra compartiendo conocimientos, experiencias, intercambiando puntos de vista y dialogando, por esta raz\u00f3n los modelos educativos tradicionales basados en una comunicaci\u00f3n unidireccional \u00a1est\u00e1n mandados a recoger! <\/span>Muchos de los docentes tuvieron gran preocupaci\u00f3n al momento de verse en la obligaci\u00f3n de incluir en su discurso las TIC, sin embargo <span style=\"color: #2b9999;\">\u201csi un material de&nbsp;<span style=\"font-size: 16px; background-color: transparent;\">estudio a distancia representa en forma consistente un proceso comunicacional,&nbsp;<\/span><span style=\"font-size: 16px; background-color: transparent;\">de manera que se perciba como una conversaci\u00f3n, los estudiantes se motivar\u00e1n&nbsp;<\/span><span style=\"font-size: 16px; background-color: transparent;\">m\u00e1s y tendr\u00e1n mayor \u00e9xito que con un material de estudio con las caracter\u00edsticas&nbsp;<\/span><\/span><span style=\"font-size: 16px; background-color: transparent;\"><span style=\"color: #2b9999;\">del libro de texto impersonal\u201d (Holmberg, B.; 1990).<\/span> A lo anterior debo sumar que&nbsp;<\/span><span style=\"font-size: 16px; background-color: transparent;\">es indispensable la presencia del dinamismo, creatividad y atracci\u00f3n en dicha&nbsp;<\/span><span style=\"font-size: 16px; background-color: transparent;\">conversaci\u00f3n.<\/span><\/p>\n<p><\/p>\n<p>Adem\u00e1s de la comunicaci\u00f3n, la mediaci\u00f3n pedag\u00f3gica est\u00e1 arraigada tambi\u00e9n por el modelo tem\u00e1tico el cual se enfoca en los contenidos utilizados para ense\u00f1ar, y la metacognici\u00f3n expresada como la capacidad para autorregular procesos de aprendizaje. <span style=\"color: #2b9999;\">Reyes establece cinco componentes de las estrategias para la&nbsp;<\/span><span style=\"color: #2b9999;\">mediaci\u00f3n pedag\u00f3gica:<\/span><\/p>\t\t\t\t\t\t<\/div>\n\t\t\t\t<\/div>\n\t\t\t\t\t<\/div>\n\t\t<\/div>\n\t\t\t\t\t\t\t<\/div>\n\t\t<\/section>\n\t\t\t\t<section class=\"elementor-section elementor-top-section elementor-element elementor-element-49d8667 elementor-section-boxed elementor-section-height-default elementor-section-height-default\" data-id=\"49d8667\" data-element_type=\"section\">\n\t\t\t\t\t\t<div class=\"elementor-container elementor-column-gap-default\">\n\t\t\t\t\t<div class=\"elementor-column elementor-col-100 elementor-top-column elementor-element elementor-element-8e66259\" data-id=\"8e66259\" data-element_type=\"column\">\n\t\t\t<div class=\"elementor-widget-wrap elementor-element-populated\">\n\t\t\t\t\t\t\t\t<div class=\"elementor-element elementor-element-d4569c2 elementor-tabs-view-horizontal elementor-widget elementor-widget-tabs\" data-id=\"d4569c2\" data-element_type=\"widget\" data-widget_type=\"tabs.default\">\n\t\t\t\t<div class=\"elementor-widget-container\">\n\t\t\t\t\t<div class=\"elementor-tabs\">\n\t\t\t<div class=\"elementor-tabs-wrapper\" role=\"tablist\" >\n\t\t\t\t\t\t\t\t\t<div id=\"elementor-tab-title-2221\" class=\"elementor-tab-title elementor-tab-desktop-title\" aria-selected=\"true\" data-tab=\"1\" role=\"tab\" tabindex=\"0\" aria-controls=\"elementor-tab-content-2221\" aria-expanded=\"false\">1<\/div>\n\t\t\t\t\t\t\t\t\t<div id=\"elementor-tab-title-2222\" class=\"elementor-tab-title elementor-tab-desktop-title\" aria-selected=\"false\" data-tab=\"2\" role=\"tab\" tabindex=\"-1\" aria-controls=\"elementor-tab-content-2222\" aria-expanded=\"false\">2<\/div>\n\t\t\t\t\t\t\t\t\t<div id=\"elementor-tab-title-2223\" class=\"elementor-tab-title elementor-tab-desktop-title\" aria-selected=\"false\" data-tab=\"3\" role=\"tab\" tabindex=\"-1\" aria-controls=\"elementor-tab-content-2223\" aria-expanded=\"false\">3<\/div>\n\t\t\t\t\t\t\t\t\t<div id=\"elementor-tab-title-2224\" class=\"elementor-tab-title elementor-tab-desktop-title\" aria-selected=\"false\" data-tab=\"4\" role=\"tab\" tabindex=\"-1\" aria-controls=\"elementor-tab-content-2224\" aria-expanded=\"false\">4<\/div>\n\t\t\t\t\t\t\t\t\t<div id=\"elementor-tab-title-2225\" class=\"elementor-tab-title elementor-tab-desktop-title\" aria-selected=\"false\" data-tab=\"5\" role=\"tab\" tabindex=\"-1\" aria-controls=\"elementor-tab-content-2225\" aria-expanded=\"false\">5<\/div>\n\t\t\t\t\t\t\t<\/div>\n\t\t\t<div class=\"elementor-tabs-content-wrapper\" role=\"tablist\" aria-orientation=\"vertical\">\n\t\t\t\t\t\t\t\t\t<div class=\"elementor-tab-title elementor-tab-mobile-title\" aria-selected=\"true\" data-tab=\"1\" role=\"tab\" tabindex=\"0\" aria-controls=\"elementor-tab-content-2221\" aria-expanded=\"false\">1<\/div>\n\t\t\t\t\t<div id=\"elementor-tab-content-2221\" class=\"elementor-tab-content elementor-clearfix\" data-tab=\"1\" role=\"tabpanel\" aria-labelledby=\"elementor-tab-title-2221\" tabindex=\"0\" hidden=\"false\"><p style=\"text-align: center;\">De orden psicol\u00f3gico: motivaci\u00f3n<\/p><p><img decoding=\"async\" loading=\"lazy\" class=\"size-medium wp-image-1994 aligncenter\" src=\"https:\/\/virtual.cun.edu.co\/cemp\/wp-content\/uploads\/2020\/11\/motivacion-293x300.png\" alt=\"\" width=\"293\" height=\"300\" \/><\/p><\/div>\n\t\t\t\t\t\t\t\t\t<div class=\"elementor-tab-title elementor-tab-mobile-title\" aria-selected=\"false\" data-tab=\"2\" role=\"tab\" tabindex=\"-1\" aria-controls=\"elementor-tab-content-2222\" aria-expanded=\"false\">2<\/div>\n\t\t\t\t\t<div id=\"elementor-tab-content-2222\" class=\"elementor-tab-content elementor-clearfix\" data-tab=\"2\" role=\"tabpanel\" aria-labelledby=\"elementor-tab-title-2222\" tabindex=\"0\" hidden=\"hidden\"><p style=\"text-align: center;\">De orden filos\u00f3fico: reflexi\u00f3n.<\/p><p><img decoding=\"async\" loading=\"lazy\" class=\"size-medium wp-image-1995 aligncenter\" src=\"https:\/\/virtual.cun.edu.co\/cemp\/wp-content\/uploads\/2020\/11\/REFLEXION-293x300.png\" alt=\"\" width=\"293\" height=\"300\" \/><\/p><\/div>\n\t\t\t\t\t\t\t\t\t<div class=\"elementor-tab-title elementor-tab-mobile-title\" aria-selected=\"false\" data-tab=\"3\" role=\"tab\" tabindex=\"-1\" aria-controls=\"elementor-tab-content-2223\" aria-expanded=\"false\">3<\/div>\n\t\t\t\t\t<div id=\"elementor-tab-content-2223\" class=\"elementor-tab-content elementor-clearfix\" data-tab=\"3\" role=\"tabpanel\" aria-labelledby=\"elementor-tab-title-2223\" tabindex=\"0\" hidden=\"hidden\"><p style=\"text-align: center;\">De orden pol\u00edtico: acci\u00f3n<\/p><p><img decoding=\"async\" loading=\"lazy\" class=\"size-medium wp-image-1991 aligncenter\" src=\"https:\/\/virtual.cun.edu.co\/cemp\/wp-content\/uploads\/2020\/11\/ACCION-300x300.png\" alt=\"\" width=\"300\" height=\"300\" \/><\/p><\/div>\n\t\t\t\t\t\t\t\t\t<div class=\"elementor-tab-title elementor-tab-mobile-title\" aria-selected=\"false\" data-tab=\"4\" role=\"tab\" tabindex=\"-1\" aria-controls=\"elementor-tab-content-2224\" aria-expanded=\"false\">4<\/div>\n\t\t\t\t\t<div id=\"elementor-tab-content-2224\" class=\"elementor-tab-content elementor-clearfix\" data-tab=\"4\" role=\"tabpanel\" aria-labelledby=\"elementor-tab-title-2224\" tabindex=\"0\" hidden=\"hidden\"><p style=\"text-align: center;\">De orden pedag\u00f3gico: interdisciplinariedad<img decoding=\"async\" loading=\"lazy\" class=\"size-medium wp-image-1992 aligncenter\" src=\"https:\/\/virtual.cun.edu.co\/cemp\/wp-content\/uploads\/2020\/11\/INTERDISIPLINA-293x300.png\" alt=\"\" width=\"293\" height=\"300\" \/><\/p><\/div>\n\t\t\t\t\t\t\t\t\t<div class=\"elementor-tab-title elementor-tab-mobile-title\" aria-selected=\"false\" data-tab=\"5\" role=\"tab\" tabindex=\"-1\" aria-controls=\"elementor-tab-content-2225\" aria-expanded=\"false\">5<\/div>\n\t\t\t\t\t<div id=\"elementor-tab-content-2225\" class=\"elementor-tab-content elementor-clearfix\" data-tab=\"5\" role=\"tabpanel\" aria-labelledby=\"elementor-tab-title-2225\" tabindex=\"0\" hidden=\"hidden\"><p style=\"text-align: center;\">De orden tecnol\u00f3gico: mediaci\u00f3n<\/p><p><img decoding=\"async\" loading=\"lazy\" class=\"size-medium wp-image-1993 aligncenter\" src=\"https:\/\/virtual.cun.edu.co\/cemp\/wp-content\/uploads\/2020\/11\/MEDIACION-293x300.png\" alt=\"\" width=\"293\" height=\"300\" \/><\/p><\/div>\n\t\t\t\t\t\t\t<\/div>\n\t\t<\/div>\n\t\t\t\t<\/div>\n\t\t\t\t<\/div>\n\t\t\t\t\t<\/div>\n\t\t<\/div>\n\t\t\t\t\t\t\t<\/div>\n\t\t<\/section>\n\t\t\t\t<section class=\"elementor-section elementor-top-section elementor-element elementor-element-b228e8e elementor-section-boxed elementor-section-height-default elementor-section-height-default\" data-id=\"b228e8e\" data-element_type=\"section\">\n\t\t\t\t\t\t<div class=\"elementor-container elementor-column-gap-default\">\n\t\t\t\t\t<div class=\"elementor-column elementor-col-100 elementor-top-column elementor-element elementor-element-da8947b\" data-id=\"da8947b\" data-element_type=\"column\">\n\t\t\t<div class=\"elementor-widget-wrap elementor-element-populated\">\n\t\t\t\t\t\t\t\t<div class=\"elementor-element elementor-element-a4fbad9 elementor-widget elementor-widget-text-editor\" data-id=\"a4fbad9\" data-element_type=\"widget\" data-widget_type=\"text-editor.default\">\n\t\t\t\t<div class=\"elementor-widget-container\">\n\t\t\t\t\t\t\t<p>Por otro lado, Vygotsky abarca m\u00e9todos como proporcionar caminos alternativos para solucionar problemas incluyendo una enorme variedad de materiales, este autor los denominaba \u201cayudas externas\u201d las cuales pod\u00edan ser utilizadas de diferentes maneras para cubrir las necesidades de los estudiantes. Si bien en la ense\u00f1anza virtual y a distancia la mediaci\u00f3n virtual se da a trav\u00e9s de las aulas virtuales y herramientas digitales, en la ense\u00f1anza presencial el profesor cumple&nbsp;el rol de mediador pedag\u00f3gico y aqu\u00ed radica otra de las t\u00e1cticas del psic\u00f3logo ruso, imponer al individuo una tarea que superara su conocimiento y capacidades con el prop\u00f3sito de fomentar el desarrollo de nuevas habilidades.<\/p>\n<p>En la teor\u00eda de Vygotsky aparece el t\u00e9rmino \u0301zona de desarrollo pr\u00f3ximo \u0301 (ZDP) la&nbsp;<span style=\"font-size: 16px; background-color: transparent;\">cual es la distancia entre el nivel de desarrollo real (resoluci\u00f3n independiente de&nbsp;<\/span><span style=\"font-size: 16px; background-color: transparent;\">problemas) y el nivel de desarrollo potencial (resoluci\u00f3n de problemas bajo la gu\u00eda&nbsp;<\/span><span style=\"font-size: 16px; background-color: transparent;\">de un individuo capacitado). El nivel inferior es donde se encuentra ubicado el&nbsp;<\/span><span style=\"font-size: 16px; background-color: transparent;\">individuo que a\u00fan no ha desarrollado sus capacidades y en el nivel superior se&nbsp;<\/span><span style=\"font-size: 16px; background-color: transparent;\">encuentra el individuo ya capacitado y las habilidades que se quieren obtener por&nbsp;<\/span><span style=\"font-size: 16px; background-color: transparent;\">medio de la tarea. De esta forma la zona de desarrollo pr\u00f3ximo es el espacio&nbsp;<\/span><span style=\"font-size: 16px; background-color: transparent;\">donde se utilizan las capacidades que el aprendiz posee para empezar a resolver&nbsp;<\/span><span style=\"font-size: 16px; background-color: transparent;\">una tarea sin lograr realizarla de forma independiente, por lo que necesita de una&nbsp;<\/span><span style=\"font-size: 16px; background-color: transparent;\">mediaci\u00f3n pedag\u00f3gica como un tutor y diversos contenidos para alcanzar los&nbsp;<\/span><span style=\"font-size: 16px; background-color: transparent;\">prop\u00f3sitos de dicho proceso de aprendizaje.<\/span><\/p>\t\t\t\t\t\t<\/div>\n\t\t\t\t<\/div>\n\t\t\t\t\t<\/div>\n\t\t<\/div>\n\t\t\t\t\t\t\t<\/div>\n\t\t<\/section>\n\t\t\t\t<section class=\"elementor-section elementor-top-section elementor-element elementor-element-91f6d21 elementor-section-boxed elementor-section-height-default elementor-section-height-default\" data-id=\"91f6d21\" data-element_type=\"section\">\n\t\t\t\t\t\t<div class=\"elementor-container elementor-column-gap-default\">\n\t\t\t\t\t<div class=\"elementor-column elementor-col-100 elementor-top-column elementor-element elementor-element-00c7915\" data-id=\"00c7915\" data-element_type=\"column\">\n\t\t\t<div class=\"elementor-widget-wrap elementor-element-populated\">\n\t\t\t\t\t\t\t\t<div class=\"elementor-element elementor-element-45baaba elementor-widget elementor-widget-image\" data-id=\"45baaba\" data-element_type=\"widget\" data-widget_type=\"image.default\">\n\t\t\t\t<div class=\"elementor-widget-container\">\n\t\t\t\t\t\t\t\t\t\t\t\t\t\t\t<img decoding=\"async\" src=\"https:\/\/virtual.cun.edu.co\/cemp\/wp-content\/uploads\/2020\/11\/ADAPTARSE-10.png\" title=\"\" alt=\"\" loading=\"lazy\" \/>\t\t\t\t\t\t\t\t\t\t\t\t\t\t\t<\/div>\n\t\t\t\t<\/div>\n\t\t\t\t<div class=\"elementor-element elementor-element-dee31bd elementor-widget elementor-widget-text-editor\" data-id=\"dee31bd\" data-element_type=\"widget\" data-widget_type=\"text-editor.default\">\n\t\t\t\t<div class=\"elementor-widget-container\">\n\t\t\t\t\t\t\t<p>En conclusi\u00f3n, la mediaci\u00f3n pedag\u00f3gica es el tratamiento de la comunicaci\u00f3n y diversos contenidos, f\u00edsicos o digitales, a fin de alcanzar el prop\u00f3sito de ense\u00f1ar y<br \/>aprender bajo la empat\u00eda, dinamismo, creatividad, di\u00e1logo y participaci\u00f3n, siendo las nuevas tecnolog\u00edas herramientas que facilitan y amplifican la comunicaci\u00f3n e interacci\u00f3n entre individuos, facilitando el rol del docente como mediador y re estructurando las nuevas formas de aprender a trav\u00e9s de las aulas virtuales como otro agente mediador. <span style=\"background-color: transparent; font-size: 16px;\">Si mi docente de qu\u00edmica hubiera utilizado de forma efectiva y asertiva las mediaciones pedag\u00f3gicas y tipo de comunicaci\u00f3n respectivamente seguramente la clase hubiera sido amena y no una tortura en proceso. <span style=\"color: #32a8a8;\">La tarea de acompa\u00f1ar y promover el aprendizaje es indispensable en el aula<\/span>, debemos recordar que nuestro objetivo como profesores, docentes y maestros es comunicar nuestros conocimientos y fomentar en los estudiantes el desarrollo de diversas capacidades, por esto <span style=\"color: #32a8a8;\">es imprescindible desarrollar capacidades duras frente al uso de nuevas tecnolog\u00edas y capacidades blandas entorno a la relaci\u00f3n con los aprendices<\/span>; los educadores debemos adaptarnos a las nuevas generaciones y no las nuevas generaciones adaptarse a nosotros, solo as\u00ed logramos el desarrollo educativo y social.<\/span><\/p>\t\t\t\t\t\t<\/div>\n\t\t\t\t<\/div>\n\t\t\t\t\t<\/div>\n\t\t<\/div>\n\t\t\t\t\t\t\t<\/div>\n\t\t<\/section>\n\t\t\t\t<section class=\"elementor-section elementor-top-section elementor-element elementor-element-80fb52f elementor-section-boxed elementor-section-height-default elementor-section-height-default\" data-id=\"80fb52f\" data-element_type=\"section\">\n\t\t\t\t\t\t<div class=\"elementor-container elementor-column-gap-default\">\n\t\t\t\t\t<div class=\"elementor-column elementor-col-100 elementor-top-column elementor-element elementor-element-fc07786\" data-id=\"fc07786\" data-element_type=\"column\">\n\t\t\t<div class=\"elementor-widget-wrap elementor-element-populated\">\n\t\t\t\t\t\t\t\t<div class=\"elementor-element elementor-element-f17a851 elementor-tabs-view-horizontal elementor-widget elementor-widget-tabs\" data-id=\"f17a851\" data-element_type=\"widget\" data-widget_type=\"tabs.default\">\n\t\t\t\t<div class=\"elementor-widget-container\">\n\t\t\t\t\t<div class=\"elementor-tabs\">\n\t\t\t<div class=\"elementor-tabs-wrapper\" role=\"tablist\" >\n\t\t\t\t\t\t\t\t\t<div id=\"elementor-tab-title-2531\" class=\"elementor-tab-title elementor-tab-desktop-title\" aria-selected=\"true\" data-tab=\"1\" role=\"tab\" tabindex=\"0\" aria-controls=\"elementor-tab-content-2531\" aria-expanded=\"false\">AUTOR<\/div>\n\t\t\t\t\t\t\t\t\t<div id=\"elementor-tab-title-2532\" class=\"elementor-tab-title elementor-tab-desktop-title\" aria-selected=\"false\" data-tab=\"2\" role=\"tab\" tabindex=\"-1\" aria-controls=\"elementor-tab-content-2532\" aria-expanded=\"false\">PERFIL PROFESIONAL<\/div>\n\t\t\t\t\t\t\t<\/div>\n\t\t\t<div class=\"elementor-tabs-content-wrapper\" role=\"tablist\" aria-orientation=\"vertical\">\n\t\t\t\t\t\t\t\t\t<div class=\"elementor-tab-title elementor-tab-mobile-title\" aria-selected=\"true\" data-tab=\"1\" role=\"tab\" tabindex=\"0\" aria-controls=\"elementor-tab-content-2531\" aria-expanded=\"false\">AUTOR<\/div>\n\t\t\t\t\t<div id=\"elementor-tab-content-2531\" class=\"elementor-tab-content elementor-clearfix\" data-tab=\"1\" role=\"tabpanel\" aria-labelledby=\"elementor-tab-title-2531\" tabindex=\"0\" hidden=\"false\"><p><a href=\"https:\/\/www.linkedin.com\/in\/sofiabernalurbano\/\" target=\"_blank\" rel=\"noopener\"><img decoding=\"async\" loading=\"lazy\" class=\"aligncenter wp-image-1997 size-medium\" src=\"https:\/\/virtual.cun.edu.co\/cemp\/wp-content\/uploads\/2020\/11\/26-300x300.png\" alt=\"Sof\u00eda Bernal\" width=\"300\" height=\"300\" \/><\/a><\/p><h5 style=\"text-align: center;\">Sof\u00eda Bernal<\/h5><p><img decoding=\"async\" loading=\"lazy\" class=\" wp-image-2591 aligncenter\" src=\"https:\/\/virtual.cun.edu.co\/cemp\/wp-content\/uploads\/2021\/01\/linkedind-300x300.png\" alt=\"\" width=\"25\" height=\"25\" srcset=\"https:\/\/virtual.cun.edu.co\/cemp\/wp-content\/uploads\/2021\/01\/linkedind-300x300.png 300w, https:\/\/virtual.cun.edu.co\/cemp\/wp-content\/uploads\/2021\/01\/linkedind-150x150.png 150w, https:\/\/virtual.cun.edu.co\/cemp\/wp-content\/uploads\/2021\/01\/linkedind.png 512w\" sizes=\"(max-width: 25px) 100vw, 25px\" \/><\/p><p style=\"text-align: center;\"><span style=\"text-decoration: underline;\"><a href=\"https:\/\/www.linkedin.com\/in\/sofiabernalurbano\/\" target=\"_blank\" rel=\"noopener\">Perfil de LinkedIn<\/a><\/span><\/p><\/div>\n\t\t\t\t\t\t\t\t\t<div class=\"elementor-tab-title elementor-tab-mobile-title\" aria-selected=\"false\" data-tab=\"2\" role=\"tab\" tabindex=\"-1\" aria-controls=\"elementor-tab-content-2532\" aria-expanded=\"false\">PERFIL PROFESIONAL<\/div>\n\t\t\t\t\t<div id=\"elementor-tab-content-2532\" class=\"elementor-tab-content elementor-clearfix\" data-tab=\"2\" role=\"tabpanel\" aria-labelledby=\"elementor-tab-title-2532\" tabindex=\"0\" hidden=\"hidden\"><p>Mag\u00edster en educaci\u00f3n en formaci\u00f3n, comunicadora Social- Periodista con formaci\u00f3n complementaria en Marketing Digital, TIC y Competencias Digitales. Tengo experiencia como docente de educaci\u00f3n superior, tutora de trabajos de grado, evaluadora de proyectos de emprendimiento, realizadora y presentadora de contenidos institucionales, as\u00ed como gesti\u00f3n de contenido y comunicaci\u00f3n en RRSS.<\/p><\/div>\n\t\t\t\t\t\t\t<\/div>\n\t\t<\/div>\n\t\t\t\t<\/div>\n\t\t\t\t<\/div>\n\t\t\t\t\t<\/div>\n\t\t<\/div>\n\t\t\t\t\t\t\t<\/div>\n\t\t<\/section>\n\t\t\t\t\t\t\t<\/div>\n\t\t","protected":false},"excerpt":{"rendered":"<p>Recuerdo muy bien el grado d\u00e9cimo y once de mi bachillerato en un colegio femenino, batallas constantes para sobrevivir a las variaciones hormonales de mi desarrollo y lidiar con Guillermo, mi profesor de qu\u00edmica; un ser cuyo carisma fue expulsado de su cuerpo, \u00a1no entiendo a\u00fan c\u00f3mo lleg\u00f3 a ser profesor!, pero tal como muestra [&hellip;]<\/p>\n","protected":false},"author":1,"featured_media":0,"comment_status":"open","ping_status":"open","sticky":false,"template":"","format":"standard","meta":[],"categories":[1],"tags":[],"_links":{"self":[{"href":"https:\/\/virtual.cun.edu.co\/cemp\/wp-json\/wp\/v2\/posts\/1986"}],"collection":[{"href":"https:\/\/virtual.cun.edu.co\/cemp\/wp-json\/wp\/v2\/posts"}],"about":[{"href":"https:\/\/virtual.cun.edu.co\/cemp\/wp-json\/wp\/v2\/types\/post"}],"author":[{"embeddable":true,"href":"https:\/\/virtual.cun.edu.co\/cemp\/wp-json\/wp\/v2\/users\/1"}],"replies":[{"embeddable":true,"href":"https:\/\/virtual.cun.edu.co\/cemp\/wp-json\/wp\/v2\/comments?post=1986"}],"version-history":[{"count":6,"href":"https:\/\/virtual.cun.edu.co\/cemp\/wp-json\/wp\/v2\/posts\/1986\/revisions"}],"predecessor-version":[{"id":3013,"href":"https:\/\/virtual.cun.edu.co\/cemp\/wp-json\/wp\/v2\/posts\/1986\/revisions\/3013"}],"wp:attachment":[{"href":"https:\/\/virtual.cun.edu.co\/cemp\/wp-json\/wp\/v2\/media?parent=1986"}],"wp:term":[{"taxonomy":"category","embeddable":true,"href":"https:\/\/virtual.cun.edu.co\/cemp\/wp-json\/wp\/v2\/categories?post=1986"},{"taxonomy":"post_tag","embeddable":true,"href":"https:\/\/virtual.cun.edu.co\/cemp\/wp-json\/wp\/v2\/tags?post=1986"}],"curies":[{"name":"wp","href":"https:\/\/api.w.org\/{rel}","templated":true}]}}