{"id":1947,"date":"2020-11-03T16:25:33","date_gmt":"2020-11-03T16:25:33","guid":{"rendered":"https:\/\/virtual.cun.edu.co\/cemp\/?p=1947"},"modified":"2021-01-26T21:14:51","modified_gmt":"2021-01-26T21:14:51","slug":"emprendimiento-femenino","status":"publish","type":"post","link":"https:\/\/virtual.cun.edu.co\/cemp\/2020\/11\/03\/emprendimiento-femenino\/","title":{"rendered":"EMPRENDIMIENTO FEMENINO"},"content":{"rendered":"\t\t<div data-elementor-type=\"wp-post\" data-elementor-id=\"1947\" class=\"elementor elementor-1947\">\n\t\t\t\t\t\t\t\t\t<section class=\"elementor-section elementor-top-section elementor-element elementor-element-6a909c0 elementor-section-boxed elementor-section-height-default elementor-section-height-default\" data-id=\"6a909c0\" data-element_type=\"section\">\n\t\t\t\t\t\t<div class=\"elementor-container elementor-column-gap-default\">\n\t\t\t\t\t<div class=\"elementor-column elementor-col-100 elementor-top-column elementor-element elementor-element-deaebad\" data-id=\"deaebad\" data-element_type=\"column\">\n\t\t\t<div class=\"elementor-widget-wrap elementor-element-populated\">\n\t\t\t\t\t\t\t\t<div class=\"elementor-element elementor-element-e00240a elementor-widget elementor-widget-text-editor\" data-id=\"e00240a\" data-element_type=\"widget\" data-widget_type=\"text-editor.default\">\n\t\t\t\t<div class=\"elementor-widget-container\">\n\t\t\t\t\t\t\t<p>Este escrito trata de reconocer en el emprendimiento femenino una de las tantas respuestas de equidad y desarrollo buscadas por la mujer; que al igual que cualquier proceso colectivo femenino semana no solo resistencia, sino que involucra el g\u00e9nero como elemento moldeador de las sociedades e iniciativas empresariales a pesar de las brechas existentes.<\/p><p>Algunas investigaciones mencionan los inicios del emprendimiento femenino en los a\u00f1os 80 (Abanades, 2016), pero otras marcan sus principios un par de d\u00e9cadas m\u00e1s (Castiblanco, 2013). Lo interesante es que, a pesar de diferir en fechas, los emprendimientos femeninos o su vinculaci\u00f3n al campo empresarial han sido la respuesta de muchas para poseer un rol diferente al tradicional.<\/p>\t\t\t\t\t\t<\/div>\n\t\t\t\t<\/div>\n\t\t\t\t\t<\/div>\n\t\t<\/div>\n\t\t\t\t\t\t\t<\/div>\n\t\t<\/section>\n\t\t\t\t<section class=\"elementor-section elementor-top-section elementor-element elementor-element-590eaec elementor-section-boxed elementor-section-height-default elementor-section-height-default\" data-id=\"590eaec\" data-element_type=\"section\">\n\t\t\t\t\t\t<div class=\"elementor-container elementor-column-gap-default\">\n\t\t\t\t\t<div class=\"elementor-column elementor-col-100 elementor-top-column elementor-element elementor-element-a86df90\" data-id=\"a86df90\" data-element_type=\"column\">\n\t\t\t<div class=\"elementor-widget-wrap elementor-element-populated\">\n\t\t\t\t\t\t\t\t<div class=\"elementor-element elementor-element-fd18ce1 elementor-widget elementor-widget-image\" data-id=\"fd18ce1\" data-element_type=\"widget\" data-widget_type=\"image.default\">\n\t\t\t\t<div class=\"elementor-widget-container\">\n\t\t\t\t\t\t\t\t\t\t\t\t\t\t\t<img decoding=\"async\" src=\"https:\/\/virtual.cun.edu.co\/cemp\/wp-content\/uploads\/2020\/11\/EMPRENDIMIENTO-FEMENINO-02.png\" title=\"\" alt=\"\" loading=\"lazy\" \/>\t\t\t\t\t\t\t\t\t\t\t\t\t\t\t<\/div>\n\t\t\t\t<\/div>\n\t\t\t\t<div class=\"elementor-element elementor-element-c38bdc2 elementor-widget elementor-widget-text-editor\" data-id=\"c38bdc2\" data-element_type=\"widget\" data-widget_type=\"text-editor.default\">\n\t\t\t\t<div class=\"elementor-widget-container\">\n\t\t\t\t\t\t\t<p>Aunque a trav\u00e9s de los a\u00f1os <span style=\"color: #25b0b0;\">se ha resignificado el rol que posee la mujer en la sociedad,<\/span> pues tradicionalmente, las labores de las mujeres han estado orientadas a la maternidad, la crianza de los hijos e hijas y el cuidado de sus esposos (Kargwell, 2012), el g\u00e9nero al ser concebido como una construcci\u00f3n social que ha creado el imaginario del rol que debe cumplir no solo la mujer sino el hombre en la sociedad sigue imponiendo a su voluntad las habilidades y oportunidades de ambos.<\/p><p>Por tanto, ha sido complejo y dif\u00edcil la inserci\u00f3n de la mujer en el campo empresarial, a\u00fan m\u00e1s en la formulaci\u00f3n y aplicaci\u00f3n de proyectos de emprendimiento. Partidario de ello, ha sido el contexto y la definici\u00f3n cultural del g\u00e9nero que han jugado un papel importante y preponderante en la decisi\u00f3n de iniciar una actividad productiva por parte de la mujer.<\/p>\t\t\t\t\t\t<\/div>\n\t\t\t\t<\/div>\n\t\t\t\t\t<\/div>\n\t\t<\/div>\n\t\t\t\t\t\t\t<\/div>\n\t\t<\/section>\n\t\t\t\t<section class=\"elementor-section elementor-top-section elementor-element elementor-element-2bdc910 elementor-section-boxed elementor-section-height-default elementor-section-height-default\" data-id=\"2bdc910\" data-element_type=\"section\">\n\t\t\t\t\t\t<div class=\"elementor-container elementor-column-gap-default\">\n\t\t\t\t\t<div class=\"elementor-column elementor-col-100 elementor-top-column elementor-element elementor-element-2c11350\" data-id=\"2c11350\" data-element_type=\"column\">\n\t\t\t<div class=\"elementor-widget-wrap elementor-element-populated\">\n\t\t\t\t\t\t\t\t<div class=\"elementor-element elementor-element-da9a8d2 elementor-widget elementor-widget-image\" data-id=\"da9a8d2\" data-element_type=\"widget\" data-widget_type=\"image.default\">\n\t\t\t\t<div class=\"elementor-widget-container\">\n\t\t\t\t\t\t\t\t\t\t\t\t\t\t\t<img decoding=\"async\" src=\"https:\/\/virtual.cun.edu.co\/cemp\/wp-content\/uploads\/2020\/11\/EMPRENDIMIENTO-FEMENINO-04-1.png\" title=\"\" alt=\"\" loading=\"lazy\" \/>\t\t\t\t\t\t\t\t\t\t\t\t\t\t\t<\/div>\n\t\t\t\t<\/div>\n\t\t\t\t<div class=\"elementor-element elementor-element-a383a6f elementor-widget elementor-widget-text-editor\" data-id=\"a383a6f\" data-element_type=\"widget\" data-widget_type=\"text-editor.default\">\n\t\t\t\t<div class=\"elementor-widget-container\">\n\t\t\t\t\t\t\t<p>En el 2012, se menciona que los emprendedores colombianos muestran una mayor actividad emprendedora que las mujeres, por cada 100 hombres emprendedores hay 57 mujeres<br \/>emprendedoras, manteniendo las brechas entre hombres y mujeres (Castiblanco, 2013). <span style=\"color: #21b5b5;\">En el 2017, el panorama fue m\u00e1s alentador pues se refiere a la mujer y el hombre como emprendedores fuertes y con diferencias m\u00ednimas seg\u00fan estudio realizado del Global Entrepreneurship Monitor -GEM- (Las mujeres emprenden porque quieren, los hombres porque lo necesitan, marzo 8 2019). <\/span>No obstante, las cifras de la c\u00e1mara de Comercio de Bogot\u00e1 -CCB- para el mismo a\u00f1o registran que cerca al 30% de los representantes legales de los emprendimientos son mujeres, pero m\u00e1s del 70% son hombres.<\/p><p>Y es que no es para menos, pa\u00edses como Colombia en v\u00eda de desarrollo, el ambiente sociocultural en que son educadas las mujeres es adverso, sus actividades siguen siendo fuertes dentro del contexto familiar donde asumen roles directamente relacionados con la educaci\u00f3n recibida. Incluso, si se vinculan a campos diferentes, no pueden dejar o delegar sus funciones a otros (Hossain, Naser, Zaman &amp; Nuseibeh, 2009).<\/p>\t\t\t\t\t\t<\/div>\n\t\t\t\t<\/div>\n\t\t\t\t\t<\/div>\n\t\t<\/div>\n\t\t\t\t\t\t\t<\/div>\n\t\t<\/section>\n\t\t\t\t<section class=\"elementor-section elementor-top-section elementor-element elementor-element-23e6215 elementor-section-boxed elementor-section-height-default elementor-section-height-default\" data-id=\"23e6215\" data-element_type=\"section\">\n\t\t\t\t\t\t<div class=\"elementor-container elementor-column-gap-default\">\n\t\t\t\t\t<div class=\"elementor-column elementor-col-100 elementor-top-column elementor-element elementor-element-cedb946\" data-id=\"cedb946\" data-element_type=\"column\">\n\t\t\t<div class=\"elementor-widget-wrap elementor-element-populated\">\n\t\t\t\t\t\t\t\t<div class=\"elementor-element elementor-element-71883e7 elementor-widget elementor-widget-image\" data-id=\"71883e7\" data-element_type=\"widget\" data-widget_type=\"image.default\">\n\t\t\t\t<div class=\"elementor-widget-container\">\n\t\t\t\t\t\t\t\t\t\t\t\t\t\t\t<img decoding=\"async\" src=\"https:\/\/virtual.cun.edu.co\/cemp\/wp-content\/uploads\/2020\/11\/EMPRENDIMIENTO-FEMENINO-03.png\" title=\"\" alt=\"\" loading=\"lazy\" \/>\t\t\t\t\t\t\t\t\t\t\t\t\t\t\t<\/div>\n\t\t\t\t<\/div>\n\t\t\t\t<div class=\"elementor-element elementor-element-a5f3a29 elementor-widget elementor-widget-text-editor\" data-id=\"a5f3a29\" data-element_type=\"widget\" data-widget_type=\"text-editor.default\">\n\t\t\t\t<div class=\"elementor-widget-container\">\n\t\t\t\t\t\t\t<p>Todo lo anterior,\u00a0<span style=\"font-size: 18px; background-color: transparent;\">hace posible pensar que<span style=\"color: #25b0b0;\"> las barreras culturales y sociales han dificultado por\u00a0<\/span><\/span><span style=\"font-size: 18px; background-color: transparent;\"><span style=\"color: #25b0b0;\">siglos el acceso al mercado laboral en las mismas condiciones que los hombres.<\/span> No <\/span><span style=\"font-size: 18px; background-color: transparent;\">obstante, las\u00a0<\/span><span style=\"font-size: 18px; background-color: transparent;\">mujeres siguen potencializ\u00e1ndose en la educaci\u00f3n y la\u00a0 participaci\u00f3n en contextos pol\u00edticos y <\/span>econ\u00f3micos a pesar de que a\u00fan existan brechas enormes. Entre los factores que han permitido que las mujeres incursionen en los sectores econ\u00f3micos desde los negocios est\u00e1 el empoderamiento y la generaci\u00f3n de ecosistemas enfocados en apoyar el <span style=\"font-size: 18px; background-color: transparent;\">emprendimiento femenino.\u00a0<\/span><\/p><p>Los sectores principales de intervenci\u00f3n de las mujeres emprendedoras\u00a0<span style=\"font-size: 18px; background-color: transparent;\">son los servicios empresariales, moda y turismo seg\u00fan la CCB. <span style=\"color: #25b0b0;\">No ha sido un camino f\u00e1cil, pero\u00a0<\/span><\/span><span style=\"font-size: 18px; background-color: transparent; color: #25b0b0;\">lo cierto es que se ha podido cerrar un poco -con muchas dificultades- las brechas y desventajas en\u00a0<\/span><span style=\"font-size: 18px; background-color: transparent;\"><span style=\"color: #25b0b0;\">los mercados para la mujer.<\/span> Lo que ha significado, un impacto enorme en la contribuci\u00f3n del\u00a0<\/span><span style=\"font-size: 18px; background-color: transparent;\">crecimiento, desarrollo y bienestar de las sociedades.<\/span><\/p>\t\t\t\t\t\t<\/div>\n\t\t\t\t<\/div>\n\t\t\t\t<div class=\"elementor-element elementor-element-2a2dd2e elementor-widget-divider--view-line elementor-widget elementor-widget-divider\" data-id=\"2a2dd2e\" data-element_type=\"widget\" data-widget_type=\"divider.default\">\n\t\t\t\t<div class=\"elementor-widget-container\">\n\t\t\t\t\t<div class=\"elementor-divider\">\n\t\t\t<span class=\"elementor-divider-separator\">\n\t\t\t\t\t\t<\/span>\n\t\t<\/div>\n\t\t\t\t<\/div>\n\t\t\t\t<\/div>\n\t\t\t\t\t<\/div>\n\t\t<\/div>\n\t\t\t\t\t\t\t<\/div>\n\t\t<\/section>\n\t\t\t\t<section class=\"elementor-section elementor-top-section elementor-element elementor-element-5e57c41 elementor-section-boxed elementor-section-height-default elementor-section-height-default\" data-id=\"5e57c41\" data-element_type=\"section\">\n\t\t\t\t\t\t<div class=\"elementor-container elementor-column-gap-default\">\n\t\t\t\t\t<div class=\"elementor-column elementor-col-100 elementor-top-column elementor-element elementor-element-8d19e09\" data-id=\"8d19e09\" data-element_type=\"column\">\n\t\t\t<div class=\"elementor-widget-wrap\">\n\t\t\t\t\t\t\t\t\t<\/div>\n\t\t<\/div>\n\t\t\t\t\t\t\t<\/div>\n\t\t<\/section>\n\t\t\t\t<section class=\"elementor-section elementor-top-section elementor-element elementor-element-095e29b elementor-section-boxed elementor-section-height-default elementor-section-height-default\" data-id=\"095e29b\" data-element_type=\"section\">\n\t\t\t\t\t\t<div class=\"elementor-container elementor-column-gap-default\">\n\t\t\t\t\t<div class=\"elementor-column elementor-col-100 elementor-top-column elementor-element elementor-element-7aa2825\" data-id=\"7aa2825\" data-element_type=\"column\">\n\t\t\t<div class=\"elementor-widget-wrap elementor-element-populated\">\n\t\t\t\t\t\t\t\t<div class=\"elementor-element elementor-element-db63215 elementor-tabs-view-horizontal elementor-widget elementor-widget-tabs\" data-id=\"db63215\" data-element_type=\"widget\" data-widget_type=\"tabs.default\">\n\t\t\t\t<div class=\"elementor-widget-container\">\n\t\t\t\t\t<div class=\"elementor-tabs\">\n\t\t\t<div class=\"elementor-tabs-wrapper\" role=\"tablist\" >\n\t\t\t\t\t\t\t\t\t<div id=\"elementor-tab-title-2301\" class=\"elementor-tab-title elementor-tab-desktop-title\" aria-selected=\"true\" data-tab=\"1\" role=\"tab\" tabindex=\"0\" aria-controls=\"elementor-tab-content-2301\" aria-expanded=\"false\">AUTOR<\/div>\n\t\t\t\t\t\t\t\t\t<div id=\"elementor-tab-title-2302\" class=\"elementor-tab-title elementor-tab-desktop-title\" aria-selected=\"false\" data-tab=\"2\" role=\"tab\" tabindex=\"-1\" aria-controls=\"elementor-tab-content-2302\" aria-expanded=\"false\">PERFIL PROFESIONAL<\/div>\n\t\t\t\t\t\t\t<\/div>\n\t\t\t<div class=\"elementor-tabs-content-wrapper\" role=\"tablist\" aria-orientation=\"vertical\">\n\t\t\t\t\t\t\t\t\t<div class=\"elementor-tab-title elementor-tab-mobile-title\" aria-selected=\"true\" data-tab=\"1\" role=\"tab\" tabindex=\"0\" aria-controls=\"elementor-tab-content-2301\" aria-expanded=\"false\">AUTOR<\/div>\n\t\t\t\t\t<div id=\"elementor-tab-content-2301\" class=\"elementor-tab-content elementor-clearfix\" data-tab=\"1\" role=\"tabpanel\" aria-labelledby=\"elementor-tab-title-2301\" tabindex=\"0\" hidden=\"false\"><p><a href=\"https:\/\/www.linkedin.com\/in\/yenny-diaz-cardozo-8129b12a\/\"><img decoding=\"async\" loading=\"lazy\" class=\"aligncenter wp-image-1966 size-medium\" src=\"https:\/\/virtual.cun.edu.co\/cemp\/wp-content\/uploads\/2020\/11\/3-300x300.png\" alt=\"\" width=\"300\" height=\"300\" \/><\/a><\/p><h5 style=\"text-align: center;\"><strong>Yenny Diaz Cardozo<\/strong><\/h5><p><img decoding=\"async\" loading=\"lazy\" class=\" wp-image-2591 aligncenter\" src=\"https:\/\/virtual.cun.edu.co\/cemp\/wp-content\/uploads\/2021\/01\/linkedind-300x300.png\" alt=\"\" width=\"25\" height=\"25\" srcset=\"https:\/\/virtual.cun.edu.co\/cemp\/wp-content\/uploads\/2021\/01\/linkedind-300x300.png 300w, https:\/\/virtual.cun.edu.co\/cemp\/wp-content\/uploads\/2021\/01\/linkedind-150x150.png 150w, https:\/\/virtual.cun.edu.co\/cemp\/wp-content\/uploads\/2021\/01\/linkedind.png 512w\" sizes=\"(max-width: 25px) 100vw, 25px\" \/><\/p><p style=\"text-align: center;\"><span style=\"text-decoration: underline;\"><a href=\"https:\/\/www.linkedin.com\/in\/yenny-diaz-cardozo-8129b12a\/\" target=\"_blank\" rel=\"noopener\">Perfil de LinkedIn<\/a><\/span><\/p><\/div>\n\t\t\t\t\t\t\t\t\t<div class=\"elementor-tab-title elementor-tab-mobile-title\" aria-selected=\"false\" data-tab=\"2\" role=\"tab\" tabindex=\"-1\" aria-controls=\"elementor-tab-content-2302\" aria-expanded=\"false\">PERFIL PROFESIONAL<\/div>\n\t\t\t\t\t<div id=\"elementor-tab-content-2302\" class=\"elementor-tab-content elementor-clearfix\" data-tab=\"2\" role=\"tabpanel\" aria-labelledby=\"elementor-tab-title-2302\" tabindex=\"0\" hidden=\"hidden\"><p style=\"text-align: center;\">Magister en Responsabilidad Social y Sostenibilidad, psic\u00f3loga con amplio conocimiento cr\u00edtico y anal\u00edtico de lo p\u00fablico y privado. Dise\u00f1o y construcci\u00f3n de estructuras y estrategias de prevenci\u00f3n, promoci\u00f3n e intervenci\u00f3n en el sector social, empresarial y de salud. Profesional preparada para establecer relaciones interpersonales con empresas, instituciones u organismos.<br \/>Conocimiento y habilidad en procesos organizacionales y estrategias para el relacionamiento con colaboradores, gobierno corporativo, proveedores, clientes o cualquier stakeholders.<br \/>Experiencia en docencia universitaria desde el \u00e1rea de conocimiento de la psicolog\u00eda y aspectos sociales.<br \/>Mujer l\u00edder, comprometida y constante, con capacidades en comunicaci\u00f3n persuasiva y con enfoque al trabajo en equipo. Persona creativa con alto nivel de detalle y facilidad de adaptaci\u00f3n al cambio.<\/p><\/div>\n\t\t\t\t\t\t\t<\/div>\n\t\t<\/div>\n\t\t\t\t<\/div>\n\t\t\t\t<\/div>\n\t\t\t\t\t<\/div>\n\t\t<\/div>\n\t\t\t\t\t\t\t<\/div>\n\t\t<\/section>\n\t\t\t\t\t\t\t<\/div>\n\t\t","protected":false},"excerpt":{"rendered":"<p>Este escrito trata de reconocer en el emprendimiento femenino una de las tantas respuestas de equidad y desarrollo buscadas por la mujer; que al igual que cualquier proceso colectivo femenino semana no solo resistencia, sino que involucra el g\u00e9nero como elemento moldeador de las sociedades e iniciativas empresariales a pesar de las brechas existentes. Algunas [&hellip;]<\/p>\n","protected":false},"author":1,"featured_media":0,"comment_status":"open","ping_status":"open","sticky":false,"template":"","format":"standard","meta":[],"categories":[1],"tags":[],"_links":{"self":[{"href":"https:\/\/virtual.cun.edu.co\/cemp\/wp-json\/wp\/v2\/posts\/1947"}],"collection":[{"href":"https:\/\/virtual.cun.edu.co\/cemp\/wp-json\/wp\/v2\/posts"}],"about":[{"href":"https:\/\/virtual.cun.edu.co\/cemp\/wp-json\/wp\/v2\/types\/post"}],"author":[{"embeddable":true,"href":"https:\/\/virtual.cun.edu.co\/cemp\/wp-json\/wp\/v2\/users\/1"}],"replies":[{"embeddable":true,"href":"https:\/\/virtual.cun.edu.co\/cemp\/wp-json\/wp\/v2\/comments?post=1947"}],"version-history":[{"count":3,"href":"https:\/\/virtual.cun.edu.co\/cemp\/wp-json\/wp\/v2\/posts\/1947\/revisions"}],"predecessor-version":[{"id":3020,"href":"https:\/\/virtual.cun.edu.co\/cemp\/wp-json\/wp\/v2\/posts\/1947\/revisions\/3020"}],"wp:attachment":[{"href":"https:\/\/virtual.cun.edu.co\/cemp\/wp-json\/wp\/v2\/media?parent=1947"}],"wp:term":[{"taxonomy":"category","embeddable":true,"href":"https:\/\/virtual.cun.edu.co\/cemp\/wp-json\/wp\/v2\/categories?post=1947"},{"taxonomy":"post_tag","embeddable":true,"href":"https:\/\/virtual.cun.edu.co\/cemp\/wp-json\/wp\/v2\/tags?post=1947"}],"curies":[{"name":"wp","href":"https:\/\/api.w.org\/{rel}","templated":true}]}}