{"id":1351,"date":"2020-01-24T20:08:34","date_gmt":"2020-01-24T20:08:34","guid":{"rendered":"https:\/\/virtual.cun.edu.co\/cemp\/?p=1351"},"modified":"2020-11-09T20:41:09","modified_gmt":"2020-11-09T20:41:09","slug":"ecosostenible","status":"publish","type":"post","link":"https:\/\/virtual.cun.edu.co\/cemp\/2020\/01\/24\/ecosostenible\/","title":{"rendered":"ECOSOSTENIBLE"},"content":{"rendered":"\t\t<div data-elementor-type=\"wp-post\" data-elementor-id=\"1351\" class=\"elementor elementor-1351\">\n\t\t\t\t\t\t\t\t\t<section class=\"elementor-section elementor-top-section elementor-element elementor-element-6fa73f73 elementor-section-boxed elementor-section-height-default elementor-section-height-default\" data-id=\"6fa73f73\" data-element_type=\"section\">\n\t\t\t\t\t\t<div class=\"elementor-container elementor-column-gap-default\">\n\t\t\t\t\t<div class=\"elementor-column elementor-col-100 elementor-top-column elementor-element elementor-element-52a13324\" data-id=\"52a13324\" data-element_type=\"column\">\n\t\t\t<div class=\"elementor-widget-wrap elementor-element-populated\">\n\t\t\t\t\t\t\t\t<div class=\"elementor-element elementor-element-5b63ed04 elementor-widget elementor-widget-text-editor\" data-id=\"5b63ed04\" data-element_type=\"widget\" data-widget_type=\"text-editor.default\">\n\t\t\t\t<div class=\"elementor-widget-container\">\n\t\t\t\t\t\t\t<p><!-- wp:paragraph --><\/p>\n<p>Esta idea nace de la necesidad de fomentar el aprovechamiento de la borra del caf\u00e9 proveniente de las cafeter\u00edas y tiendas de caf\u00e9, para forjar un bajo impacto ambiental.<\/p>\n<p><!-- \/wp:paragraph --><\/p>\n<p><!-- wp:paragraph --><\/p>\n<p>El pilar m\u00e1s importante de este proceso ha sido la investigaci\u00f3n y de la mano el emprendimiento, esto ha brindado las bases y cimientos en conceptos como la revalorizaci\u00f3n de subproductos y desarrollo de nuevos productos con conciencia ambiental.<\/p>\n<p><!-- \/wp:paragraph --><\/p>\n<p><!-- wp:paragraph --><\/p>\n<p><!-- \/wp:paragraph --><\/p>\t\t\t\t\t\t<\/div>\n\t\t\t\t<\/div>\n\t\t\t\t<div class=\"elementor-element elementor-element-efcad34 elementor-widget elementor-widget-text-editor\" data-id=\"efcad34\" data-element_type=\"widget\" data-widget_type=\"text-editor.default\">\n\t\t\t\t<div class=\"elementor-widget-container\">\n\t\t\t\t\t\t\t<p>Dos de los tres integrantes de la iniciativa, pertenecen al semillero de investigaci\u00f3n agroalimentaria<span style=\"color: #6ec1e4;\"> <strong>(SIAL)<\/strong><\/span> de la CUN en la regional Tolima, los cuales han participado activamente en el desarrollo de este proyecto, el cual est\u00e1 enfocado en determinar el mejor m\u00e9todo de beneficio y extracci\u00f3n que permita incrementar la capacidad antioxidante del caf\u00e9.<\/p>\n<p>Es \u00a0all\u00ed, donde se empieza a gestar esta idea de negocio de revalorizar un subproducto como lo es la borra de caf\u00e9 en la utilizaci\u00f3n como sustrato para la producci\u00f3n de hongos comestibles; debido a esto, se toma la decisi\u00f3n de participar en una convocatoria de la unidad de emprendimiento de la universidad llamada<span style=\"color: #6ec1e4;\"> \u201c<strong>IDEA CUN<\/strong>\u201d<\/span>, en donde se pudo identificar la propuesta de valor con claridad y aplicar diferentes herramientas que les permite crear y generar productos diferenciados con un componente innovador. Esta idea de negocio est\u00e1 enfocada en la producci\u00f3n de orellanas en sustrato de borra de caf\u00e9, fundamentada en un concepto de econom\u00eda circular y de responsabilidad mbiental. La cual le brinda al proyecto, la oportunidad de incursionar en el mercado, desde una alimentaci\u00f3n consciente, permiti\u00e9ndo llegar a consumidores sofisticados y con el tiempo llegar a mercados especializados como lo es el <span style=\"color: #6ec1e4;\">\u201cmercado kosher\u201d<\/span>.<\/p>\t\t\t\t\t\t<\/div>\n\t\t\t\t<\/div>\n\t\t\t\t<div class=\"elementor-element elementor-element-a8a1433 elementor-widget elementor-widget-image\" data-id=\"a8a1433\" data-element_type=\"widget\" data-widget_type=\"image.default\">\n\t\t\t\t<div class=\"elementor-widget-container\">\n\t\t\t\t\t\t\t\t\t\t\t\t\t\t\t<img decoding=\"async\" src=\"https:\/\/virtual.cun.edu.co\/cemp\/wp-content\/uploads\/elementor\/thumbs\/articulo-ecosostenible-2-omnx9c16lnfzfw79fp0t98i7treo82g7e9oirzo2vg.png\" title=\"articulo ecosostenible 2\" alt=\"articulo ecosostenible 2\" loading=\"lazy\" \/>\t\t\t\t\t\t\t\t\t\t\t\t\t\t\t<\/div>\n\t\t\t\t<\/div>\n\t\t\t\t<div class=\"elementor-element elementor-element-7415cd0 elementor-widget elementor-widget-text-editor\" data-id=\"7415cd0\" data-element_type=\"widget\" data-widget_type=\"text-editor.default\">\n\t\t\t\t<div class=\"elementor-widget-container\">\n\t\t\t\t\t\t\t<p>En la actualidad el proyecto se encuentra en la segunda etapa de la unidad de emprendimiento denominada \u201c<span style=\"color: #6ec1e4;\"><strong>CAMACUN<\/strong><\/span>\u201d, ah\u00ed se est\u00e1n trabajando temas como: plan de negocios e investigaci\u00f3n de mercados, donde se brindan las herramientas necesarias para llevar al \u00e9xito la idea de negocio; de igual forma se est\u00e1n realizando las primeras siembras y el prototipado de productos procesados, con el fin de validar la vida \u00fatil y su aceptaci\u00f3n en el mercado.<\/p>\n<p>Sumado a lo anterior, un cliente interesado en esta iniciativa y con alta experiencia en temas a fines, le ha dado la oportunidad a <span style=\"color: #6ec1e4;\"><strong>ECOSOSTENIBLE\u00a0<\/strong><\/span>de compartir experiencias y saberes con el fin de adquirir experiencia y as\u00ed reducir riesgos a la hora emprender.<\/p>\n<p>Cabe resaltar, que los procesos anteriormente mencionados se hacen<br \/>viables teniendo en cuenta, una excelente actitud, ganas de crecer acad\u00e9micamente, empresarialmente, tener un buen equipo de trabajo y una idea de negocio llamativa; sin dejar a un lado que los procesos investigativos pueden ir articulados con el emprendimiento, en pro a mejorar los resultados durante la ejecuci\u00f3n de las ideas; solo basta creer y ponerse en acci\u00f3n utilizando el conocimiento y los recursos que est\u00e1n a la mano, ya que estos dos factores muchas veces limitan y no permiten el desarrollo como seres emprendedores.<\/p>\t\t\t\t\t\t<\/div>\n\t\t\t\t<\/div>\n\t\t\t\t\t<\/div>\n\t\t<\/div>\n\t\t\t\t\t\t\t<\/div>\n\t\t<\/section>\n\t\t\t\t<section class=\"elementor-section elementor-top-section elementor-element elementor-element-54890bd elementor-section-boxed elementor-section-height-default elementor-section-height-default\" data-id=\"54890bd\" data-element_type=\"section\">\n\t\t\t\t\t\t<div class=\"elementor-container elementor-column-gap-default\">\n\t\t\t\t\t<div class=\"elementor-column elementor-col-100 elementor-top-column elementor-element elementor-element-ddfb1b0\" data-id=\"ddfb1b0\" data-element_type=\"column\">\n\t\t\t<div class=\"elementor-widget-wrap elementor-element-populated\">\n\t\t\t\t\t\t\t\t<div class=\"elementor-element elementor-element-8586641 elementor-widget elementor-widget-text-editor\" data-id=\"8586641\" data-element_type=\"widget\" data-widget_type=\"text-editor.default\">\n\t\t\t\t<div class=\"elementor-widget-container\">\n\t\t\t\t\t\t\t<p>Para concluir<\/p>\n<p><span style=\"color: #6ec1e4;\">\u201cla mejor manera de alimentarse, es aquella que nutricionalmente aporta lo que se necesita, que socialmente se preocupa por el bienestar de las personas y que ambientalmente se responsabiliza por lo que le vamos a dejar a nuestras futuras generaciones<\/span><strong><span style=\"color: #6ec1e4;\">\u201d<\/span>\u00a0<\/strong>por esto y mucho m\u00e1s, elije siempre <strong><span style=\"color: #6ec1e4;\">ECOSOSTENIBLE<\/span>.<\/strong><\/p>\t\t\t\t\t\t<\/div>\n\t\t\t\t<\/div>\n\t\t\t\t\t<\/div>\n\t\t<\/div>\n\t\t\t\t\t\t\t<\/div>\n\t\t<\/section>\n\t\t\t\t\t\t\t<\/div>\n\t\t","protected":false},"excerpt":{"rendered":"<p>Esta idea nace de la necesidad de fomentar el aprovechamiento de la borra del caf\u00e9 proveniente de las cafeter\u00edas y tiendas de caf\u00e9, para forjar un bajo impacto ambiental. El pilar m\u00e1s importante de este proceso ha sido la investigaci\u00f3n y de la mano el emprendimiento, esto ha brindado las bases y cimientos en conceptos [&hellip;]<\/p>\n","protected":false},"author":1,"featured_media":1689,"comment_status":"open","ping_status":"open","sticky":false,"template":"","format":"standard","meta":[],"categories":[10],"tags":[],"_links":{"self":[{"href":"https:\/\/virtual.cun.edu.co\/cemp\/wp-json\/wp\/v2\/posts\/1351"}],"collection":[{"href":"https:\/\/virtual.cun.edu.co\/cemp\/wp-json\/wp\/v2\/posts"}],"about":[{"href":"https:\/\/virtual.cun.edu.co\/cemp\/wp-json\/wp\/v2\/types\/post"}],"author":[{"embeddable":true,"href":"https:\/\/virtual.cun.edu.co\/cemp\/wp-json\/wp\/v2\/users\/1"}],"replies":[{"embeddable":true,"href":"https:\/\/virtual.cun.edu.co\/cemp\/wp-json\/wp\/v2\/comments?post=1351"}],"version-history":[{"count":14,"href":"https:\/\/virtual.cun.edu.co\/cemp\/wp-json\/wp\/v2\/posts\/1351\/revisions"}],"predecessor-version":[{"id":1724,"href":"https:\/\/virtual.cun.edu.co\/cemp\/wp-json\/wp\/v2\/posts\/1351\/revisions\/1724"}],"wp:featuredmedia":[{"embeddable":true,"href":"https:\/\/virtual.cun.edu.co\/cemp\/wp-json\/wp\/v2\/media\/1689"}],"wp:attachment":[{"href":"https:\/\/virtual.cun.edu.co\/cemp\/wp-json\/wp\/v2\/media?parent=1351"}],"wp:term":[{"taxonomy":"category","embeddable":true,"href":"https:\/\/virtual.cun.edu.co\/cemp\/wp-json\/wp\/v2\/categories?post=1351"},{"taxonomy":"post_tag","embeddable":true,"href":"https:\/\/virtual.cun.edu.co\/cemp\/wp-json\/wp\/v2\/tags?post=1351"}],"curies":[{"name":"wp","href":"https:\/\/api.w.org\/{rel}","templated":true}]}}